{"id":39530,"date":"2025-12-02T16:04:17","date_gmt":"2025-12-02T15:04:17","guid":{"rendered":"https:\/\/kinit.sk\/?p=39530"},"modified":"2025-12-09T22:29:11","modified_gmt":"2025-12-09T21:29:11","slug":"kinit-a-lorai-yearly-retrospective","status":"publish","type":"post","link":"https:\/\/kinit.sk\/sk\/kinit-a-lorai-yearly-retrospective\/","title":{"rendered":"KInIT a lorAI yearly retrospective"},"content":{"rendered":"<div id=\"\" class=\"element core-paragraph\">\n<p><strong>Ka\u017ed\u00fd pr\u00edbeh m\u00e1 svoje etapy. Nad\u0161en\u00e9 za\u010diatky, chv\u00edle neistoty, ale aj momenty, ke\u010f si povieme, \u017ee to cel\u00e9 st\u00e1lo za to. My v KInITe sme sa pr\u00e1ve do takej f\u00e1zy dostali. Spolu s partnermi sme sa stretli, aby sme sa pozreli sp\u00e4\u0165 na p\u00e4\u0165 rokov spolo\u010dnej cesty. Nebolo to len \u010fal\u0161ie podujatie v kalend\u00e1ri, ale chv\u00ed\u013ea, ke\u010f sa stretli \u013eudia, ktor\u00ed veria vo v\u00fdskum, spolupr\u00e1cu, ale aj v to, \u017ee aj na Slovensku vznikaj\u00fa projekty so skuto\u010dn\u00fdm dopadom.<\/strong><\/p>\n<\/div>\n\n<div id=\"\" class=\"element core-paragraph\">\n<p>Ke\u010f 9. septembra 2020 vznikol KInIT, mali sme len v\u00edziu a ve\u013ea odhodlania. Chceli sme vytvori\u0165 miesto, ktor\u00e9 prepoj\u00ed akademikov s firmami a \u0161t\u00e1tom v oblasti umelej inteligencie na z\u00e1klade excelentnej vedy. Prepoj\u00ed talent zo v\u0161etk\u00fdch sektorov a r\u00f4znych odborov, aby sme spolo\u010dne rozv\u00edjali inov\u00e1cie, cez ktor\u00e9 bude Slovensko e\u0161te lep\u0161ie a konkurencieschopn\u00e9. Dnes vid\u00edme, \u017ee na\u0161a v\u00edzia sa nap\u013a\u0148a. Z malej skupiny nad\u0161encov sme sa stali stabiln\u00fdm partnerom pre vedcov, inov\u00e1torov aj firmy. Sme komunita, ktor\u00e1 rastie, u\u010d\u00ed sa a pos\u00fava hranice poznania \u010falej.<\/p>\n<\/div>\n\n<div id=\"\" class=\"element core-paragraph\">\n<p>Na tohtoro\u010dnom stretnut\u00ed sme sa zi\u0161li s kolegami aj partnermi KInITu, aby sme sa obzreli sp\u00e4\u0165 a trochu si pripomenuli, ako \u010faleko sme sa dostali. Vyhodnotili sme si aj prv\u00e9 kroky v projekte lorAI, ktor\u00e9ho cie\u013eom je KInIT pretvori\u0165 z rast\u00facej v\u00fdskumnej organiz\u00e1cie na udr\u017eate\u013en\u00e9 centrum excelentnosti, s v\u00fdrazn\u00fdm spolo\u010densk\u00fdm a ekonomick\u00fdm dosahom a dlhodob\u00fdm finan\u010dn\u00fdm modelom. Atmosf\u00e9ra bola nabit\u00e1 energiou, ktor\u00e1 n\u00e1s neust\u00e1le pos\u00fava vpred a z\u00e1rove\u0148 n\u00e1m pripom\u00edna, \u010do n\u00e1s na tom v\u0161etkom nap\u013a\u0148a.<\/p>\n<\/div>\n\n<div id=\"\" class=\"element core-paragraph\">\n<p>\u201cNa\u0161ou snahou je rozv\u00edja\u0165 talenty, prep\u00e1ja\u0165 akademick\u00fd, s\u00fakromn\u00fd a verejn\u00fd sektor a ukazova\u0165, \u017ee umel\u00e1 inteligencia men\u00ed svet spolu s KInITom.\u201d M\u00e1ria Bielikov\u00e1, gener\u00e1lna riadite\u013eka, KInIT.<\/p>\n<\/div>\n\n<div id=\"\" class=\"element core-image\">\n<figure class=\"wp-block-image size-large\"><img decoding=\"async\" width=\"1500\" height=\"1000\" data-src=\"https:\/\/kinit.sk\/wp-content\/uploads\/2025\/12\/549A0159-1500x1000.jpeg\" alt=\"\" class=\"wp-image-39518 lazyload\" data-srcset=\"https:\/\/kinit.sk\/wp-content\/uploads\/2025\/12\/549A0159-1500x1000.jpeg 1500w, https:\/\/kinit.sk\/wp-content\/uploads\/2025\/12\/549A0159-800x533.jpeg 800w, https:\/\/kinit.sk\/wp-content\/uploads\/2025\/12\/549A0159-768x512.jpeg 768w, https:\/\/kinit.sk\/wp-content\/uploads\/2025\/12\/549A0159-1536x1024.jpeg 1536w, https:\/\/kinit.sk\/wp-content\/uploads\/2025\/12\/549A0159-600x400.jpeg 600w, https:\/\/kinit.sk\/wp-content\/uploads\/2025\/12\/549A0159-900x600.jpeg 900w, https:\/\/kinit.sk\/wp-content\/uploads\/2025\/12\/549A0159.jpeg 2048w\" data-sizes=\"(max-width: 1500px) 100vw, 1500px\" src=\"data:image\/svg+xml;base64,PHN2ZyB3aWR0aD0iMSIgaGVpZ2h0PSIxIiB4bWxucz0iaHR0cDovL3d3dy53My5vcmcvMjAwMC9zdmciPjwvc3ZnPg==\" style=\"--smush-placeholder-width: 1500px; --smush-placeholder-aspect-ratio: 1500\/1000;\" \/><\/figure>\n<\/div>\n\n<div id=\"\" class=\"element core-heading\">\n<h2 class=\"wp-block-heading\">KInIT 5 rokov<\/h2>\n<\/div>\n\n<div id=\"\" class=\"element core-paragraph\">\n<p>Za p\u00e4\u0165 rokov sme pre\u0161li obrovsk\u00fd kus cesty. Z malej skupiny v\u00fdskumn\u00edkov, ktor\u00ed verili, \u017ee aj doma na Slovensku sa d\u00e1 robi\u0165 \u0161pi\u010dkov\u00fd v\u00fdskum, sme vyr\u00e1stli na re\u0161pektovan\u00fd in\u0161tit\u00fat s medzin\u00e1rodn\u00fdmi projektmi a desiatkami partnerov.<\/p>\n<\/div>\n\n<div id=\"\" class=\"element core-heading\">\n<h3 class=\"wp-block-heading\">\u010co sa n\u00e1m podarilo?<\/h3>\n<\/div>\n\n<div id=\"\" class=\"element core-paragraph\">\n<p><strong>To, \u010do sme dok\u00e1zali, hovor\u00ed samo za seba:<\/strong><\/p>\n<\/div>\n\n<div id=\"\" class=\"element core-list\">\n<ul class=\"wp-block-list\"><div id=\"\" class=\"element core-list-item\">\n<li><strong>Za 5 rokov sme nar\u00e1stli takmer \u0161tyrikr\u00e1t \u2013<\/strong> na za\u010diatku n\u00e1s bolo 28, teraz je n\u00e1s viac ako 120, z \u010doho je viac ako 90 v\u00fdskumn\u00edkov a in\u017einierov vr\u00e1tane st\u00e1\u017eistov a doktorandov<\/li>\n<\/div>\n\n<div id=\"\" class=\"element core-list-item\">\n<li><strong>Na za\u010diatku s\u00fakromn\u00fd sektor a dnes dve tretiny pr\u00edjmov z grantov a aplikovania poznatkov v praxi<\/strong> \u2013 v roku 2020 financovanie KInITu bolo 100% pokryt\u00e9 zo s\u00fakromn\u00e9ho sektora, firmami, ktor\u00fdch l\u00eddri uvideli pr\u00edle\u017eitos\u0165 pre bud\u00facnos\u0165 Slovenska, dnes m\u00e1 KInIT dve tretiny pr\u00edjmov z grantov a spolupr\u00e1c s podnikate\u013esk\u00fdm sektorom, \u010d\u00edm akt\u00edvne podporuje technologick\u00fd transfer v celom ekosyst\u00e9me<\/li>\n<\/div>\n\n<div id=\"\" class=\"element core-list-item\">\n<li><strong>Rozpoznanie na Eur\u00f3pskej a aj svetovej \u00farovni <\/strong>\u2013 spojenie talentov, kult\u00fary a podporn\u00e9ho priestoru pre spolupr\u00e1cu produkuje v\u00fdsledky prijat\u00e9 na \u0161pi\u010dkov\u00e9 svetov\u00e9 f\u00f3ra a zapojenie sa do konzorci\u00ed s uzn\u00e1van\u00fdmi in\u0161tit\u00faciami svetov\u00e9ho rangu. KInIT dnes vo svojich projektoch spolupracuje so 130 partnermi naprie\u010d 30 krajinami<\/li>\n<\/div>\n\n<div id=\"\" class=\"element core-list-item\">\n<li><strong>KInIT je miestom pre talenty<\/strong> \u2013 KInIT dnes l\u00e1ka talent &#8211; od st\u00e1\u017eistov, doktorandov cez v\u00fdskumn\u00edkov a in\u017einierov a\u017e po mana\u017ement grantov, HR, marketing, \u010di tech transfer&nbsp;<\/li>\n<\/div>\n\n<div id=\"\" class=\"element core-list-item\">\n<li><strong>T\u00e9my v\u00fdskumu so siln\u00fdm spolo\u010densk\u00fdm a ekonomick\u00fdm potenci\u00e1lom pre Slovensko<\/strong> \u2013 prep\u00e1jame sektory a aj odbory v t\u00e9mach umelej inteligencie, ktor\u00e9 pova\u017eujeme za k\u013e\u00fa\u010dov\u00e9 pre lep\u0161\u00ed \u017eivot &#8211; kvalita inform\u00e1ci\u00ed v dobe soci\u00e1lnych m\u00e9di\u00ed a ve\u013ek\u00fdch jazykov\u00fdch modelov, etika a regul\u00e1cie umelej inteligencie a predikt\u00edvne modelovanie pre environment\u00e1lne v\u00fdzvy&nbsp;<\/li>\n<\/div><\/ul>\n<\/div>\n\n<div id=\"\" class=\"element core-paragraph\">\n<p>Za ka\u017ed\u00fdm \u010d\u00edslom je kus odvahy a spolupr\u00e1ce, a pr\u00e1ve to s\u00fa hodnoty, ktor\u00e9 n\u00e1s pos\u00favaj\u00fa \u010falej. Toto by z\u00e1rove\u0148 nebolo mo\u017en\u00e9 bez na\u0161ich partnerov, ktor\u00ed boli pri zalo\u017een\u00ed KInITu &#8211; ESET, Tatra banka, Innovatrics, Seesame, Softec a \u010fal\u0161\u00edch, ktor\u00ed n\u00e1s po cel\u00fa t\u00fato dobu podporovali a podporuj\u00fa.&nbsp;<\/p>\n<\/div>\n\n<div id=\"\" class=\"element core-image\">\n<figure class=\"wp-block-image size-large\"><img decoding=\"async\" width=\"1500\" height=\"1000\" data-src=\"https:\/\/kinit.sk\/wp-content\/uploads\/2025\/12\/549A0404-1500x1000.jpeg\" alt=\"\" class=\"wp-image-39520 lazyload\" data-srcset=\"https:\/\/kinit.sk\/wp-content\/uploads\/2025\/12\/549A0404-1500x1000.jpeg 1500w, https:\/\/kinit.sk\/wp-content\/uploads\/2025\/12\/549A0404-800x533.jpeg 800w, https:\/\/kinit.sk\/wp-content\/uploads\/2025\/12\/549A0404-768x512.jpeg 768w, https:\/\/kinit.sk\/wp-content\/uploads\/2025\/12\/549A0404-1536x1024.jpeg 1536w, https:\/\/kinit.sk\/wp-content\/uploads\/2025\/12\/549A0404-600x400.jpeg 600w, https:\/\/kinit.sk\/wp-content\/uploads\/2025\/12\/549A0404-900x600.jpeg 900w, https:\/\/kinit.sk\/wp-content\/uploads\/2025\/12\/549A0404.jpeg 2048w\" data-sizes=\"(max-width: 1500px) 100vw, 1500px\" src=\"data:image\/svg+xml;base64,PHN2ZyB3aWR0aD0iMSIgaGVpZ2h0PSIxIiB4bWxucz0iaHR0cDovL3d3dy53My5vcmcvMjAwMC9zdmciPjwvc3ZnPg==\" style=\"--smush-placeholder-width: 1500px; --smush-placeholder-aspect-ratio: 1500\/1000;\" \/><\/figure>\n<\/div>\n\n<div id=\"\" class=\"element core-heading\">\n<h2 class=\"wp-block-heading\">Gamechangers<\/h2>\n<\/div>\n\n<div id=\"\" class=\"element core-paragraph\">\n<p>Bez \u013eud\u00ed, ktor\u00ed do tejto my\u0161lienky vlo\u017eili kus seba, by KInIT dnes nebol t\u00fdm, \u010d\u00edm je. V s\u00e9rii Gamechangers sme sa vr\u00e1tili k t\u00fdm, ktor\u00ed st\u00e1li pri jeho za\u010diatkoch, a porozpr\u00e1vali sa o tom, ako vznikal, kam sa posunul a kam m\u00e1 namieren\u00e9. Viac si m\u00f4\u017eete pre\u010d\u00edta\u0165 v <a href=\"https:\/\/kinit.sk\/sk\/kinit-gamechangers-series\/\">blogu Gamechangers<\/a>.<\/p>\n<\/div>\n\n<div id=\"\" class=\"element core-heading\">\n<h2 class=\"wp-block-heading\">lorAI<\/h2>\n<\/div>\n\n<div id=\"\" class=\"element core-paragraph\">\n<p>Ka\u017ed\u00e9 bilancovanie v sebe nesie aj poh\u013ead do bud\u00facnosti. Pre n\u00e1s m\u00e1 meno lorAI, projekt, ktor\u00fd otv\u00e1ra nov\u00fa kapitolu n\u00e1\u0161ho pr\u00edbehu a pos\u00fava n\u00e1s bli\u017e\u0161ie k cie\u013eu sta\u0165 sa eur\u00f3pskym centrom excelentn\u00e9ho v\u00fdskumu v oblasti umelej inteligencie.<\/p>\n<\/div>\n\n<div id=\"\" class=\"element core-paragraph\">\n<p>lorAI sa venuje jednej z ve\u013ek\u00fdch v\u00fdziev dne\u0161ka, a tou je, ako vytv\u00e1ra\u0165 spo\u013eahliv\u00e9 a efekt\u00edvne AI syst\u00e9my aj tam, kde ch\u00fdbaj\u00fa d\u00e1ta, ozna\u010denia \u010di v\u00fdpo\u010dtov\u00e1 kapacita. T\u00e1to t\u00e9ma je mimoriadne d\u00f4le\u017eit\u00e1 pre men\u0161ie krajiny a jazyky, ako je sloven\u010dina.<\/p>\n<\/div>\n\n<div id=\"\" class=\"element core-paragraph\">\n<p>Projekt stoj\u00ed na troch hlavn\u00fdch pilieroch: rozvoji v\u00fdskumu, podpore a pril\u00e1kan\u00ed talentov a rozvoji inov\u00e1ci\u00ed a technologick\u00e9ho transferu. Ver\u00edme, \u017ee dosah bude ove\u013ea \u0161ir\u0161\u00ed. Podpor\u00ed prepojenie r\u00f4znych sektorov a odborov, posiln\u00ed medzin\u00e1rodn\u00e9 spolupr\u00e1ce a vytvor\u00ed priestor pre mlad\u00fdch vedcov, ktor\u00ed chc\u00fa prispie\u0165 k rozvoju zodpovednej a udr\u017eate\u013enej umelej inteligencie.<\/p>\n<\/div>\n\n<div id=\"\" class=\"element core-paragraph\">\n<p>Pre n\u00e1s to znamen\u00e1 nov\u00e9 v\u00fdzvy smeruj\u00face k naplneniu na\u0161ej v\u00edzie. K\u013e\u00fa\u010dov\u00e1 je udr\u017eate\u013enos\u0165. N\u00e1js\u0165 model, ktor\u00fd umo\u017en\u00ed n\u00e1\u0161mu ekosyst\u00e9mu prija\u0165 in\u0161tit\u00faty ako je KInIT a rozmno\u017ei\u0165 ich.<\/p>\n<\/div>\n\n<div id=\"\" class=\"element core-image\">\n<figure class=\"wp-block-image size-large\"><img decoding=\"async\" width=\"1500\" height=\"1000\" data-src=\"https:\/\/kinit.sk\/wp-content\/uploads\/2025\/12\/549A0312-1500x1000.jpeg\" alt=\"\" class=\"wp-image-39514 lazyload\" data-srcset=\"https:\/\/kinit.sk\/wp-content\/uploads\/2025\/12\/549A0312-1500x1000.jpeg 1500w, https:\/\/kinit.sk\/wp-content\/uploads\/2025\/12\/549A0312-800x533.jpeg 800w, https:\/\/kinit.sk\/wp-content\/uploads\/2025\/12\/549A0312-768x512.jpeg 768w, https:\/\/kinit.sk\/wp-content\/uploads\/2025\/12\/549A0312-1536x1024.jpeg 1536w, https:\/\/kinit.sk\/wp-content\/uploads\/2025\/12\/549A0312-600x400.jpeg 600w, https:\/\/kinit.sk\/wp-content\/uploads\/2025\/12\/549A0312-900x600.jpeg 900w, https:\/\/kinit.sk\/wp-content\/uploads\/2025\/12\/549A0312.jpeg 2048w\" data-sizes=\"(max-width: 1500px) 100vw, 1500px\" src=\"data:image\/svg+xml;base64,PHN2ZyB3aWR0aD0iMSIgaGVpZ2h0PSIxIiB4bWxucz0iaHR0cDovL3d3dy53My5vcmcvMjAwMC9zdmciPjwvc3ZnPg==\" style=\"--smush-placeholder-width: 1500px; --smush-placeholder-aspect-ratio: 1500\/1000;\" \/><\/figure>\n<\/div>\n\n<div id=\"\" class=\"element core-heading\">\n<h2 class=\"wp-block-heading\">Z\u00e1ver<\/h2>\n<\/div>\n\n<div id=\"\" class=\"element core-paragraph\">\n<p>KInIT tvoria predov\u0161etk\u00fdm \u013eudia, t\u00ed, ktor\u00ed veria v zmysel vedy a silu spolupr\u00e1ce a v to, \u017ee aj v malej krajine sa daj\u00fa robi\u0165 veci so svetov\u00fdm dosadom. P\u00e4\u0165 rokov m\u00e1me za sebou, no pred sebou e\u0161te viac v\u00fdziev: pokra\u010dova\u0165 a pos\u00fava\u0165 hranice \u010falej.<\/p>\n<\/div>\n\n<div id=\"\" class=\"element core-paragraph\">\n<p>S projektom lorAI vstupujeme do n\u00e1ro\u010dnej transform\u00e1cie. Chceme h\u013eada\u0165 a podporova\u0165 talenty, rozv\u00edja\u0165 v\u00fdskum, prep\u00e1ja\u0165 vedu s praxou a ukazova\u0165, \u017ee Slovensko m\u00e1 svoje miesto v Eur\u00f3pe a vo svete.<\/p>\n<\/div>\n\n<div id=\"\" class=\"element core-heading\">\n<h2 class=\"wp-block-heading\">Na\u0161i partneri<\/h2>\n<\/div>\n\n<div id=\"\" class=\"element core-columns\">\n<div class=\"wp-block-columns is-layout-flex wp-container-core-columns-is-layout-9d6595d7 wp-block-columns-is-layout-flex\"><div id=\"\" class=\"element core-column\">\n<div class=\"wp-block-column is-layout-flow wp-block-column-is-layout-flow\" style=\"flex-basis:33.33%\"><div id=\"\" class=\"element core-heading wp-elements-eb1002785516af0f9595b5bf6d86636d\">\n<h3 class=\"wp-block-heading has-text-color has-link-color wp-elements-eb1002785516af0f9595b5bf6d86636d\" style=\"color:#f6b143\">Richard Marko<\/h3>\n<\/div>\n\n<div id=\"\" class=\"element core-paragraph\">\n<p><strong>Chief Executive Officer at ESET<\/strong><\/p>\n<\/div>\n\n<div id=\"\" class=\"element core-paragraph\">\n<p>Pri pr\u00edle\u017eitosti 5. v\u00fdro\u010dia zalo\u017eenia KInIT by som chcel v mene spolo\u010dnosti ESET po\u010fakova\u0165 v\u0161etk\u00fdm, ktor\u00ed stoja za jeho \u00faspechom. Ako spoluzakladatelia tohto nez\u00e1visl\u00e9ho v\u00fdskumn\u00e9ho in\u0161tit\u00fatu si v\u00e1\u017eime, \u017ee KInIT u\u017e p\u00e4\u0165 rokov sp\u00e1ja akademick\u00fd svet s praxou a potvrdzuje, \u017ee excelentn\u00e1 veda je z\u00e1kladom skuto\u010dn\u00e9ho pokroku.<\/p>\n<\/div>\n\n<div id=\"\" class=\"element core-paragraph\">\n<p>Ver\u00edme, \u017ee podpora v\u00fdskumu, vzdel\u00e1vania a excelentnosti vo vede je k\u013e\u00fa\u010dom k budovaniu inovat\u00edvnej bud\u00facnosti bezpe\u010dn\u00fdch a inteligentn\u00fdch technol\u00f3gi\u00ed \u2013 a z\u00e1rove\u0148 sp\u00f4sobom, ako pom\u00e1ha\u0165 udr\u017ea\u0165 talent doma na Slovensku.<\/p>\n<\/div>\n\n<div id=\"\" class=\"element core-paragraph\">\n<p>\u010eakujeme, \u017ee ste s\u00fa\u010das\u0165ou tejto v\u00edzie.<\/p>\n<\/div><\/div>\n<\/div>\n\n<div id=\"\" class=\"element core-column\">\n<div class=\"wp-block-column is-layout-flow wp-block-column-is-layout-flow\" style=\"flex-basis:66.66%\"><div id=\"\" class=\"element core-image\">\n<figure class=\"wp-block-image size-full\"><img decoding=\"async\" width=\"320\" height=\"410\" data-src=\"https:\/\/kinit.sk\/wp-content\/uploads\/2021\/10\/Richard-Marko-MEDIA.jpg\" alt=\"\" class=\"wp-image-10841 lazyload\" data-srcset=\"https:\/\/kinit.sk\/wp-content\/uploads\/2021\/10\/Richard-Marko-MEDIA.jpg 320w, https:\/\/kinit.sk\/wp-content\/uploads\/2021\/10\/Richard-Marko-MEDIA-234x300.jpg 234w\" data-sizes=\"(max-width: 320px) 100vw, 320px\" src=\"data:image\/svg+xml;base64,PHN2ZyB3aWR0aD0iMSIgaGVpZ2h0PSIxIiB4bWxucz0iaHR0cDovL3d3dy53My5vcmcvMjAwMC9zdmciPjwvc3ZnPg==\" style=\"--smush-placeholder-width: 320px; --smush-placeholder-aspect-ratio: 320\/410;\" \/><\/figure>\n<\/div><\/div>\n<\/div><\/div>\n<\/div>\n\n<div id=\"\" class=\"element core-spacer\">\n<div style=\"height:65px\" aria-hidden=\"true\" class=\"wp-block-spacer\"><\/div>\n<\/div>\n\n<div id=\"\" class=\"element core-columns\">\n<div class=\"wp-block-columns is-layout-flex wp-container-core-columns-is-layout-9d6595d7 wp-block-columns-is-layout-flex\"><div id=\"\" class=\"element core-column\">\n<div class=\"wp-block-column is-layout-flow wp-block-column-is-layout-flow\" style=\"flex-basis:66.66%\"><div id=\"\" class=\"element core-image\">\n<figure class=\"wp-block-image size-large is-resized\"><img decoding=\"async\" width=\"1001\" height=\"1500\" data-src=\"https:\/\/kinit.sk\/wp-content\/uploads\/2025\/12\/004-Palo-Luka-MEDIA-1001x1500.jpeg\" alt=\"\" class=\"wp-image-39510 lazyload\" style=\"--smush-placeholder-width: 1001px; --smush-placeholder-aspect-ratio: 1001\/1500;object-fit:cover;width:320px;height:426px\" data-srcset=\"https:\/\/kinit.sk\/wp-content\/uploads\/2025\/12\/004-Palo-Luka-MEDIA-1001x1500.jpeg 1001w, https:\/\/kinit.sk\/wp-content\/uploads\/2025\/12\/004-Palo-Luka-MEDIA-534x800.jpeg 534w, https:\/\/kinit.sk\/wp-content\/uploads\/2025\/12\/004-Palo-Luka-MEDIA-768x1151.jpeg 768w, https:\/\/kinit.sk\/wp-content\/uploads\/2025\/12\/004-Palo-Luka-MEDIA-1025x1536.jpeg 1025w, https:\/\/kinit.sk\/wp-content\/uploads\/2025\/12\/004-Palo-Luka-MEDIA-1367x2048.jpeg 1367w, https:\/\/kinit.sk\/wp-content\/uploads\/2025\/12\/004-Palo-Luka-MEDIA-scaled.jpeg 1708w\" data-sizes=\"(max-width: 1001px) 100vw, 1001px\" src=\"data:image\/svg+xml;base64,PHN2ZyB3aWR0aD0iMSIgaGVpZ2h0PSIxIiB4bWxucz0iaHR0cDovL3d3dy53My5vcmcvMjAwMC9zdmciPjwvc3ZnPg==\" \/><\/figure>\n<\/div><\/div>\n<\/div>\n\n<div id=\"\" class=\"element core-column\">\n<div class=\"wp-block-column is-layout-flow wp-block-column-is-layout-flow\" style=\"flex-basis:33.33%\"><div id=\"\" class=\"element core-heading wp-elements-f9a4021f4bcbca5972df7cf22b402711\">\n<h3 class=\"wp-block-heading has-text-color has-link-color wp-elements-f9a4021f4bcbca5972df7cf22b402711\" style=\"color:#f6b143\">Palo Luka<\/h3>\n<\/div>\n\n<div id=\"\" class=\"element core-paragraph\">\n<p><strong>Chief Operating Officer at ESET<\/strong><\/p>\n<\/div>\n\n<div id=\"\" class=\"element core-paragraph\">\n<p><strong><strong>1. Ako si spom\u00ednate na za\u010diatky KInITu? \u010co v\u00e1s presved\u010dilo, \u017ee ste si povedali: \u201e\u00c1no, chceme podpori\u0165 KInIT?\u201c<\/strong><\/strong><\/p>\n<\/div>\n\n<div id=\"\" class=\"element core-paragraph\">\n<p>Bolo to nie\u010do vy\u0161e piatich rokov dozadu, kedy Majka pri\u0161la za nami s touto my\u0161lienkou, ke\u010f rozm\u00fd\u0161\u013eala, \u010do \u010falej. Pri\u0161la s my\u0161lienkou zalo\u017ei\u0165 priv\u00e1tny in\u0161tit\u00fat prv\u00fd svojho druhu na Slovensku a n\u00e1m sa t\u00e1 my\u0161lienka od za\u010diatku p\u00e1\u010dila.<\/p>\n<\/div>\n\n<div id=\"\" class=\"element core-paragraph\">\n<p>Nesk\u00f4r pri\u0161la t\u00fato my\u0161lienku odprezentova\u0165 na\u0161ej spr\u00e1vnej rade a majite\u013eovi spolo\u010dnosti. Taktie\u017e ich zaujala a po jednej prezent\u00e1cii a diskusii sa rozhodli \u00eds\u0165 do toho a da\u0165 projektu podporu. My sme boli asi najv\u00e4\u010d\u0161\u00ed podporovatelia, ale keby sme zostali sami, mo\u017eno by to ne\u0161lo tak r\u00fdchlo a jednoducho.<\/p>\n<\/div><\/div>\n<\/div><\/div>\n<\/div>\n\n<div id=\"\" class=\"element core-paragraph\">\n<p>Postupne sa pridali \u010fal\u0161\u00ed podporovatelia a in\u0161tit\u00fat vznikol relat\u00edvne r\u00fdchlo, ako to \u010dasto b\u00fdva s dobr\u00fdmi projektami. Ja som od za\u010diatku veril, \u017ee to bude \u00faspe\u0161n\u00fd projekt, tak\u017ee som nemal pochybnosti. Mus\u00edm v\u0161ak poveda\u0165, \u017ee to, ako sa to potom rozbehlo, ma celkom pr\u00edjemne prekvapilo. Myslel som si, \u017ee rozbeh, obrana ve\u013ekosti a z\u00edskavanie r\u00f4znych projektov p\u00f4jde trochu pomal\u0161ie, a som pr\u00edjemne prekvapen\u00fd, ako dynamicky v\u0161etko funguje.<\/p>\n<\/div>\n\n<div id=\"\" class=\"element core-paragraph\">\n<p><strong><strong>2. Ako vn\u00edmate KInIT teraz, ako sa za t\u00fdch 5 rokov zmenil?<\/strong><\/strong><\/p>\n<\/div>\n\n<div id=\"\" class=\"element core-paragraph\">\n<p>Zmeny boli vidite\u013en\u00e9 postupne, rok po roku. Nie je to tak, \u017ee by sme po piatich rokoch zrazu videli obrovsk\u00e9 rozdiely oproti za\u010diatku. Ka\u017ed\u00fd rok sme vn\u00edmali pozit\u00edvny v\u00fdvoj a rozvoj.<\/p>\n<\/div>\n\n<div id=\"\" class=\"element core-paragraph\">\n<p>Najviac ma te\u0161\u00ed, \u017ee sa dar\u00ed z\u00edskava\u0165 aj eur\u00f3pske projekty a financie. Na za\u010diatku, ke\u010f Majka hovorila o in\u0161tit\u00fatoch podobn\u00e9ho typu v zahrani\u010d\u00ed, financovanie b\u00fdvalo rozdelen\u00e9 na tretiny. T\u00e1 predstava sa mi p\u00e1\u010dila, ale myslel som si, \u017ee to nebude jednoduch\u00e9. Teraz, po piatich rokoch, sa ukazuje, \u017ee od s\u00fakromn\u00fdch donorov je menej ako polovica financi\u00ed, pribli\u017ene tretina, tak\u017ee sme sa k tomu pribl\u00ed\u017eili.<\/p>\n<\/div>\n\n<div id=\"\" class=\"element core-paragraph\">\n<p>Samozrejme, \u0161trukt\u00fara e\u0161te nie je presne tak\u00e1, ako sme p\u00f4vodne pl\u00e1novali, ale mysl\u00edm si, \u017ee k tomu nem\u00e1 \u010faleko. Pova\u017eujem to za obrovsk\u00fd \u00faspech, z ktor\u00e9ho by si mnoh\u00e9 in\u0161tit\u00facie mohli bra\u0165 pr\u00edklad a pova\u017eova\u0165 ho za vzor.<\/p>\n<\/div>\n\n<div id=\"\" class=\"element core-paragraph\">\n<p><strong><strong>3. Ak\u00e9 je va\u0161e prianie alebo odpor\u00fa\u010danie pre KInIT a cel\u00fd t\u00edm?<\/strong><\/strong><\/p>\n<\/div>\n\n<div id=\"\" class=\"element core-paragraph\">\n<p>Ke\u010f sa niekedy rozpr\u00e1vam s novin\u00e1rmi o spolo\u010dnosti ESET a na\u0161om glob\u00e1lnom \u00faspechu, \u010dasto hovor\u00edm, \u017ee by som bol ve\u013emi r\u00e1d, keby bolo viac tak\u00fdch spolo\u010dnost\u00ed ako ESET. My sa sna\u017e\u00edme podporova\u0165 cel\u00fd ekosyst\u00e9m, aby sme neboli jedin\u00ed a aby bolo viac firiem, ktor\u00fdm sa podar\u00ed medzin\u00e1rodn\u00fd \u00faspech.<\/p>\n<\/div>\n\n<div id=\"\" class=\"element core-paragraph\">\n<p>Ke\u010f to prenesiem do prostredia v\u00fdskumn\u00fdch in\u0161tit\u00fatov, \u017eelal by som si, aby tu bolo viac in\u0161tit\u00fatov ako KInIT, ka\u017ed\u00fd vo svojej oblasti. Aby vznikalo viac siln\u00fdch t\u00edmov, ktor\u00e9 dok\u00e1\u017eu dosiahnu\u0165 v\u00fdnimo\u010dn\u00e9 v\u00fdsledky a prin\u00e1\u0161a\u0165 pridan\u00fa hodnotu spolo\u010dnosti.<\/p>\n<\/div>\n\n<div id=\"\" class=\"element core-spacer\">\n<div style=\"height:65px\" aria-hidden=\"true\" class=\"wp-block-spacer\"><\/div>\n<\/div>\n\n<div id=\"\" class=\"element core-columns\">\n<div class=\"wp-block-columns is-layout-flex wp-container-core-columns-is-layout-9d6595d7 wp-block-columns-is-layout-flex\"><div id=\"\" class=\"element core-column\">\n<div class=\"wp-block-column is-layout-flow wp-block-column-is-layout-flow\" style=\"flex-basis:33.33%\"><div id=\"\" class=\"element core-heading wp-elements-80b884d52a13e53ccfd82e68e8a73545\">\n<h3 class=\"wp-block-heading has-text-color has-link-color wp-elements-80b884d52a13e53ccfd82e68e8a73545\" style=\"color:#f6b143\">Martin Kub\u00edk<\/h3>\n<\/div>\n\n<div id=\"\" class=\"element core-paragraph\">\n<p><strong>Chief Information Officer at Tatra banka<\/strong><\/p>\n<\/div>\n\n<div id=\"\" class=\"element core-paragraph\">\n<p><strong><strong>1. Ako si spom\u00ednate na za\u010diatky KInITu? \u010co v\u00e1s presved\u010dilo, \u017ee ste si povedali: \u201e\u00c1no, chceme podpori\u0165 KInIT?\u201c<\/strong><\/strong><\/p>\n<\/div>\n\n<div id=\"\" class=\"element core-paragraph\">\n<p>Za\u010diatky boli, povedal by som, viac tak\u00e9 \u201efire-fightersk\u00e9\u201c. Bola to partia \u013eud\u00ed, ktor\u00ed presne nevedeli, do \u010doho id\u00fa, ale pustili sa do toho s obrovsk\u00fdm nasaden\u00edm. My sme, aj v\u010faka n\u00e1\u0161mu gener\u00e1lnemu riadite\u013eovi, ve\u013emi dlho nerozm\u00fd\u0161lali. Ke\u010f za nami Majka pri\u0161la s my\u0161lienkou KInITu, hne\u010f sme c\u00edtili, \u017ee je to jeden z t\u00fdch inova\u010dn\u00fdch a pozit\u00edvnych projektov, ktor\u00e9 by sme mali podpori\u0165. A tak sme jej do 24 hod\u00edn zavolali, \u017ee do toho ideme.<\/p>\n<\/div>\n\n<div id=\"\" class=\"element core-paragraph\">\n<p>Potom t\u00e1to partia \u013eud\u00ed za\u010dala robi\u0165 svoju pr\u00e1cu a aj ke\u010f sa e\u0161te formovali priority, darilo sa im v\u00fdborne.<\/p>\n<\/div><\/div>\n<\/div>\n\n<div id=\"\" class=\"element core-column\">\n<div class=\"wp-block-column is-layout-flow wp-block-column-is-layout-flow\" style=\"flex-basis:66.66%\"><div id=\"\" class=\"element core-image\">\n<figure class=\"wp-block-image size-full\"><img decoding=\"async\" width=\"320\" height=\"426\" data-src=\"https:\/\/kinit.sk\/wp-content\/uploads\/2021\/10\/Kubik_farebne.jpg\" alt=\"\" class=\"wp-image-10805 lazyload\" data-srcset=\"https:\/\/kinit.sk\/wp-content\/uploads\/2021\/10\/Kubik_farebne.jpg 320w, https:\/\/kinit.sk\/wp-content\/uploads\/2021\/10\/Kubik_farebne-225x300.jpg 225w\" data-sizes=\"(max-width: 320px) 100vw, 320px\" src=\"data:image\/svg+xml;base64,PHN2ZyB3aWR0aD0iMSIgaGVpZ2h0PSIxIiB4bWxucz0iaHR0cDovL3d3dy53My5vcmcvMjAwMC9zdmciPjwvc3ZnPg==\" style=\"--smush-placeholder-width: 320px; --smush-placeholder-aspect-ratio: 320\/426;\" \/><\/figure>\n<\/div><\/div>\n<\/div><\/div>\n<\/div>\n\n<div id=\"\" class=\"element core-paragraph\">\n<p>Ani my, ani oni presne nevedeli, ako sa to cel\u00e9 bude vyv\u00edja\u0165. Trochu n\u00e1s tr\u00e1pilo, \u017ee by sa KInIT mal nau\u010di\u0165 aj s\u010dasti \u201ezarobi\u0165 na seba\u201c a neby\u0165 odk\u00e1zan\u00fd len na t\u00fdch ist\u00fdch \u0161tyroch donorov. Predstavovali sme si, \u017ee na\u0161a podpora bude udr\u017eate\u013en\u00e1, mo\u017eno nie nav\u017edy, ale na nejak\u00e9 \u0161tartovacie obdobie.<\/p>\n<\/div>\n\n<div id=\"\" class=\"element core-paragraph\">\n<p>Nakoniec sa viac ako priemyseln\u00e9 spolupr\u00e1ce rozvinuli tie grantov\u00e9, a z toho sme mali ve\u013ek\u00fa rados\u0165, preto\u017ee sa v tejto oblasti dar\u00ed.<\/p>\n<\/div>\n\n<div id=\"\" class=\"element core-paragraph\">\n<p><strong><strong>2. Ako vn\u00edmate KInIT teraz, ako sa za t\u00fdch 5 rokov zmenil?<\/strong><\/strong><\/p>\n<\/div>\n\n<div id=\"\" class=\"element core-paragraph\">\n<p>Mysl\u00edm, \u017ee KInIT e\u0161te potrebuje z\u00edska\u0165 ten \u201epocit istoty\u201c, \u017ee vie ka\u017edoro\u010dne obnovi\u0165 \u010das\u0165 grantov, \u017ee vie \u201eoto\u010di\u0165\u201c \u0161tvrtinu objemu projektov a nec\u00edti\u0165 z toho stres. To je pod\u013ea m\u0148a d\u00f4le\u017eit\u00e1 sk\u00fasenos\u0165, ktor\u00e1 e\u0161te len pr\u00edde.<\/p>\n<\/div>\n\n<div id=\"\" class=\"element core-paragraph\">\n<p>Viem tie\u017e, \u017ee sa tr\u00e1pite s niektor\u00fdmi rolami, ktor\u00e9 sa dlhodobo nedar\u00ed dobre obsadi\u0165. Kladiem si ot\u00e1zku, \u017ee ke\u010f sa to podar\u00ed a tieto poz\u00edcie bud\u00fa fungova\u0165 perfektne, ako sa to pozit\u00edvne odraz\u00ed na celom t\u00edme. Vid\u00edme toti\u017e, \u017ee niektor\u00e9 oblasti, napr\u00edklad z\u00edskavanie grantov, funguj\u00fa v\u00fdborne, inde to ide \u0165a\u017e\u0161ie.<\/p>\n<\/div>\n\n<div id=\"\" class=\"element core-paragraph\">\n<p>Dr\u017e\u00edm v\u00e1m v tom palce, lebo viem, \u017ee v prostred\u00ed, v akom p\u00f4sob\u00edte, nie je jednoduch\u00e9 odhadn\u00fa\u0165, komu \u010do bude sedie\u0165, ke\u010f\u017ee tak\u00fdchto sk\u00fasenost\u00ed na Slovensku st\u00e1le nie je ve\u013ea.<\/p>\n<\/div>\n\n<div id=\"\" class=\"element core-paragraph\">\n<p><strong><strong>3. Ak\u00e9 je va\u0161e prianie alebo odpor\u00fa\u010danie pre KInIT a cel\u00fd t\u00edm?<\/strong><\/strong><\/p>\n<\/div>\n\n<div id=\"\" class=\"element core-paragraph\">\n<p>Mysl\u00edm si, \u017ee pred vami je e\u0161te d\u00f4le\u017eit\u00e1 f\u00e1za, a to uk\u00e1za\u0165 pridan\u00fa hodnotu z\u00e1kladn\u00e9ho v\u00fdskumu. Ja s\u00e1m som sa musel nau\u010di\u0165, \u017ee veda potrebuje ma\u0165 aj z\u00e1kladn\u00fd v\u00fdskum. A\u017e \u010dasom som pochopil, \u017ee aj z\u00e1kladn\u00fd v\u00fdskum je potrebn\u00fd, preto\u017ee m\u00f4\u017ee in\u0161pirova\u0165 \u010fal\u0161\u00edch vedcov a prispie\u0165 k nov\u00fdm poznatkom, aj ke\u010f jeho priamy v\u00fdsledok nie je hne\u010f zjavn\u00fd.<\/p>\n<\/div>\n\n<div id=\"\" class=\"element core-paragraph\">\n<p>Nie ka\u017ed\u00fd m\u00e1 v\u0161ak mo\u017enos\u0165 by\u0165 pri v\u00e1s tak bl\u00edzko, aby si to uvedomil. Preto si mysl\u00edm, \u017ee bude ve\u013emi d\u00f4le\u017eit\u00e9, aby ste mali nieko\u013eko v\u00fdskumov, ktor\u00e9 sa \u00faspe\u0161ne transformuj\u00fa do technol\u00f3gi\u00ed, takzvan\u00fd tech transfer, aby ste mohli uk\u00e1za\u0165, \u017ee konkr\u00e9tny patent alebo v\u00fdsledok v\u00e1\u0161ho v\u00fdskumu pomohol slovensk\u00fdm firm\u00e1m nie\u010do vyvin\u00fa\u0165 alebo zlep\u0161i\u0165.<\/p>\n<\/div>\n\n<div id=\"\" class=\"element core-paragraph\">\n<p>Ver\u00edm, \u017ee \u00faspe\u0161n\u00fd tech transfer v\u00e1m pom\u00f4\u017ee nielen pri z\u00edskavan\u00ed grantov a talentov, ale aj pri stabiliz\u00e1cii t\u00edmu tam, kde okolnosti nie s\u00fa v\u017edy priazniv\u00e9. Prajem v\u00e1m, aby sa v\u00e1m to podarilo, preto\u017ee to otvor\u00ed ve\u013ea nov\u00fdch dver\u00ed a prinesie pochopenie aj u \u013eud\u00ed, ktor\u00ed dnes mo\u017eno e\u0161te nerozumej\u00fa, \u017ee aj z\u00e1kladn\u00fd v\u00fdskum je skuto\u010dne hodnotn\u00fd produkt.<\/p>\n<\/div>\n\n<div id=\"\" class=\"element core-spacer\">\n<div style=\"height:65px\" aria-hidden=\"true\" class=\"wp-block-spacer\"><\/div>\n<\/div>\n\n<div id=\"\" class=\"element core-columns\">\n<div class=\"wp-block-columns is-layout-flex wp-container-core-columns-is-layout-9d6595d7 wp-block-columns-is-layout-flex\"><div id=\"\" class=\"element core-column\">\n<div class=\"wp-block-column is-layout-flow wp-block-column-is-layout-flow\" style=\"flex-basis:66.66%\"><div id=\"\" class=\"element core-image\">\n<figure class=\"wp-block-image size-full\"><img decoding=\"async\" width=\"320\" height=\"426\" data-src=\"https:\/\/kinit.sk\/wp-content\/uploads\/2021\/10\/JLunter.jpg\" alt=\"\" class=\"wp-image-10797 lazyload\" data-srcset=\"https:\/\/kinit.sk\/wp-content\/uploads\/2021\/10\/JLunter.jpg 320w, https:\/\/kinit.sk\/wp-content\/uploads\/2021\/10\/JLunter-225x300.jpg 225w\" data-sizes=\"(max-width: 320px) 100vw, 320px\" src=\"data:image\/svg+xml;base64,PHN2ZyB3aWR0aD0iMSIgaGVpZ2h0PSIxIiB4bWxucz0iaHR0cDovL3d3dy53My5vcmcvMjAwMC9zdmciPjwvc3ZnPg==\" style=\"--smush-placeholder-width: 320px; --smush-placeholder-aspect-ratio: 320\/426;\" \/><\/figure>\n<\/div><\/div>\n<\/div>\n\n<div id=\"\" class=\"element core-column\">\n<div class=\"wp-block-column is-layout-flow wp-block-column-is-layout-flow\" style=\"flex-basis:33.33%\"><div id=\"\" class=\"element core-heading wp-elements-3bcfcb7046297f88463847504b5ea289\">\n<h3 class=\"wp-block-heading has-text-color has-link-color wp-elements-3bcfcb7046297f88463847504b5ea289\" style=\"color:#f6b143\">J\u00e1n Lunter<\/h3>\n<\/div>\n\n<div id=\"\" class=\"element core-paragraph\">\n<p><strong>Chief Executive Officer &amp; Founder, Innovatrics<\/strong><\/p>\n<\/div>\n\n<div id=\"\" class=\"element core-paragraph\">\n<p><strong><strong>1. Ako si spom\u00ednate na za\u010diatky KInITu? \u010co v\u00e1s presved\u010dilo, \u017ee ste si povedali: \u201e\u00c1no, chceme podpori\u0165 KInIT?\u201c<\/strong><\/strong><\/p>\n<\/div>\n\n<div id=\"\" class=\"element core-paragraph\">\n<p>Pam\u00e4t\u00e1m si prv\u00fa n\u00e1v\u0161tevu M\u00e1rie u n\u00e1s vo firme, bol som zvedav\u00fd, ak\u00fa t\u00e9mu chce otvori\u0165. Najsk\u00f4r sa mi cel\u00e1 idea zdala nejasn\u00e1 a tak trochu akademick\u00e1, ale postupne mi to za\u010dalo d\u00e1va\u0165 zmysel, hlavne z dlhodob\u00e9ho h\u013eadiska.<\/p>\n<\/div>\n\n<div id=\"\" class=\"element core-paragraph\">\n<p>KInIT bola \u0161anca pre Slovensko, \u0161anca robi\u0165 kvalitn\u00fd aplikovan\u00fd v\u00fdskum. Veril som, \u017ee by to mohlo zafungova\u0165 &#8211; v\u010faka predo\u0161l\u00fdm \u00faspechom, v\u010faka sk\u00fasenostiam, ale predov\u0161etk\u00fdm v\u010faka ve\u013ek\u00e9mu nad\u0161eniu zakladate\u013eky.<\/p>\n<\/div><\/div>\n<\/div><\/div>\n<\/div>\n\n<div id=\"\" class=\"element core-paragraph\">\n<p>Ako firma chceme na Slovensku p\u00f4sobi\u0165 dlhodobo a k tomuto je jednoducho nutn\u00e9 ma\u0165 okolo seba \u013eud\u00ed v nie\u010dom podobn\u00fdch, ktor\u00ed maj\u00fa radi technol\u00f3gie a ktor\u00ed nechc\u00fa by\u0165 priemern\u00ed. \u013dud\u00ed, s ktor\u00fdmi vieme spolo\u010dne dosiahnu\u0165 viac, vieme sa potiahnu\u0165 a navz\u00e1jom sa in\u0161pirova\u0165.<\/p>\n<\/div>\n\n<div id=\"\" class=\"element core-paragraph\">\n<p><strong><strong>2. Ako vn\u00edmate KInIT teraz, ako sa za t\u00fdch 5 rokov zmenil?<\/strong><\/strong><\/p>\n<\/div>\n\n<div id=\"\" class=\"element core-paragraph\">\n<p>KInIT sa medzi\u010dasom sprofesionalizoval, je omnoho systematickej\u0161\u00ed, \u00faspechy dosahuje pravidelne a predv\u00eddate\u013ene. Takisto v\u00fdrazne nar\u00e1stol, \u010do mu umo\u017e\u0148uje dosiahnu\u0165 viac zo svojich cie\u013eov, rob\u00ed to z neho re\u0161pektovan\u00e9ho partnera s dobrou reput\u00e1ciou, s ktor\u00fdm m\u00e1 zmysel spolupracova\u0165.<\/p>\n<\/div>\n\n<div id=\"\" class=\"element core-paragraph\">\n<p><strong><strong>3. Ak\u00e9 je va\u0161e prianie alebo odpor\u00fa\u010danie pre KInIT a cel\u00fd t\u00edm?<\/strong><\/strong><\/p>\n<\/div>\n\n<div id=\"\" class=\"element core-paragraph\">\n<p>Prial by som KInITu, aby dok\u00e1zal svoje know-how pos\u00fava\u0165 \u010do najviac do praxe, a aby to, \u010do jeho \u013eudia vyprodukuj\u00fa, vyu\u017e\u00edvala naozaj ve\u013ek\u00e1 skupina firiem vo svojich produktoch. Ver\u00edm, \u017ee KInIT napom\u00f4\u017ee aj tomu, aby \u0161ikovn\u00ed \u013eudia zo Slovenska neodch\u00e1dzali v takej miere do zahrani\u010dia &#8211; v\u010faka KInITu maj\u00fa naozaj dobr\u00fa mo\u017enos\u0165 sa realizova\u0165 vo vede a v aplikovanom v\u00fdskume. Ke\u010f vznikne okolo KInITu siln\u00e1 skupina motivovan\u00fdch \u013eud\u00ed, je mo\u017en\u00e9, \u017ee to in\u0161piruje niektor\u00fdch Slov\u00e1kov k n\u00e1vratu zo zahrani\u010dia, \u010do sekund\u00e1rne pom\u00f4\u017ee aj s\u00fakromn\u00e9mu sektoru k vy\u0161\u0161ej kvalite.<\/p>\n<\/div>\n\n<div id=\"\" class=\"element core-spacer\">\n<div style=\"height:65px\" aria-hidden=\"true\" class=\"wp-block-spacer\"><\/div>\n<\/div>\n\n<div id=\"\" class=\"element core-columns\">\n<div class=\"wp-block-columns is-layout-flex wp-container-core-columns-is-layout-9d6595d7 wp-block-columns-is-layout-flex\"><div id=\"\" class=\"element core-column\">\n<div class=\"wp-block-column is-layout-flow wp-block-column-is-layout-flow\" style=\"flex-basis:33.33%\"><div id=\"\" class=\"element core-heading wp-elements-85d17c434fbac7661d111d7e276e546d\">\n<h3 class=\"wp-block-heading has-text-color has-link-color wp-elements-85d17c434fbac7661d111d7e276e546d\" style=\"color:#f6b143\">Michaela Benedigov\u00e1<\/h3>\n<\/div>\n\n<div id=\"\" class=\"element core-paragraph\">\n<p><strong>Managing Director and Partner, Seesame<\/strong><\/p>\n<\/div>\n\n<div id=\"\" class=\"element core-paragraph\">\n<p><strong><strong>1. Ako si spom\u00ednate na za\u010diatky KInITu? \u010co v\u00e1s presved\u010dilo, \u017ee ste si povedali: \u201e\u00c1no, chceme podpori\u0165 KInIT?\u201c<\/strong><\/strong><\/p>\n<\/div>\n\n<div id=\"\" class=\"element core-paragraph\">\n<p>Pre m\u0148a je to ve\u013emi osobn\u00fd pr\u00edbeh, preto\u017ee v \u010dase, ke\u010f Majka Bielikov\u00e1 za dramatick\u00fdch okolnost\u00ed odch\u00e1dzala zo STU, som tam bola s \u0148ou a aj s mnoh\u00fdmi kolegami, ktor\u00ed s\u00fa teraz s\u00fa\u010das\u0165ou Kinitu. U\u010dila som tam predmet Riadenie reput\u00e1cie, ktor\u00fd okrem marketingu ve\u013emi \u00fazko s\u00favis\u00ed s hodnotami, etikou a sp\u00f4sobom rozhodovania.<\/p>\n<\/div>\n\n<div id=\"\" class=\"element core-paragraph\">\n<p>Pom\u00e1hala som jej aj s komunik\u00e1ciou s m\u00e9diami a s kr\u00edzovou komunik\u00e1ciou, a pr\u00e1ve v tom obdob\u00ed vznikla ot\u00e1zka, \u010do by chcela \u010falej robi\u0165, ako ten kapit\u00e1l a energiu, ktor\u00fa na univerzite vybudovala, pretransformova\u0165 do nie\u010doho nov\u00e9ho a u\u017eito\u010dn\u00e9ho.<\/p>\n<\/div><\/div>\n<\/div>\n\n<div id=\"\" class=\"element core-column\">\n<div class=\"wp-block-column is-layout-flow wp-block-column-is-layout-flow\" style=\"flex-basis:66.66%\"><div id=\"\" class=\"element core-image\">\n<figure class=\"wp-block-image size-full\"><img decoding=\"async\" width=\"320\" height=\"426\" data-src=\"https:\/\/kinit.sk\/wp-content\/uploads\/2021\/10\/benedigova.jpg\" alt=\"\" class=\"wp-image-10775 lazyload\" data-srcset=\"https:\/\/kinit.sk\/wp-content\/uploads\/2021\/10\/benedigova.jpg 320w, https:\/\/kinit.sk\/wp-content\/uploads\/2021\/10\/benedigova-225x300.jpg 225w\" data-sizes=\"(max-width: 320px) 100vw, 320px\" src=\"data:image\/svg+xml;base64,PHN2ZyB3aWR0aD0iMSIgaGVpZ2h0PSIxIiB4bWxucz0iaHR0cDovL3d3dy53My5vcmcvMjAwMC9zdmciPjwvc3ZnPg==\" style=\"--smush-placeholder-width: 320px; --smush-placeholder-aspect-ratio: 320\/426;\" \/><\/figure>\n<\/div><\/div>\n<\/div><\/div>\n<\/div>\n\n<div id=\"\" class=\"element core-paragraph\">\n<p>Ke\u010f\u017ee sme boli v \u00fazkom kontakte, mala som privil\u00e9gium spolu s \u0148ou trochu pracova\u0165 na tom, ako KInIT postavi\u0165. Nesk\u00f4r som sa zapojila aj do budovania zna\u010dky, z mojej oblasti marketingu a riadenia reput\u00e1cie \u2013 teda ako nastavi\u0165 vz\u0165ahy so stakeholdermi a vytvori\u0165 dobr\u00e9 vn\u00edmanie in\u0161tit\u00fatu. Bola to obrovsk\u00e1 jazda a som za t\u00fa sk\u00fasenos\u0165 nesmierne v\u010fa\u010dn\u00e1.<\/p>\n<\/div>\n\n<div id=\"\" class=\"element core-paragraph\">\n<p><strong><strong>2. Ako vn\u00edmate KInIT teraz, ako sa za t\u00fdch 5 rokov zmenil?<\/strong><\/strong><\/p>\n<\/div>\n\n<div id=\"\" class=\"element core-paragraph\">\n<p>To, kam sa KInIT za 5 rokov posunul, ve\u013emi vo mne zarezonovalo. M\u00e1ria&nbsp; s cel\u00fdm&nbsp; t\u00edmom mali od za\u010diatku siln\u00fa a ve\u013emi odv\u00e1\u017enu v\u00edziu. Chceli vytvori\u0165 akademick\u00fd in\u0161tit\u00fat, ktor\u00fd bude nez\u00e1visl\u00fd a bude sa zaobera\u0165 ot\u00e1zkami umelej inteligencie.<\/p>\n<\/div>\n\n<div id=\"\" class=\"element core-paragraph\">\n<p>Za t\u00fdch 5 rokov sa ju podarilo presadi\u0165 v\u010faka jej ne\u00fanavnej pr\u00e1ci, budovaniu siete kontaktov, vzdel\u00e1vaniu verejnosti a oslovovaniu d\u00f4le\u017eit\u00fdch akt\u00e9rov.<\/p>\n<\/div>\n\n<div id=\"\" class=\"element core-paragraph\">\n<p>Pod\u013ea m\u0148a je to d\u00f4kaz, \u017ee s\u00fakromn\u00fd v\u00fdskumn\u00fd in\u0161tit\u00fat m\u00f4\u017ee by\u0165 na Slovensku \u00faspe\u0161nej\u0161\u00ed ako tradi\u010dn\u00e9 akademick\u00e9 in\u0161tit\u00facie. M\u00f4\u017ee by\u0165 efekt\u00edvnej\u0161\u00ed, hodnotovo dobre nastaven\u00fd, zn\u00e1mej\u0161\u00ed a ma\u0165 lep\u0161\u00ed koopera\u010dn\u00fd potenci\u00e1l.<\/p>\n<\/div>\n\n<div id=\"\" class=\"element core-paragraph\">\n<p>Na za\u010diatku sme sa pozerali na financovanie s predstavou, \u017ee pribli\u017ene tretina pr\u00edjmov bude z firemn\u00fdch zdrojov, tretina z komer\u010dn\u00fdch spolupr\u00e1c a tretina z grantov. Dnes, ke\u010f sa pozrieme na projekty ako lorAI, je jasn\u00e9, \u017ee KInIT \u010faleko prekonal v\u0161etky o\u010dak\u00e1vania.<\/p>\n<\/div>\n\n<div id=\"\" class=\"element core-paragraph\">\n<p>Je tu v\u00fdborn\u00fd t\u00edm \u013eud\u00ed, viem, \u017ee s t\u00fdm prich\u00e1dza ve\u013ea zmien a v\u00fdziev, ale v\u0161etky tieto situ\u00e1cie vn\u00edmam ako prirodzen\u00e9 v \u010dase rastu. Z m\u00f4jho poh\u013eadu sa KInIT s t\u00fdmito v\u00fdzvami vyrovn\u00e1va v\u00fdborne a je to nesmierne \u00faspe\u0161n\u00fd pr\u00edbeh, nielen tohto t\u00edmu, ale aj celej krajiny.<\/p>\n<\/div>\n\n<div id=\"\" class=\"element core-paragraph\">\n<p><strong><strong>3. Ak\u00e9 je va\u0161e prianie alebo odpor\u00fa\u010danie pre KInIT a cel\u00fd t\u00edm?<\/strong><\/strong><\/p>\n<\/div>\n\n<div id=\"\" class=\"element core-paragraph\">\n<p>Prajem si, aby sa KInIT st\u00e1le pozeral na to, kde vie dosiahnu\u0165 najv\u00e4\u010d\u0161\u00ed vplyv, nielen vedeck\u00fd, ale aj spolo\u010densk\u00fd.<\/p>\n<\/div>\n\n<div id=\"\" class=\"element core-paragraph\">\n<p>Ve\u013emi d\u00f4le\u017eit\u00e9 je, aby sa venoval ot\u00e1zkam, ktor\u00e9 s\u00favisia s etikou a vyu\u017e\u00edvan\u00edm umelej inteligencie. Ver\u00edm, \u017ee KInIT m\u00e1 silu pom\u00f4c\u0165 spolo\u010dnosti lep\u0161ie zvl\u00e1da\u0165 obavy z technol\u00f3gi\u00ed, ukazova\u0165 pozit\u00edvne pr\u00edklady vyu\u017eitia umelej inteligencie a prispie\u0165 k tomu, aby sa \u013eudia menej b\u00e1li a viac si dok\u00e1zali u\u017e\u00edva\u0165 pr\u00ednosy, ktor\u00e9 nov\u00e9 technol\u00f3gie prin\u00e1\u0161aj\u00fa.<\/p>\n<\/div>\n\n<div id=\"\" class=\"element core-spacer\">\n<div style=\"height:65px\" aria-hidden=\"true\" class=\"wp-block-spacer\"><\/div>\n<\/div>\n\n<div id=\"\" class=\"element core-columns\">\n<div class=\"wp-block-columns is-layout-flex wp-container-core-columns-is-layout-9d6595d7 wp-block-columns-is-layout-flex\"><div id=\"\" class=\"element core-column\">\n<div class=\"wp-block-column is-layout-flow wp-block-column-is-layout-flow\" style=\"flex-basis:66.66%\"><div id=\"\" class=\"element core-image\">\n<figure class=\"wp-block-image size-full\"><img decoding=\"async\" width=\"320\" height=\"426\" data-src=\"https:\/\/kinit.sk\/wp-content\/uploads\/2021\/10\/peter-moravek3.jpg\" alt=\"\" class=\"wp-image-10829 lazyload\" data-srcset=\"https:\/\/kinit.sk\/wp-content\/uploads\/2021\/10\/peter-moravek3.jpg 320w, https:\/\/kinit.sk\/wp-content\/uploads\/2021\/10\/peter-moravek3-225x300.jpg 225w\" data-sizes=\"(max-width: 320px) 100vw, 320px\" src=\"data:image\/svg+xml;base64,PHN2ZyB3aWR0aD0iMSIgaGVpZ2h0PSIxIiB4bWxucz0iaHR0cDovL3d3dy53My5vcmcvMjAwMC9zdmciPjwvc3ZnPg==\" style=\"--smush-placeholder-width: 320px; --smush-placeholder-aspect-ratio: 320\/426;\" \/><\/figure>\n<\/div><\/div>\n<\/div>\n\n<div id=\"\" class=\"element core-column\">\n<div class=\"wp-block-column is-layout-flow wp-block-column-is-layout-flow\" style=\"flex-basis:33.33%\"><div id=\"\" class=\"element core-heading wp-elements-bc73ba0edfe6e3938132727a5a3b6cda\">\n<h3 class=\"wp-block-heading has-text-color has-link-color wp-elements-bc73ba0edfe6e3938132727a5a3b6cda\" style=\"color:#f6b143\">Peter Mor\u00e1vek<\/h3>\n<\/div>\n\n<div id=\"\" class=\"element core-paragraph\">\n<p><strong>Executive Director, SOFTEC<\/strong><\/p>\n<\/div>\n\n<div id=\"\" class=\"element core-paragraph\">\n<p><strong><strong>1. Ako si spom\u00ednate na za\u010diatky KInITu? \u010co v\u00e1s presved\u010dilo, \u017ee ste si povedali: \u201e\u00c1no, chceme podpori\u0165 KInIT?\u201c<\/strong><\/strong><\/p>\n<\/div>\n\n<div id=\"\" class=\"element core-paragraph\">\n<p>V na\u0161om pr\u00edpade, ako SOFTEC, sa spojili asi dve veci. Prvou bola osobnos\u0165 Majky, preto\u017ee sme s \u0148ou mali dlhoro\u010dn\u00fa spolupr\u00e1cu na Fakulte informatiky a informa\u010dn\u00fdch technol\u00f3gi\u00ed pri rozvoji vzdel\u00e1vania. Ke\u010f sme videli, \u017ee Majka m\u00e1 z\u00e1ujem budova\u0165 nie\u010do nov\u00e9 a po sk\u00fasenostiach, ktor\u00e9 sme za tie roky nazbierali, sme sa rozhodli do toho vst\u00fapi\u0165 a zapoji\u0165 sa do diskusie.<\/p>\n<\/div>\n\n<div id=\"\" class=\"element core-paragraph\">\n<p>Druhou vecou bola samotn\u00e1 my\u0161lienka in\u0161tit\u00fatu, ktor\u00e1 kombinovala vedu, vzdel\u00e1vanie a spolupr\u00e1cu s priv\u00e1tnym sektorom s cie\u013eom meni\u0165 okolit\u00fd svet.<\/p>\n<\/div><\/div>\n<\/div><\/div>\n<\/div>\n\n<div id=\"\" class=\"element core-paragraph\">\n<p>Nebolo to len o vybudovan\u00ed nie\u010doho nov\u00e9ho, ale o vytvoren\u00ed pr\u00edkladu a nie\u010doho, \u010do m\u00f4\u017ee skuto\u010dne naru\u0161i\u0165 a posun\u00fa\u0165 existuj\u00face prostredie. T\u00e1to kombin\u00e1cia snahy vzdel\u00e1va\u0165 sa a rozv\u00edja\u0165 sa, aby sme menili okolit\u00fd svet, boli hlavn\u00e9 dva momenty, ktor\u00e9 rozhodli o na\u0161om zapojen\u00ed.<\/p>\n<\/div>\n\n<div id=\"\" class=\"element core-paragraph\">\n<p>Ke\u010f sme potom videli \u010fal\u0161\u00edch partnerov, s ktor\u00fdmi by sme do toho i\u0161li, tieto okolnosti len potvrdzovali na\u0161e rozhodnutie, \u017ee je spr\u00e1vne. Boli sme iba na za\u010diatku, v\u0161etko sa e\u0161te len rozbiehalo.<\/p>\n<\/div>\n\n<div id=\"\" class=\"element core-paragraph\">\n<p><strong><strong>2. Ako vn\u00edmate KInIT teraz, ako sa za t\u00fdch 5 rokov zmenil?<\/strong><\/strong><\/p>\n<\/div>\n\n<div id=\"\" class=\"element core-paragraph\">\n<p>V prv\u00fdch mesiacoch som s Majkou absolvoval dlh\u00e9 rozhovory, ktor\u00e9 by som nazval \u201ethink big, start small\u201c. U\u017e vtedy mala jasne upratan\u00fa v\u00edziu troch pilierov \u2013 private donation, granty a spolupr\u00e1cu s priv\u00e1tnym sektorom. Vysvet\u013eovala mi, \u017ee v Nemecku trvalo in\u0161tit\u00fatu 15 a\u017e 20 rokov, k\u00fdm dosiahol podobn\u00fd pomer financovania, preto\u017ee my sme za\u010d\u00ednali s 100 percentami s\u00fakromn\u00fdch donorov. Dosta\u0165 sa na pomer na tretiny trv\u00e1 10 a\u017e 15 rokov.<\/p>\n<\/div>\n\n<div id=\"\" class=\"element core-paragraph\">\n<p>Pre m\u0148a bolo pr\u00edjemn\u00fdm prekvapen\u00edm, \u017ee dnes sme u\u017e tento cie\u013e dosiahli v donations. T\u00edm urobil obrovsk\u00fd kus pr\u00e1ce a rozmach in\u0161tit\u00fatu ma naozaj milo prekvapil. Ukazuje to, \u010do v\u0161etko dok\u00e1\u017eeme na Slovensku pripravi\u0165 a urobi\u0165, aby sme boli \u00faspe\u0161n\u00ed. Percento \u00faspe\u0161n\u00fdch projektov je vysok\u00e9 a nadpriemern\u00e9, \u010do je vidite\u013en\u00e9 rok od roku. Tento v\u00fdvoj pred\u010dil moje o\u010dak\u00e1vania z \u00favodn\u00fdch diskusi\u00ed.<\/p>\n<\/div>\n\n<div id=\"\" class=\"element core-paragraph\">\n<p><strong><strong>3. Ak\u00e9 je va\u0161e prianie alebo odpor\u00fa\u010danie pre KInIT a cel\u00fd t\u00edm?<\/strong><\/strong><\/p>\n<\/div>\n\n<div id=\"\" class=\"element core-paragraph\">\n<p>Teraz je prirodzen\u00e9 nasmerova\u0165 sa sp\u00e4\u0165 k rovnov\u00e1he medzi piliermi, preto\u017ee ve\u013ek\u00fd projekt, ktor\u00fd sa podaril, konkr\u00e9tne projekt lorAI, je ve\u013ek\u00fd \u00faspech. Jeho cie\u013eom nie je len meni\u0165 svet okolo, ale aj posun\u00fa\u0165 KInIT na nov\u00fd level. Budem \u0161\u0165astn\u00fd, ke\u010f za nasleduj\u00facich p\u00e4\u0165 rokov KInIT z toho vyjde e\u0161te silnej\u0161\u00ed a zvl\u00e1dne aj situ\u00e1cie, ke\u010f ve\u013ek\u00fd projekt skon\u010d\u00ed, aby to organiz\u00e1ciou nezatriaslo. Ve\u013ek\u00fd projekt m\u00e1 toti\u017e \u010dasto ve\u013ek\u00fa gravit\u00e1ciu, a preto si na to treba da\u0165 pozor.<\/p>\n<\/div>\n\n<div id=\"\" class=\"element core-paragraph\">\n<p>Dnes je KInIT pribli\u017ene trikr\u00e1t v\u00e4\u010d\u0161\u00ed ako na za\u010diatku, po po\u010dte \u013eud\u00ed aj po mno\u017estve energie, ktor\u00e1 v \u0148om je. St\u00e1le v\u0161ak vn\u00edmam, \u017ee je to organizmus, kde ka\u017ed\u00fd ka\u017ed\u00e9ho pozn\u00e1, \u010do pova\u017eujem za ve\u013emi d\u00f4le\u017eit\u00e9. Je potrebn\u00e9 necha\u0165 r\u00e1s\u0165 \u010fal\u0161ie talenty, aby Majka mala okolo seba \u013eud\u00ed, ktor\u00ed jej pom\u00f4\u017eu \u0165aha\u0165 cel\u00fa organiz\u00e1ciu. Je to pre m\u0148a ve\u013ek\u00e1 t\u00fa\u017eba vidie\u0165, ako okolo Majky vyrast\u00e1 nov\u00e1 gener\u00e1cia \u013eud\u00ed, ktor\u00ed spolo\u010dne s \u0148ou pos\u00favaj\u00fa KInIT dopredu.<\/p>\n<\/div>\n\n<div id=\"\" class=\"element core-image\">\n<figure class=\"wp-block-image size-large\"><img decoding=\"async\" width=\"1500\" height=\"1000\" data-src=\"https:\/\/kinit.sk\/wp-content\/uploads\/2025\/12\/549A0526-1500x1000.jpeg\" alt=\"\" class=\"wp-image-39516 lazyload\" data-srcset=\"https:\/\/kinit.sk\/wp-content\/uploads\/2025\/12\/549A0526-1500x1000.jpeg 1500w, https:\/\/kinit.sk\/wp-content\/uploads\/2025\/12\/549A0526-800x533.jpeg 800w, https:\/\/kinit.sk\/wp-content\/uploads\/2025\/12\/549A0526-768x512.jpeg 768w, https:\/\/kinit.sk\/wp-content\/uploads\/2025\/12\/549A0526-1536x1024.jpeg 1536w, https:\/\/kinit.sk\/wp-content\/uploads\/2025\/12\/549A0526-600x400.jpeg 600w, https:\/\/kinit.sk\/wp-content\/uploads\/2025\/12\/549A0526-900x600.jpeg 900w, https:\/\/kinit.sk\/wp-content\/uploads\/2025\/12\/549A0526.jpeg 2048w\" data-sizes=\"(max-width: 1500px) 100vw, 1500px\" src=\"data:image\/svg+xml;base64,PHN2ZyB3aWR0aD0iMSIgaGVpZ2h0PSIxIiB4bWxucz0iaHR0cDovL3d3dy53My5vcmcvMjAwMC9zdmciPjwvc3ZnPg==\" style=\"--smush-placeholder-width: 1500px; --smush-placeholder-aspect-ratio: 1500\/1000;\" \/><\/figure>\n<\/div>\n\n<div id=\"\" class=\"element core-separator\">\n<hr class=\"wp-block-separator has-alpha-channel-opacity\"\/>\n<\/div>\n\n<div id=\"\" class=\"element core-paragraph\">\n<p><em>The visit was organised in collaboration with the lorAI project, one of the goals of which is to attend, contribute to, or organise events aimed at promoting science among young people and the general public.<\/em><\/p>\n<\/div>\n\n<div id=\"\" class=\"element acf-logos fullwidth border-top padding-bottom-0\">\n<section class=\"logos  fullwidth border-top padding-bottom-0\" style=\"background-color: #ffffff;\">\n\t<div class=\"wrapper-out\">\n\t\t<div class=\"wrapper-in\">\n\t\t\t<div class=\"in cf\">\n\t\t\t\t<div class=\"element-inner\">\n\t\t\t\t\t\t\t\t\t\t\t\t\t\t\t<div class=\"logos-wrap logos-grid logos-grid-6\">\n\t\t\t\t\t\t\t\t\t\t\t\t\t\t\t\t\t\t\t\t\t<div class=\"logo\">\n\t\t\t\t\t\t\t\t\t<div class=\"inner\">\n\t\t\t\t\t\t\t\t\t\t<img decoding=\"async\" src=\"\" alt=\"\">\t\t\t\t\t\t\t\t\t<\/div>\n\t\t\t\t\t\t\t\t<\/div>\n\t\t\t\t\t\t\t\t\t\t\t\t\t\t\t<div class=\"logo\">\n\t\t\t\t\t\t\t\t\t<div class=\"inner\">\n\t\t\t\t\t\t\t\t\t\t<img decoding=\"async\" src=\"\" alt=\"\">\t\t\t\t\t\t\t\t\t<\/div>\n\t\t\t\t\t\t\t\t<\/div>\n\t\t\t\t\t\t\t\t\t\t\t\t\t\t\t<div class=\"logo larger\">\n\t\t\t\t\t\t\t\t\t<div class=\"inner\">\n\t\t\t\t\t\t\t\t\t\t<a href=\"https:\/\/www.lorai.eu\/\" target=\"_blank\"><img decoding=\"async\" data-src=\"https:\/\/kinit.sk\/wp-content\/uploads\/2025\/05\/lorAI-LOGO-final-transparent-bg-300x78.png\" alt=\"lorAI LOGO final transparent bg\" src=\"data:image\/svg+xml;base64,PHN2ZyB3aWR0aD0iMSIgaGVpZ2h0PSIxIiB4bWxucz0iaHR0cDovL3d3dy53My5vcmcvMjAwMC9zdmciPjwvc3ZnPg==\" class=\"lazyload\" style=\"--smush-placeholder-width: 300px; --smush-placeholder-aspect-ratio: 300\/78;\"><\/a>\t\t\t\t\t\t\t\t\t<\/div>\n\t\t\t\t\t\t\t\t<\/div>\n\t\t\t\t\t\t\t\t\t\t\t\t\t\t\t<div class=\"logo larger\">\n\t\t\t\t\t\t\t\t\t<div class=\"inner\">\n\t\t\t\t\t\t\t\t\t\t<img decoding=\"async\" data-src=\"https:\/\/kinit.sk\/wp-content\/uploads\/2025\/05\/EN_FundedbytheEU_RGB_POS-300x67.png\" alt=\"EN_FundedbytheEU_RGB_POS\" src=\"data:image\/svg+xml;base64,PHN2ZyB3aWR0aD0iMSIgaGVpZ2h0PSIxIiB4bWxucz0iaHR0cDovL3d3dy53My5vcmcvMjAwMC9zdmciPjwvc3ZnPg==\" class=\"lazyload\" style=\"--smush-placeholder-width: 300px; --smush-placeholder-aspect-ratio: 300\/67;\">\t\t\t\t\t\t\t\t\t<\/div>\n\t\t\t\t\t\t\t\t<\/div>\n\t\t\t\t\t\t\t\t\t\t\t\t\t\t\t<div class=\"logo\">\n\t\t\t\t\t\t\t\t\t<div class=\"inner\">\n\t\t\t\t\t\t\t\t\t\t<img decoding=\"async\" data-src=\"https:\/\/kinit.sk\/wp-content\/uploads\/2025\/05\/PS_logo_EN_basic-300x257.png\" alt=\"PS_logo_EN_basic\" src=\"data:image\/svg+xml;base64,PHN2ZyB3aWR0aD0iMSIgaGVpZ2h0PSIxIiB4bWxucz0iaHR0cDovL3d3dy53My5vcmcvMjAwMC9zdmciPjwvc3ZnPg==\" class=\"lazyload\" style=\"--smush-placeholder-width: 300px; --smush-placeholder-aspect-ratio: 300\/257;\">\t\t\t\t\t\t\t\t\t<\/div>\n\t\t\t\t\t\t\t\t<\/div>\n\t\t\t\t\t\t\t\t\t\t\t\t\t\t\t<div class=\"logo\">\n\t\t\t\t\t\t\t\t\t<div class=\"inner\">\n\t\t\t\t\t\t\t\t\t\t<img decoding=\"async\" src=\"\" alt=\"\">\t\t\t\t\t\t\t\t\t<\/div>\n\t\t\t\t\t\t\t\t<\/div>\n\t\t\t\t\t\t\t\t\t\t\t\t\t\t\t\t\t\t<\/div>\n\t\t\t\t\t\t\t\t\t<\/div>\n\t\t\t<\/div>\n\t\t<\/div>\n\t<\/div>\n<\/section> \n<\/div>\n\n<div id=\"\" class=\"element core-heading\">\n<h2 class=\"wp-block-heading\">Na\u0161i podporovatelia<\/h2>\n<\/div>\n\n<div id=\"\" class=\"element acf-logos fullwidth border-top padding-bottom-0\">\n<section class=\"logos  fullwidth border-top padding-bottom-0\" style=\"background-color: #ffffff;\">\n\t<div class=\"wrapper-out\">\n\t\t<div class=\"wrapper-in\">\n\t\t\t<div class=\"in cf\">\n\t\t\t\t<div class=\"element-inner\">\n\t\t\t\t\t\t\t\t\t\t\t\t\t\t\t<div class=\"logos-wrap logos-grid logos-grid-6\">\n\t\t\t\t\t\t\t\t\t\t\t\t\t\t\t\t\t\t\t\t\t<div class=\"logo\">\n\t\t\t\t\t\t\t\t\t<div class=\"inner\">\n\t\t\t\t\t\t\t\t\t\t<img decoding=\"async\" src=\"\" alt=\"\">\t\t\t\t\t\t\t\t\t<\/div>\n\t\t\t\t\t\t\t\t<\/div>\n\t\t\t\t\t\t\t\t\t\t\t\t\t\t\t<div class=\"logo\">\n\t\t\t\t\t\t\t\t\t<div class=\"inner\">\n\t\t\t\t\t\t\t\t\t\t<img decoding=\"async\" src=\"\" alt=\"\">\t\t\t\t\t\t\t\t\t<\/div>\n\t\t\t\t\t\t\t\t<\/div>\n\t\t\t\t\t\t\t\t\t\t\t\t\t\t\t<div class=\"logo\">\n\t\t\t\t\t\t\t\t\t<div class=\"inner\">\n\t\t\t\t\t\t\t\t\t\t<img decoding=\"async\" data-src=\"https:\/\/kinit.sk\/wp-content\/uploads\/2021\/02\/eset-300x113.png\" alt=\"eset\" src=\"data:image\/svg+xml;base64,PHN2ZyB3aWR0aD0iMSIgaGVpZ2h0PSIxIiB4bWxucz0iaHR0cDovL3d3dy53My5vcmcvMjAwMC9zdmciPjwvc3ZnPg==\" class=\"lazyload\" style=\"--smush-placeholder-width: 300px; --smush-placeholder-aspect-ratio: 300\/113;\">\t\t\t\t\t\t\t\t\t<\/div>\n\t\t\t\t\t\t\t\t<\/div>\n\t\t\t\t\t\t\t\t\t\t\t\t\t\t\t<div class=\"logo\">\n\t\t\t\t\t\t\t\t\t<div class=\"inner\">\n\t\t\t\t\t\t\t\t\t\t<img decoding=\"async\" data-src=\"https:\/\/kinit.sk\/wp-content\/uploads\/2021\/02\/tatrabanka.svg\" alt=\"tatrabanka\" src=\"data:image\/svg+xml;base64,PHN2ZyB3aWR0aD0iMSIgaGVpZ2h0PSIxIiB4bWxucz0iaHR0cDovL3d3dy53My5vcmcvMjAwMC9zdmciPjwvc3ZnPg==\" class=\"lazyload\">\t\t\t\t\t\t\t\t\t<\/div>\n\t\t\t\t\t\t\t\t<\/div>\n\t\t\t\t\t\t\t\t\t\t\t\t\t\t\t<div class=\"logo\">\n\t\t\t\t\t\t\t\t\t<div class=\"inner\">\n\t\t\t\t\t\t\t\t\t\t<img decoding=\"async\" data-src=\"https:\/\/kinit.sk\/wp-content\/uploads\/2022\/06\/innovatrics-logo-svg.svg\" alt=\"innovatrics logo svg\" src=\"data:image\/svg+xml;base64,PHN2ZyB3aWR0aD0iMSIgaGVpZ2h0PSIxIiB4bWxucz0iaHR0cDovL3d3dy53My5vcmcvMjAwMC9zdmciPjwvc3ZnPg==\" class=\"lazyload\">\t\t\t\t\t\t\t\t\t<\/div>\n\t\t\t\t\t\t\t\t<\/div>\n\t\t\t\t\t\t\t\t\t\t\t\t\t\t\t<div class=\"logo\">\n\t\t\t\t\t\t\t\t\t<div class=\"inner\">\n\t\t\t\t\t\t\t\t\t\t<img decoding=\"async\" data-src=\"https:\/\/kinit.sk\/wp-content\/uploads\/2021\/02\/seesame.svg\" alt=\"seesame\" src=\"data:image\/svg+xml;base64,PHN2ZyB3aWR0aD0iMSIgaGVpZ2h0PSIxIiB4bWxucz0iaHR0cDovL3d3dy53My5vcmcvMjAwMC9zdmciPjwvc3ZnPg==\" class=\"lazyload\">\t\t\t\t\t\t\t\t\t<\/div>\n\t\t\t\t\t\t\t\t<\/div>\n\t\t\t\t\t\t\t\t\t\t\t\t\t\t\t<div class=\"logo\">\n\t\t\t\t\t\t\t\t\t<div class=\"inner\">\n\t\t\t\t\t\t\t\t\t\t<img decoding=\"async\" src=\"\" alt=\"\">\t\t\t\t\t\t\t\t\t<\/div>\n\t\t\t\t\t\t\t\t<\/div>\n\t\t\t\t\t\t\t\t\t\t\t\t\t\t\t<div class=\"logo\">\n\t\t\t\t\t\t\t\t\t<div class=\"inner\">\n\t\t\t\t\t\t\t\t\t\t<img decoding=\"async\" src=\"\" alt=\"\">\t\t\t\t\t\t\t\t\t<\/div>\n\t\t\t\t\t\t\t\t<\/div>\n\t\t\t\t\t\t\t\t\t\t\t\t\t\t\t<div class=\"logo\">\n\t\t\t\t\t\t\t\t\t<div class=\"inner\">\n\t\t\t\t\t\t\t\t\t\t<img decoding=\"async\" data-src=\"https:\/\/kinit.sk\/wp-content\/uploads\/2021\/02\/softec.svg\" alt=\"softec\" src=\"data:image\/svg+xml;base64,PHN2ZyB3aWR0aD0iMSIgaGVpZ2h0PSIxIiB4bWxucz0iaHR0cDovL3d3dy53My5vcmcvMjAwMC9zdmciPjwvc3ZnPg==\" class=\"lazyload\">\t\t\t\t\t\t\t\t\t<\/div>\n\t\t\t\t\t\t\t\t<\/div>\n\t\t\t\t\t\t\t\t\t\t\t\t\t\t\t<div class=\"logo\">\n\t\t\t\t\t\t\t\t\t<div class=\"inner\">\n\t\t\t\t\t\t\t\t\t\t<img decoding=\"async\" data-src=\"https:\/\/kinit.sk\/wp-content\/uploads\/2024\/07\/Aliter_Technologies_logo_blue_horizontal_RGB-300x150.png\" alt=\"Aliter_Technologies_logo_blue_horizontal_RGB\" src=\"data:image\/svg+xml;base64,PHN2ZyB3aWR0aD0iMSIgaGVpZ2h0PSIxIiB4bWxucz0iaHR0cDovL3d3dy53My5vcmcvMjAwMC9zdmciPjwvc3ZnPg==\" class=\"lazyload\" style=\"--smush-placeholder-width: 300px; --smush-placeholder-aspect-ratio: 300\/150;\">\t\t\t\t\t\t\t\t\t<\/div>\n\t\t\t\t\t\t\t\t<\/div>\n\t\t\t\t\t\t\t\t\t\t\t\t\t\t\t<div class=\"logo\">\n\t\t\t\t\t\t\t\t\t<div class=\"inner\">\n\t\t\t\t\t\t\t\t\t\t<img decoding=\"async\" data-src=\"https:\/\/kinit.sk\/wp-content\/uploads\/2024\/07\/AWS_logo_RGB-300x179.png\" alt=\"AWS_logo_RGB\" src=\"data:image\/svg+xml;base64,PHN2ZyB3aWR0aD0iMSIgaGVpZ2h0PSIxIiB4bWxucz0iaHR0cDovL3d3dy53My5vcmcvMjAwMC9zdmciPjwvc3ZnPg==\" class=\"lazyload\" style=\"--smush-placeholder-width: 300px; --smush-placeholder-aspect-ratio: 300\/179;\">\t\t\t\t\t\t\t\t\t<\/div>\n\t\t\t\t\t\t\t\t<\/div>\n\t\t\t\t\t\t\t\t\t\t\t\t\t\t\t<div class=\"logo\">\n\t\t\t\t\t\t\t\t\t<div class=\"inner\">\n\t\t\t\t\t\t\t\t\t\t<img decoding=\"async\" data-src=\"https:\/\/kinit.sk\/wp-content\/uploads\/2021\/10\/CSOB-nadacia_logo-300x258.png\" alt=\"\u010cSOB nad\u00e1cia_logo\" src=\"data:image\/svg+xml;base64,PHN2ZyB3aWR0aD0iMSIgaGVpZ2h0PSIxIiB4bWxucz0iaHR0cDovL3d3dy53My5vcmcvMjAwMC9zdmciPjwvc3ZnPg==\" class=\"lazyload\" style=\"--smush-placeholder-width: 300px; --smush-placeholder-aspect-ratio: 300\/258;\">\t\t\t\t\t\t\t\t\t<\/div>\n\t\t\t\t\t\t\t\t<\/div>\n\t\t\t\t\t\t\t\t\t\t\t\t\t\t\t<div class=\"logo\">\n\t\t\t\t\t\t\t\t\t<div class=\"inner\">\n\t\t\t\t\t\t\t\t\t\t<img decoding=\"async\" src=\"\" alt=\"\">\t\t\t\t\t\t\t\t\t<\/div>\n\t\t\t\t\t\t\t\t<\/div>\n\t\t\t\t\t\t\t\t\t\t\t\t\t\t\t<div class=\"logo\">\n\t\t\t\t\t\t\t\t\t<div class=\"inner\">\n\t\t\t\t\t\t\t\t\t\t<img decoding=\"async\" src=\"\" alt=\"\">\t\t\t\t\t\t\t\t\t<\/div>\n\t\t\t\t\t\t\t\t<\/div>\n\t\t\t\t\t\t\t\t\t\t\t\t\t\t\t<div class=\"logo\">\n\t\t\t\t\t\t\t\t\t<div class=\"inner\">\n\t\t\t\t\t\t\t\t\t\t<img decoding=\"async\" data-src=\"https:\/\/kinit.sk\/wp-content\/uploads\/2023\/05\/logo-300x68.png\" alt=\"logo\" src=\"data:image\/svg+xml;base64,PHN2ZyB3aWR0aD0iMSIgaGVpZ2h0PSIxIiB4bWxucz0iaHR0cDovL3d3dy53My5vcmcvMjAwMC9zdmciPjwvc3ZnPg==\" class=\"lazyload\" style=\"--smush-placeholder-width: 300px; --smush-placeholder-aspect-ratio: 300\/68;\">\t\t\t\t\t\t\t\t\t<\/div>\n\t\t\t\t\t\t\t\t<\/div>\n\t\t\t\t\t\t\t\t\t\t\t\t\t\t\t<div class=\"logo\">\n\t\t\t\t\t\t\t\t\t<div class=\"inner\">\n\t\t\t\t\t\t\t\t\t\t<img decoding=\"async\" data-src=\"https:\/\/kinit.sk\/wp-content\/uploads\/2023\/05\/MetLife-300x68.png\" alt=\"MetLife\" src=\"data:image\/svg+xml;base64,PHN2ZyB3aWR0aD0iMSIgaGVpZ2h0PSIxIiB4bWxucz0iaHR0cDovL3d3dy53My5vcmcvMjAwMC9zdmciPjwvc3ZnPg==\" class=\"lazyload\" style=\"--smush-placeholder-width: 300px; --smush-placeholder-aspect-ratio: 300\/68;\">\t\t\t\t\t\t\t\t\t<\/div>\n\t\t\t\t\t\t\t\t<\/div>\n\t\t\t\t\t\t\t\t\t\t\t\t\t\t\t<div class=\"logo\">\n\t\t\t\t\t\t\t\t\t<div class=\"inner\">\n\t\t\t\t\t\t\t\t\t\t<img decoding=\"async\" data-src=\"https:\/\/kinit.sk\/wp-content\/uploads\/2021\/09\/nalgoo-300x170.png\" alt=\"nalgoo\" src=\"data:image\/svg+xml;base64,PHN2ZyB3aWR0aD0iMSIgaGVpZ2h0PSIxIiB4bWxucz0iaHR0cDovL3d3dy53My5vcmcvMjAwMC9zdmciPjwvc3ZnPg==\" class=\"lazyload\" style=\"--smush-placeholder-width: 300px; --smush-placeholder-aspect-ratio: 300\/170;\">\t\t\t\t\t\t\t\t\t<\/div>\n\t\t\t\t\t\t\t\t<\/div>\n\t\t\t\t\t\t\t\t\t\t\t\t\t\t\t<div class=\"logo\">\n\t\t\t\t\t\t\t\t\t<div class=\"inner\">\n\t\t\t\t\t\t\t\t\t\t<img decoding=\"async\" data-src=\"https:\/\/kinit.sk\/wp-content\/uploads\/2025\/10\/PwC_logo_cmyk_black-300x193.png\" alt=\"PwC_logo_cmyk_black\" src=\"data:image\/svg+xml;base64,PHN2ZyB3aWR0aD0iMSIgaGVpZ2h0PSIxIiB4bWxucz0iaHR0cDovL3d3dy53My5vcmcvMjAwMC9zdmciPjwvc3ZnPg==\" class=\"lazyload\" style=\"--smush-placeholder-width: 300px; --smush-placeholder-aspect-ratio: 300\/193;\">\t\t\t\t\t\t\t\t\t<\/div>\n\t\t\t\t\t\t\t\t<\/div>\n\t\t\t\t\t\t\t\t\t\t\t\t\t\t\t<div class=\"logo\">\n\t\t\t\t\t\t\t\t\t<div class=\"inner\">\n\t\t\t\t\t\t\t\t\t\t<img decoding=\"async\" src=\"\" alt=\"\">\t\t\t\t\t\t\t\t\t<\/div>\n\t\t\t\t\t\t\t\t<\/div>\n\t\t\t\t\t\t\t\t\t\t\t\t\t\t\t<div class=\"logo\">\n\t\t\t\t\t\t\t\t\t<div class=\"inner\">\n\t\t\t\t\t\t\t\t\t\t<img decoding=\"async\" src=\"\" alt=\"\">\t\t\t\t\t\t\t\t\t<\/div>\n\t\t\t\t\t\t\t\t<\/div>\n\t\t\t\t\t\t\t\t\t\t\t\t\t\t\t<div class=\"logo\">\n\t\t\t\t\t\t\t\t\t<div class=\"inner\">\n\t\t\t\t\t\t\t\t\t\t<img decoding=\"async\" data-src=\"https:\/\/kinit.sk\/wp-content\/uploads\/2025\/10\/The-SPOT-Logo-300x297.png\" alt=\"The SPOT Logo\" src=\"data:image\/svg+xml;base64,PHN2ZyB3aWR0aD0iMSIgaGVpZ2h0PSIxIiB4bWxucz0iaHR0cDovL3d3dy53My5vcmcvMjAwMC9zdmciPjwvc3ZnPg==\" class=\"lazyload\" style=\"--smush-placeholder-width: 300px; --smush-placeholder-aspect-ratio: 300\/297;\">\t\t\t\t\t\t\t\t\t<\/div>\n\t\t\t\t\t\t\t\t<\/div>\n\t\t\t\t\t\t\t\t\t\t\t\t\t\t\t<div class=\"logo larger\">\n\t\t\t\t\t\t\t\t\t<div class=\"inner\">\n\t\t\t\t\t\t\t\t\t\t<img decoding=\"async\" data-src=\"https:\/\/kinit.sk\/wp-content\/uploads\/2021\/02\/Bez-nazvu-300x72.png\" alt=\"Zmekova\" src=\"data:image\/svg+xml;base64,PHN2ZyB3aWR0aD0iMSIgaGVpZ2h0PSIxIiB4bWxucz0iaHR0cDovL3d3dy53My5vcmcvMjAwMC9zdmciPjwvc3ZnPg==\" class=\"lazyload\" style=\"--smush-placeholder-width: 300px; --smush-placeholder-aspect-ratio: 300\/72;\">\t\t\t\t\t\t\t\t\t<\/div>\n\t\t\t\t\t\t\t\t<\/div>\n\t\t\t\t\t\t\t\t\t\t\t\t\t\t\t\t\t\t<\/div>\n\t\t\t\t\t\t\t\t\t<\/div>\n\t\t\t<\/div>\n\t\t<\/div>\n\t<\/div>\n<\/section> \n<\/div>","protected":false},"excerpt":{"rendered":"<p>Ka\u017ed\u00fd pr\u00edbeh m\u00e1 svoje etapy. Nad\u0161en\u00e9 za\u010diatky, chv\u00edle neistoty, ale aj momenty, ke\u010f si povieme, \u017ee to cel\u00e9 st\u00e1lo za to. My v KInITe sme sa pr\u00e1ve do takej f\u00e1zy&#8230;<\/p>\n","protected":false},"author":38,"featured_media":39488,"comment_status":"closed","ping_status":"closed","sticky":false,"template":"","format":"standard","meta":{"_acf_changed":false,"footnotes":""},"categories":[83,520],"tags":[529,537],"class_list":["post-39530","post","type-post","status-publish","format-standard","has-post-thumbnail","hentry","category-news-sk","category-2025-sk","tag-lorai","tag-kinit"],"acf":[],"yoast_head":"<!-- This site is optimized with the Yoast SEO plugin v27.4 - https:\/\/yoast.com\/product\/yoast-seo-wordpress\/ -->\n<title>KInIT a lorAI yearly retrospective - KInIT<\/title>\n<meta name=\"description\" content=\"Ka\u017ed\u00fd pr\u00edbeh m\u00e1 svoje etapy. Nad\u0161en\u00e9 za\u010diatky, chv\u00edle neistoty, ale aj momenty, ke\u010f si povieme, \u017ee to cel\u00e9 st\u00e1lo za to. My v KInITe...\" \/>\n<meta name=\"robots\" content=\"index, follow, max-snippet:-1, max-image-preview:large, max-video-preview:-1\" \/>\n<link rel=\"canonical\" href=\"https:\/\/kinit.sk\/sk\/kinit-a-lorai-yearly-retrospective\/\" \/>\n<meta property=\"og:locale\" content=\"sk_SK\" \/>\n<meta property=\"og:type\" content=\"article\" \/>\n<meta property=\"og:title\" content=\"KInIT a lorAI yearly retrospective - KInIT\" \/>\n<meta property=\"og:description\" content=\"Ka\u017ed\u00fd pr\u00edbeh m\u00e1 svoje etapy. Nad\u0161en\u00e9 za\u010diatky, chv\u00edle neistoty, ale aj momenty, ke\u010f si povieme, \u017ee to cel\u00e9 st\u00e1lo za to. My v KInITe...\" \/>\n<meta property=\"og:url\" content=\"https:\/\/kinit.sk\/sk\/kinit-a-lorai-yearly-retrospective\/\" \/>\n<meta property=\"og:site_name\" content=\"KInIT\" \/>\n<meta property=\"article:published_time\" content=\"2025-12-02T15:04:17+00:00\" \/>\n<meta property=\"article:modified_time\" content=\"2025-12-09T21:29:11+00:00\" \/>\n<meta property=\"og:image\" content=\"https:\/\/kinit.sk\/wp-content\/uploads\/2025\/12\/KInIT-x-lorAI-retrospective_feature-image_reduced-scaled.png\" \/>\n\t<meta property=\"og:image:width\" content=\"2560\" \/>\n\t<meta property=\"og:image:height\" content=\"1340\" \/>\n\t<meta property=\"og:image:type\" content=\"image\/png\" \/>\n<meta name=\"author\" content=\"Emma Kom\u00e1rov\u00e1\" \/>\n<meta name=\"twitter:card\" content=\"summary_large_image\" \/>\n<meta name=\"twitter:creator\" content=\"@kinit\" \/>\n<meta name=\"twitter:site\" content=\"@kinit\" \/>\n<meta name=\"twitter:label1\" content=\"Autor\" \/>\n\t<meta name=\"twitter:data1\" content=\"Emma Kom\u00e1rov\u00e1\" \/>\n\t<meta name=\"twitter:label2\" content=\"Predpokladan\u00fd \u010das \u010d\u00edtania\" \/>\n\t<meta name=\"twitter:data2\" content=\"16 min\u00fat\" \/>\n<script type=\"application\/ld+json\" class=\"yoast-schema-graph\">{\"@context\":\"https:\\\/\\\/schema.org\",\"@graph\":[{\"@type\":\"Article\",\"@id\":\"https:\\\/\\\/kinit.sk\\\/sk\\\/kinit-a-lorai-yearly-retrospective\\\/#article\",\"isPartOf\":{\"@id\":\"https:\\\/\\\/kinit.sk\\\/sk\\\/kinit-a-lorai-yearly-retrospective\\\/\"},\"author\":{\"name\":\"Emma Kom\u00e1rov\u00e1\",\"@id\":\"https:\\\/\\\/kinit.sk\\\/#\\\/schema\\\/person\\\/1a55de059d137d9722d8f85cd8e2550f\"},\"headline\":\"KInIT a lorAI yearly retrospective\",\"datePublished\":\"2025-12-02T15:04:17+00:00\",\"dateModified\":\"2025-12-09T21:29:11+00:00\",\"mainEntityOfPage\":{\"@id\":\"https:\\\/\\\/kinit.sk\\\/sk\\\/kinit-a-lorai-yearly-retrospective\\\/\"},\"wordCount\":3964,\"image\":{\"@id\":\"https:\\\/\\\/kinit.sk\\\/sk\\\/kinit-a-lorai-yearly-retrospective\\\/#primaryimage\"},\"thumbnailUrl\":\"https:\\\/\\\/kinit.sk\\\/wp-content\\\/uploads\\\/2025\\\/12\\\/KInIT-x-lorAI-retrospective_feature-image_reduced-scaled.png\",\"keywords\":[\"lorAI\",\"kinit\"],\"articleSection\":[\"News\",\"2025\"],\"inLanguage\":\"sk-SK\"},{\"@type\":\"WebPage\",\"@id\":\"https:\\\/\\\/kinit.sk\\\/sk\\\/kinit-a-lorai-yearly-retrospective\\\/\",\"url\":\"https:\\\/\\\/kinit.sk\\\/sk\\\/kinit-a-lorai-yearly-retrospective\\\/\",\"name\":\"KInIT a lorAI yearly retrospective - KInIT\",\"isPartOf\":{\"@id\":\"https:\\\/\\\/kinit.sk\\\/#website\"},\"primaryImageOfPage\":{\"@id\":\"https:\\\/\\\/kinit.sk\\\/sk\\\/kinit-a-lorai-yearly-retrospective\\\/#primaryimage\"},\"image\":{\"@id\":\"https:\\\/\\\/kinit.sk\\\/sk\\\/kinit-a-lorai-yearly-retrospective\\\/#primaryimage\"},\"thumbnailUrl\":\"https:\\\/\\\/kinit.sk\\\/wp-content\\\/uploads\\\/2025\\\/12\\\/KInIT-x-lorAI-retrospective_feature-image_reduced-scaled.png\",\"datePublished\":\"2025-12-02T15:04:17+00:00\",\"dateModified\":\"2025-12-09T21:29:11+00:00\",\"author\":{\"@id\":\"https:\\\/\\\/kinit.sk\\\/#\\\/schema\\\/person\\\/1a55de059d137d9722d8f85cd8e2550f\"},\"description\":\"Ka\u017ed\u00fd pr\u00edbeh m\u00e1 svoje etapy. Nad\u0161en\u00e9 za\u010diatky, chv\u00edle neistoty, ale aj momenty, ke\u010f si povieme, \u017ee to cel\u00e9 st\u00e1lo za to. My v KInITe...\",\"breadcrumb\":{\"@id\":\"https:\\\/\\\/kinit.sk\\\/sk\\\/kinit-a-lorai-yearly-retrospective\\\/#breadcrumb\"},\"inLanguage\":\"sk-SK\",\"potentialAction\":[{\"@type\":\"ReadAction\",\"target\":[\"https:\\\/\\\/kinit.sk\\\/sk\\\/kinit-a-lorai-yearly-retrospective\\\/\"]}]},{\"@type\":\"ImageObject\",\"inLanguage\":\"sk-SK\",\"@id\":\"https:\\\/\\\/kinit.sk\\\/sk\\\/kinit-a-lorai-yearly-retrospective\\\/#primaryimage\",\"url\":\"https:\\\/\\\/kinit.sk\\\/wp-content\\\/uploads\\\/2025\\\/12\\\/KInIT-x-lorAI-retrospective_feature-image_reduced-scaled.png\",\"contentUrl\":\"https:\\\/\\\/kinit.sk\\\/wp-content\\\/uploads\\\/2025\\\/12\\\/KInIT-x-lorAI-retrospective_feature-image_reduced-scaled.png\",\"width\":2560,\"height\":1340},{\"@type\":\"BreadcrumbList\",\"@id\":\"https:\\\/\\\/kinit.sk\\\/sk\\\/kinit-a-lorai-yearly-retrospective\\\/#breadcrumb\",\"itemListElement\":[{\"@type\":\"ListItem\",\"position\":1,\"name\":\"Home\",\"item\":\"https:\\\/\\\/kinit.sk\\\/sk\\\/\"},{\"@type\":\"ListItem\",\"position\":2,\"name\":\"2025\",\"item\":\"https:\\\/\\\/kinit.sk\\\/sk\\\/category\\\/2025-sk\\\/\"},{\"@type\":\"ListItem\",\"position\":3,\"name\":\"KInIT a lorAI yearly retrospective\"}]},{\"@type\":\"WebSite\",\"@id\":\"https:\\\/\\\/kinit.sk\\\/#website\",\"url\":\"https:\\\/\\\/kinit.sk\\\/\",\"name\":\"KInIT\",\"description\":\"Vyu\u017e\u00edvame v\u00fdskum pre \u013eud\u00ed a priemysel\",\"potentialAction\":[{\"@type\":\"SearchAction\",\"target\":{\"@type\":\"EntryPoint\",\"urlTemplate\":\"https:\\\/\\\/kinit.sk\\\/?s={search_term_string}\"},\"query-input\":{\"@type\":\"PropertyValueSpecification\",\"valueRequired\":true,\"valueName\":\"search_term_string\"}}],\"inLanguage\":\"sk-SK\"},{\"@type\":\"Person\",\"@id\":\"https:\\\/\\\/kinit.sk\\\/#\\\/schema\\\/person\\\/1a55de059d137d9722d8f85cd8e2550f\",\"name\":\"Emma Kom\u00e1rov\u00e1\"}]}<\/script>\n<!-- \/ Yoast SEO plugin. -->","yoast_head_json":{"title":"KInIT a lorAI yearly retrospective - KInIT","description":"Ka\u017ed\u00fd pr\u00edbeh m\u00e1 svoje etapy. Nad\u0161en\u00e9 za\u010diatky, chv\u00edle neistoty, ale aj momenty, ke\u010f si povieme, \u017ee to cel\u00e9 st\u00e1lo za to. My v KInITe...","robots":{"index":"index","follow":"follow","max-snippet":"max-snippet:-1","max-image-preview":"max-image-preview:large","max-video-preview":"max-video-preview:-1"},"canonical":"https:\/\/kinit.sk\/sk\/kinit-a-lorai-yearly-retrospective\/","og_locale":"sk_SK","og_type":"article","og_title":"KInIT a lorAI yearly retrospective - KInIT","og_description":"Ka\u017ed\u00fd pr\u00edbeh m\u00e1 svoje etapy. Nad\u0161en\u00e9 za\u010diatky, chv\u00edle neistoty, ale aj momenty, ke\u010f si povieme, \u017ee to cel\u00e9 st\u00e1lo za to. My v KInITe...","og_url":"https:\/\/kinit.sk\/sk\/kinit-a-lorai-yearly-retrospective\/","og_site_name":"KInIT","article_published_time":"2025-12-02T15:04:17+00:00","article_modified_time":"2025-12-09T21:29:11+00:00","og_image":[{"width":2560,"height":1340,"url":"https:\/\/kinit.sk\/wp-content\/uploads\/2025\/12\/KInIT-x-lorAI-retrospective_feature-image_reduced-scaled.png","type":"image\/png"}],"author":"Emma Kom\u00e1rov\u00e1","twitter_card":"summary_large_image","twitter_creator":"@kinit","twitter_site":"@kinit","twitter_misc":{"Autor":"Emma Kom\u00e1rov\u00e1","Predpokladan\u00fd \u010das \u010d\u00edtania":"16 min\u00fat"},"schema":{"@context":"https:\/\/schema.org","@graph":[{"@type":"Article","@id":"https:\/\/kinit.sk\/sk\/kinit-a-lorai-yearly-retrospective\/#article","isPartOf":{"@id":"https:\/\/kinit.sk\/sk\/kinit-a-lorai-yearly-retrospective\/"},"author":{"name":"Emma Kom\u00e1rov\u00e1","@id":"https:\/\/kinit.sk\/#\/schema\/person\/1a55de059d137d9722d8f85cd8e2550f"},"headline":"KInIT a lorAI yearly retrospective","datePublished":"2025-12-02T15:04:17+00:00","dateModified":"2025-12-09T21:29:11+00:00","mainEntityOfPage":{"@id":"https:\/\/kinit.sk\/sk\/kinit-a-lorai-yearly-retrospective\/"},"wordCount":3964,"image":{"@id":"https:\/\/kinit.sk\/sk\/kinit-a-lorai-yearly-retrospective\/#primaryimage"},"thumbnailUrl":"https:\/\/kinit.sk\/wp-content\/uploads\/2025\/12\/KInIT-x-lorAI-retrospective_feature-image_reduced-scaled.png","keywords":["lorAI","kinit"],"articleSection":["News","2025"],"inLanguage":"sk-SK"},{"@type":"WebPage","@id":"https:\/\/kinit.sk\/sk\/kinit-a-lorai-yearly-retrospective\/","url":"https:\/\/kinit.sk\/sk\/kinit-a-lorai-yearly-retrospective\/","name":"KInIT a lorAI yearly retrospective - KInIT","isPartOf":{"@id":"https:\/\/kinit.sk\/#website"},"primaryImageOfPage":{"@id":"https:\/\/kinit.sk\/sk\/kinit-a-lorai-yearly-retrospective\/#primaryimage"},"image":{"@id":"https:\/\/kinit.sk\/sk\/kinit-a-lorai-yearly-retrospective\/#primaryimage"},"thumbnailUrl":"https:\/\/kinit.sk\/wp-content\/uploads\/2025\/12\/KInIT-x-lorAI-retrospective_feature-image_reduced-scaled.png","datePublished":"2025-12-02T15:04:17+00:00","dateModified":"2025-12-09T21:29:11+00:00","author":{"@id":"https:\/\/kinit.sk\/#\/schema\/person\/1a55de059d137d9722d8f85cd8e2550f"},"description":"Ka\u017ed\u00fd pr\u00edbeh m\u00e1 svoje etapy. Nad\u0161en\u00e9 za\u010diatky, chv\u00edle neistoty, ale aj momenty, ke\u010f si povieme, \u017ee to cel\u00e9 st\u00e1lo za to. My v KInITe...","breadcrumb":{"@id":"https:\/\/kinit.sk\/sk\/kinit-a-lorai-yearly-retrospective\/#breadcrumb"},"inLanguage":"sk-SK","potentialAction":[{"@type":"ReadAction","target":["https:\/\/kinit.sk\/sk\/kinit-a-lorai-yearly-retrospective\/"]}]},{"@type":"ImageObject","inLanguage":"sk-SK","@id":"https:\/\/kinit.sk\/sk\/kinit-a-lorai-yearly-retrospective\/#primaryimage","url":"https:\/\/kinit.sk\/wp-content\/uploads\/2025\/12\/KInIT-x-lorAI-retrospective_feature-image_reduced-scaled.png","contentUrl":"https:\/\/kinit.sk\/wp-content\/uploads\/2025\/12\/KInIT-x-lorAI-retrospective_feature-image_reduced-scaled.png","width":2560,"height":1340},{"@type":"BreadcrumbList","@id":"https:\/\/kinit.sk\/sk\/kinit-a-lorai-yearly-retrospective\/#breadcrumb","itemListElement":[{"@type":"ListItem","position":1,"name":"Home","item":"https:\/\/kinit.sk\/sk\/"},{"@type":"ListItem","position":2,"name":"2025","item":"https:\/\/kinit.sk\/sk\/category\/2025-sk\/"},{"@type":"ListItem","position":3,"name":"KInIT a lorAI yearly retrospective"}]},{"@type":"WebSite","@id":"https:\/\/kinit.sk\/#website","url":"https:\/\/kinit.sk\/","name":"KInIT","description":"Vyu\u017e\u00edvame v\u00fdskum pre \u013eud\u00ed a priemysel","potentialAction":[{"@type":"SearchAction","target":{"@type":"EntryPoint","urlTemplate":"https:\/\/kinit.sk\/?s={search_term_string}"},"query-input":{"@type":"PropertyValueSpecification","valueRequired":true,"valueName":"search_term_string"}}],"inLanguage":"sk-SK"},{"@type":"Person","@id":"https:\/\/kinit.sk\/#\/schema\/person\/1a55de059d137d9722d8f85cd8e2550f","name":"Emma Kom\u00e1rov\u00e1"}]}},"_links":{"self":[{"href":"https:\/\/kinit.sk\/sk\/wp-json\/wp\/v2\/posts\/39530","targetHints":{"allow":["GET"]}}],"collection":[{"href":"https:\/\/kinit.sk\/sk\/wp-json\/wp\/v2\/posts"}],"about":[{"href":"https:\/\/kinit.sk\/sk\/wp-json\/wp\/v2\/types\/post"}],"author":[{"embeddable":true,"href":"https:\/\/kinit.sk\/sk\/wp-json\/wp\/v2\/users\/38"}],"replies":[{"embeddable":true,"href":"https:\/\/kinit.sk\/sk\/wp-json\/wp\/v2\/comments?post=39530"}],"version-history":[{"count":36,"href":"https:\/\/kinit.sk\/sk\/wp-json\/wp\/v2\/posts\/39530\/revisions"}],"predecessor-version":[{"id":39629,"href":"https:\/\/kinit.sk\/sk\/wp-json\/wp\/v2\/posts\/39530\/revisions\/39629"}],"wp:featuredmedia":[{"embeddable":true,"href":"https:\/\/kinit.sk\/sk\/wp-json\/wp\/v2\/media\/39488"}],"wp:attachment":[{"href":"https:\/\/kinit.sk\/sk\/wp-json\/wp\/v2\/media?parent=39530"}],"wp:term":[{"taxonomy":"category","embeddable":true,"href":"https:\/\/kinit.sk\/sk\/wp-json\/wp\/v2\/categories?post=39530"},{"taxonomy":"post_tag","embeddable":true,"href":"https:\/\/kinit.sk\/sk\/wp-json\/wp\/v2\/tags?post=39530"}],"curies":[{"name":"wp","href":"https:\/\/api.w.org\/{rel}","templated":true}]}}