{"id":37933,"date":"2025-09-10T11:23:17","date_gmt":"2025-09-10T09:23:17","guid":{"rendered":"https:\/\/kinit.sk\/?p=37933"},"modified":"2025-09-10T12:05:52","modified_gmt":"2025-09-10T10:05:52","slug":"gamechangers-meet-diana-lokere","status":"publish","type":"post","link":"https:\/\/kinit.sk\/sk\/gamechangers-meet-diana-lokere\/","title":{"rendered":"Meet Diana Lokere"},"content":{"rendered":"<div id=\"\" class=\"element core-paragraph\">\n<p><strong><a href=\"https:\/\/www.instagram.com\/kinit.sk\/\">S\u00e9ria Gamechangers<\/a>&nbsp;predstavuje pr\u00edbehy \u013eud\u00ed, ktor\u00ed st\u00e1li pri zrode Kempelenovho in\u0161tit\u00fatu inteligentn\u00fdch technol\u00f3gi\u00ed. Svojou v\u00edziou a odhodlan\u00edm pretvorili odv\u00e1\u017eny n\u00e1pad na realitu a vytvorili nov\u00e9 miesto pre excelentn\u00fa vedu na Slovensku. V rozhovoroch sa dozviete, ak\u00e9 v\u00fdzvy museli prekona\u0165, ak\u00e9 hodnoty ich sp\u00e1jaj\u00fa a \u010do ich motivuje neust\u00e1le pos\u00fava\u0165 hranice v\u00fdskumu a inov\u00e1ci\u00ed.<\/strong><\/p>\n<\/div>\n\n<div id=\"\" class=\"element core-paragraph\">\n<p><strong>Posledn\u00e1 \u010das\u0165 na\u0161ej narodeninovej s\u00e9rie patr\u00ed <a href=\"https:\/\/kinit.sk\/sk\/clen\/diana-lokere\/\">Diane Lokere<\/a>, ktor\u00e1 sa ku KInITu pripojila za\u010diatkom roka 2021 a v in\u0161tit\u00fate p\u00f4sob\u00ed ako Chief People &amp; Culture Officer. Zo s\u00fakromn\u00e9ho sektora si priniesla bohat\u00e9 sk\u00fasenosti a v in\u0161tit\u00fate sa dnes star\u00e1 o firemn\u00fa kult\u00faru, rozvoj t\u00edmu a podporu v\u00fdnimo\u010dnej pracovnej atmosf\u00e9ry. V roku 2024 sa v\u010faka jej ne\u00fanavnej snahe podarilo Kempelenovmu in\u0161tit\u00fatu z\u00edska\u0165 prest\u00ed\u017ene ocenenie HRS4R. Jej pr\u00e1ca tvor\u00ed most medzi odborn\u00fdm v\u00fdskumom a \u013eudsk\u00fdm pr\u00edstupom, a na\u0161im kolegom pom\u00e1ha r\u00e1s\u0165 a dosahova\u0165 \u0161pi\u010dkov\u00e9 v\u00fdsledky.<\/strong><\/p>\n<\/div>\n\n<div id=\"\" class=\"element core-heading wp-elements-1bc7d5632090fe34bd9bdd4461df71ce\">\n<h5 class=\"wp-block-heading has-text-color has-link-color wp-elements-1bc7d5632090fe34bd9bdd4461df71ce\" style=\"color:#f8b01e\"><strong>Do KInITu si pri\u0161la z biznis sektora. Bolo pre teba n\u00e1ro\u010dn\u00e9 naladi\u0165 sa na diametr\u00e1lne odli\u0161n\u00e9 prostredie?<\/strong><\/h5>\n<\/div>\n\n<div id=\"\" class=\"element core-paragraph\">\n<p>Ve\u013emi. Dovtedy som si myslela, ke\u010f\u017ee m\u00e1m sk\u00fasenos\u0165 z celkom \u0161irokej \u0161k\u00e1ly segmentov z biznisu, \u017ee to bude fajn. Ur\u010dite to fajn bolo, ale zrazu som bola, ako rada hovor\u00edm, Alica v krajine divov. Mala som pocit, \u017ee v\u0161etko \u010do som doteraz za\u017eila, vlastne v\u00f4bec neplat\u00ed. Tak\u017ee bola to obrovsk\u00e1 zmena.<\/p>\n<\/div>\n\n<div class=\"wp-block-image\"><div id=\"\" class=\"element core-image\">\n<figure class=\"aligncenter size-large is-resized\"><img decoding=\"async\" width=\"1024\" height=\"683\" data-src=\"https:\/\/kinit.sk\/wp-content\/uploads\/2025\/09\/DSC5448-1024x683.jpg\" alt=\"\" class=\"wp-image-37934 lazyload\" style=\"--smush-placeholder-width: 1024px; --smush-placeholder-aspect-ratio: 1024\/683;width:622px\" data-srcset=\"https:\/\/kinit.sk\/wp-content\/uploads\/2025\/09\/DSC5448-1024x683.jpg 1024w, https:\/\/kinit.sk\/wp-content\/uploads\/2025\/09\/DSC5448-300x200.jpg 300w, https:\/\/kinit.sk\/wp-content\/uploads\/2025\/09\/DSC5448-768x512.jpg 768w, https:\/\/kinit.sk\/wp-content\/uploads\/2025\/09\/DSC5448-1536x1024.jpg 1536w, https:\/\/kinit.sk\/wp-content\/uploads\/2025\/09\/DSC5448-2048x1365.jpg 2048w, https:\/\/kinit.sk\/wp-content\/uploads\/2025\/09\/DSC5448-600x400.jpg 600w, https:\/\/kinit.sk\/wp-content\/uploads\/2025\/09\/DSC5448-900x600.jpg 900w\" data-sizes=\"(max-width: 1024px) 100vw, 1024px\" src=\"data:image\/svg+xml;base64,PHN2ZyB3aWR0aD0iMSIgaGVpZ2h0PSIxIiB4bWxucz0iaHR0cDovL3d3dy53My5vcmcvMjAwMC9zdmciPjwvc3ZnPg==\" \/><\/figure>\n<\/div><\/div>\n\n<div id=\"\" class=\"element core-heading wp-elements-c33310732c925d8a37f0155f035b71f1\">\n<h5 class=\"wp-block-heading has-text-color has-link-color wp-elements-c33310732c925d8a37f0155f035b71f1\" style=\"color:#f8b01e\"><strong>Ako si navn\u00edmala \u013eud\u00ed, ktor\u00ed u\u017e boli v KInITe?<\/strong><\/h5>\n<\/div>\n\n<div id=\"\" class=\"element core-paragraph\">\n<p>Toto bolo na tom celom asi to naj\u00fa\u017easnej\u0161ie. Pri\u0161la som do sveta akademikov a v\u00fdskumn\u00edkov a pri\u0161lo mi to stra\u0161ne vzdialen\u00e9, mala som vo\u010di nim tak\u00fd prirodzen\u00fd re\u0161pekt&#8230; Ale zrazu som si uvedomila, \u017ee s\u00fa okolo m\u0148a ve\u013emi otvoren\u00ed, mil\u00ed \u013eudia. Prv\u00fdkr\u00e1t v \u017eivote som za\u017eila komunitu, kde sa v\u0161etci do jedn\u00e9ho zauj\u00edmali, p\u00fdtali a boli naozaj zvedav\u00ed. O v\u00fdskumn\u00edkoch sa hovorieva, \u017ee s\u00fa zvedav\u00ed a je to fakt pravda. Hne\u010f som mala pocit, \u017ee v\u0161etci okolo m\u0148a maj\u00fa \u00faprimn\u00fd z\u00e1ujem spozna\u0165 m\u00f4j svet, ktor\u00fd im sem prin\u00e1\u0161am. A to bolo stra\u0161ne dobre. Bola som z toho vystresovan\u00e1 a niektor\u00e9 situ\u00e1cie mi dali zabra\u0165, ale sp\u00e4tne na to spom\u00ednam s ve\u013ekou l\u00e1skou.<\/p>\n<\/div>\n\n<div id=\"\" class=\"element core-heading wp-elements-943985ce959a10f50d6ed97772ec5252\">\n<h5 class=\"wp-block-heading has-text-color has-link-color wp-elements-943985ce959a10f50d6ed97772ec5252\" style=\"color:#f8b01e\"><strong>\u010co boli hlavn\u00e9 priority pri budovan\u00ed kult\u00fary in\u0161tit\u00fatu?<\/strong><\/h5>\n<\/div>\n\n<div id=\"\" class=\"element core-paragraph\">\n<p>Asi som to nemala \u00faplne koncep\u010dne uchopen\u00e9. Ke\u010f som prich\u00e1dzala, mala som obrovsk\u00e9 pl\u00e1ny. Ale potom ma dobehla realita a zbadala som to skuto\u010dn\u00e9 prostredie. Prizn\u00e1m sa, \u017ee to nebolo super \u0161trukt\u00farovan\u00e9 a ve\u013ea sa toho dialo cez pocity. Jedin\u00e9, \u010do som vedela, bolo, \u017ee tu v in\u0161tit\u00fate s\u00fa siln\u00e9 hodnoty, na ktor\u00fdch je to cel\u00e9 postaven\u00e9. Tie vytv\u00e1rali komunitu okolo, povedzme, \u017ee teraz u\u017e zna\u010dky.<\/p>\n<\/div>\n\n<div id=\"\" class=\"element core-columns\">\n<div class=\"wp-block-columns is-layout-flex wp-container-core-columns-is-layout-9d6595d7 wp-block-columns-is-layout-flex\"><div id=\"\" class=\"element core-column\">\n<div class=\"wp-block-column is-layout-flow wp-block-column-is-layout-flow\" style=\"flex-basis:33.33%\"><div id=\"\" class=\"element core-paragraph\">\n<p>Ale na za\u010diatku som e\u0161te nemala navn\u00edman\u00e9, \u017ee je to zna\u010dka, a chytila som sa pr\u00e1ve toho, \u017ee je tu komunita \u013eud\u00ed, ktor\u00fdch naozaj zdru\u017euj\u00fa hodnoty, s ktor\u00fdmi sa ve\u013emi stoto\u017e\u0148ujem. A tak prirodzene sme to cel\u00e9 naba\u013eovali na to, \u010do n\u00e1s sp\u00e1ja, lebo to bolo to, \u010do n\u00e1s bude pos\u00fava\u0165 \u010falej. Na tom sme to cel\u00e9 postavili.<\/p>\n<\/div>\n\n<div id=\"\" class=\"element core-paragraph\">\n<p>Potom pri\u0161la t\u00e1 more painful \u010das\u0165, kedy som musela prin\u00e1\u0161a\u0165 procesy, \u010do u\u017e je mo\u017eno menej z\u00e1bavn\u00e9, ale st\u00e1le ve\u013emi d\u00f4le\u017eit\u00e9. Bolo to ve\u013emi intuit\u00edvne a ve\u013emi zalo\u017een\u00e9 na pocitoch a tom, \u010do sme za\u017e\u00edvali.<\/p>\n<\/div><\/div>\n<\/div>\n\n<div id=\"\" class=\"element core-column\">\n<div class=\"wp-block-column is-layout-flow wp-block-column-is-layout-flow\" style=\"flex-basis:66.66%\"><div id=\"\" class=\"element core-image\">\n<figure class=\"wp-block-image size-large\"><img decoding=\"async\" width=\"1024\" height=\"683\" data-src=\"https:\/\/kinit.sk\/wp-content\/uploads\/2025\/09\/kinit-3nar-5_53304304326_o-1024x683.jpg\" alt=\"\" class=\"wp-image-37942 lazyload\" data-srcset=\"https:\/\/kinit.sk\/wp-content\/uploads\/2025\/09\/kinit-3nar-5_53304304326_o-1024x683.jpg 1024w, https:\/\/kinit.sk\/wp-content\/uploads\/2025\/09\/kinit-3nar-5_53304304326_o-300x200.jpg 300w, https:\/\/kinit.sk\/wp-content\/uploads\/2025\/09\/kinit-3nar-5_53304304326_o-768x512.jpg 768w, https:\/\/kinit.sk\/wp-content\/uploads\/2025\/09\/kinit-3nar-5_53304304326_o-1536x1024.jpg 1536w, https:\/\/kinit.sk\/wp-content\/uploads\/2025\/09\/kinit-3nar-5_53304304326_o-2048x1366.jpg 2048w, https:\/\/kinit.sk\/wp-content\/uploads\/2025\/09\/kinit-3nar-5_53304304326_o-600x400.jpg 600w, https:\/\/kinit.sk\/wp-content\/uploads\/2025\/09\/kinit-3nar-5_53304304326_o-900x600.jpg 900w\" data-sizes=\"(max-width: 1024px) 100vw, 1024px\" src=\"data:image\/svg+xml;base64,PHN2ZyB3aWR0aD0iMSIgaGVpZ2h0PSIxIiB4bWxucz0iaHR0cDovL3d3dy53My5vcmcvMjAwMC9zdmciPjwvc3ZnPg==\" style=\"--smush-placeholder-width: 1024px; --smush-placeholder-aspect-ratio: 1024\/683;\" \/><\/figure>\n<\/div><\/div>\n<\/div><\/div>\n<\/div>\n\n<div id=\"\" class=\"element core-heading wp-elements-45bed8dacd436190b9a58d5ac4da2977\">\n<h5 class=\"wp-block-heading has-text-color has-link-color wp-elements-45bed8dacd436190b9a58d5ac4da2977\" style=\"color:#f8b01e\"><strong>V akom momente si si povedala \u201ewow, ko\u013eko n\u00e1s u\u017e je\u201c?<\/strong><\/h5>\n<\/div>\n\n<div id=\"\" class=\"element core-paragraph\">\n<p>Neviem, \u010di bol \u010das si to takto poveda\u0165. Sk\u00f4r sa mi to st\u00e1valo, ke\u010f som in\u00fdm \u013eu\u010fom hovorila o tom, ko\u013eko n\u00e1s teraz je alebo na \u010dom pracujeme. A z ich strany zrazu pri\u0161lo: \u201eWow, u\u017e to\u013eko!\u201c Vtedy som si ako keby aj ja uvedomila, \u017ee f\u00faha, ve\u010f n\u00e1s je tu u\u017e naozaj vy\u0161e 50, vy\u0161e 60&#8230;<\/p>\n<\/div>\n\n<div id=\"\" class=\"element core-paragraph\">\n<p>Ale asi \u00faplne prv\u00fd moment, kedy som si to sama od seba uvedomila, nastal, ke\u010f sme pri\u0161li do \u0161t\u00e1dia, \u017ee som k sebe h\u013eadala st\u00e1\u017eistu, lebo som to u\u017e sama nest\u00edhala. To bol ten moment, kedy u\u017e aj HR za\u010dalo \u00eds\u0165 v KInITe do popredia a potrebovali sme to cel\u00e9 koncep\u010dne uchopi\u0165 a budova\u0165 \u2013 a t\u00fdm v akademickom svete aj vytv\u00e1ra\u0165 nie\u010do nov\u00e9. Vtedy som si za\u010dala uvedomova\u0165, \u017ee to za\u010d\u00edna by\u0165 seri\u00f3zne.<\/p>\n<\/div>\n\n<div id=\"\" class=\"element core-heading wp-elements-22c9e22acd35005b7ee5f4ee1dec284f\">\n<h5 class=\"wp-block-heading has-text-color has-link-color wp-elements-22c9e22acd35005b7ee5f4ee1dec284f\" style=\"color:#f8b01e\"><strong>Ako by si dnes op\u00edsala kult\u00faru v KInITe? Kam sme sa posunuli? Pri\u0161lo za ten \u010das aj k nejak\u00e9mu posunu v tvojom vn\u00edman\u00ed kult\u00fary?<\/strong><\/h5>\n<\/div>\n\n<div id=\"\" class=\"element core-columns\">\n<div class=\"wp-block-columns is-layout-flex wp-container-core-columns-is-layout-9d6595d7 wp-block-columns-is-layout-flex\"><div id=\"\" class=\"element core-column\">\n<div class=\"wp-block-column is-layout-flow wp-block-column-is-layout-flow\" style=\"flex-basis:66.66%\"><div id=\"\" class=\"element core-image\">\n<figure class=\"wp-block-image size-large\"><img decoding=\"async\" width=\"1024\" height=\"683\" data-src=\"https:\/\/kinit.sk\/wp-content\/uploads\/2025\/09\/1729246284219-1-1024x683.jpeg\" alt=\"\" class=\"wp-image-37944 lazyload\" data-srcset=\"https:\/\/kinit.sk\/wp-content\/uploads\/2025\/09\/1729246284219-1-1024x683.jpeg 1024w, https:\/\/kinit.sk\/wp-content\/uploads\/2025\/09\/1729246284219-1-300x200.jpeg 300w, https:\/\/kinit.sk\/wp-content\/uploads\/2025\/09\/1729246284219-1-768x512.jpeg 768w, https:\/\/kinit.sk\/wp-content\/uploads\/2025\/09\/1729246284219-1-1536x1024.jpeg 1536w, https:\/\/kinit.sk\/wp-content\/uploads\/2025\/09\/1729246284219-1-600x400.jpeg 600w, https:\/\/kinit.sk\/wp-content\/uploads\/2025\/09\/1729246284219-1-900x600.jpeg 900w, https:\/\/kinit.sk\/wp-content\/uploads\/2025\/09\/1729246284219-1.jpeg 2048w\" data-sizes=\"(max-width: 1024px) 100vw, 1024px\" src=\"data:image\/svg+xml;base64,PHN2ZyB3aWR0aD0iMSIgaGVpZ2h0PSIxIiB4bWxucz0iaHR0cDovL3d3dy53My5vcmcvMjAwMC9zdmciPjwvc3ZnPg==\" style=\"--smush-placeholder-width: 1024px; --smush-placeholder-aspect-ratio: 1024\/683;\" \/><\/figure>\n<\/div><\/div>\n<\/div>\n\n<div id=\"\" class=\"element core-column\">\n<div class=\"wp-block-column is-layout-flow wp-block-column-is-layout-flow\" style=\"flex-basis:33.33%\"><div id=\"\" class=\"element core-paragraph\">\n<p>S ve\u013ekou rados\u0165ou mus\u00edm poveda\u0165, \u017ee nie. A som na to stra\u0161ne py\u0161n\u00e1. Napriek tomu, ko\u013eko n\u00e1s teraz je a ako nehomog\u00e9nna skupina u\u017e sme \u2013 najm\u00e4 \u010do sa t\u00fdka sk\u00fasenost\u00ed, ktor\u00e9 sem prin\u00e1\u0161ame a odkia\u013e prich\u00e1dzame \u2013 tak sme kult\u00farne a hodnotovo st\u00e1le tak\u00ed ist\u00ed ako na za\u010diatku. To, \u017ee sa n\u00e1m toto dar\u00ed, hovor\u00edm naozaj s hrdos\u0165ou a je to pre m\u0148a ve\u013emi dojemn\u00e9.<\/p>\n<\/div><\/div>\n<\/div><\/div>\n<\/div>\n\n<div id=\"\" class=\"element core-heading wp-elements-a63a5baa80a9cc8fdf6adc2cc7923f8f\">\n<h5 class=\"wp-block-heading has-text-color has-link-color wp-elements-a63a5baa80a9cc8fdf6adc2cc7923f8f\" style=\"color:#f8b01e\"><strong>Vn\u00edma\u0161 to tak, \u017ee kult\u00fara vznik\u00e1 kv\u00f4li \u013eu\u010fom, ktor\u00ed prich\u00e1dzaj\u00fa, alebo pr\u00e1ve naopak \u2013 kult\u00fara pritiahne \u013eud\u00ed, ktor\u00ed do nej pasuj\u00fa?<\/strong><\/h5>\n<\/div>\n\n<div id=\"\" class=\"element core-paragraph\">\n<p>Najprv by som asi povedala o \u013eu\u010foch, ktor\u00ed tu u\u017e s\u00fa, \u017ee \u201e\u0165a pri\u0165ahuje to, \u010do \u017eije\u0161\u201c. A to sa tu pod\u013ea m\u0148a deje. My si k sebe tak prirodzene l\u00e1kame \u013eud\u00ed, ktor\u00ed s\u00fa n\u00e1m ve\u013emi podobn\u00ed. Ja si, samozrejme, uvedomujem, \u017ee kult\u00fara je nie\u010do ve\u013emi nehmatate\u013en\u00e9. To znamen\u00e1, \u017ee \u010d\u00edm v\u00e4\u010d\u0161\u00ed budeme, t\u00fdm \u010dastej\u0161ie sa n\u00e1m bude st\u00e1va\u0165, \u017ee to nebud\u00fa takpovediac \u201ed\u00fahy a jednoro\u017ece\u201c. Mysl\u00edm si v\u0161ak, \u017ee m\u00e1me ve\u013emi dobr\u00e9 jadro a bude sa n\u00e1m na\u010falej dari\u0165. Ale mus\u00edme za\u010da\u0165 \u010doraz viac pracova\u0165 aj na tom, ako kult\u00fare v KInITe vytv\u00e1ra\u0165 \u0161trukt\u00faru a pos\u00fava\u0165 ju do nie\u010doho hmatate\u013enej\u0161ieho, aby sa aj nov\u00ed \u013eudia mali o \u010do oprie\u0165.<\/p>\n<\/div>\n\n<div id=\"\" class=\"element core-heading wp-elements-6b9bfaa3cd919c31abb090c26197308a\">\n<h5 class=\"wp-block-heading has-text-color has-link-color wp-elements-6b9bfaa3cd919c31abb090c26197308a\" style=\"color:#f8b01e\"><strong>Bol k\u013e\u00fa\u010dov\u00fd moment, v ktorom si si povedala \u201ewow, dok\u00e1zali sme to\u201c?<\/strong><\/h5>\n<\/div>\n\n<div id=\"\" class=\"element core-paragraph\">\n<p>Ja si mysl\u00edm, \u017ee ich bolo nieko\u013eko. Ale nehovor\u00edm si to po\u010das tej cesty pravidelne, lebo t\u00e1 cesta je tak\u00e1, \u017ee vlastne ideme st\u00e1le. M\u00e1me jednu m\u00e9tu a e\u0161te ju ani \u00faplne nedosiahneme a u\u017e m\u00e1me nov\u00fa. Je to tak\u00e1 nekone\u010dn\u00e1 rieka v\u00fdziev, ktor\u00e9 chceme prelomi\u0165. Tak\u017ee tieto momenty \u201ewow, toto sme dok\u00e1zali\u201c je \u0165a\u017ek\u00e9 si uvedomi\u0165. Napr\u00edklad ke\u010f potrebujem obsadi\u0165 stra\u0161ne nezauj\u00edmav\u00fa poz\u00edciu a dlho sa s \u0148ou tr\u00e1pim, ke\u010f na \u0148u zrazu z\u00edskam ve\u013emi zauj\u00edmav\u00e9ho \u010dloveka, poviem si \u201esuper, \u017ee tu ten \u010dlovek je\u201c, ale u\u017e mysl\u00edm na to, \u010do s n\u00edm ideme spolo\u010dne robi\u0165.<\/p>\n<\/div>\n\n<div id=\"\" class=\"element core-paragraph\">\n<p>Ob\u00e1vam sa teda, \u017ee tak\u00fd moment nem\u00e1m, ale mo\u017eno by som aj mala ma\u0165. Budem rada, ke\u010f si to aj my ako organiz\u00e1cia zvedom\u00edme a za\u010dneme sa z tak\u00fdch momentov viac te\u0161i\u0165, lebo je to pod\u013ea m\u0148a d\u00f4le\u017eit\u00e9 na to, aby sme boli stabilnej\u0161\u00ed a viac pre\u017e\u00edvali t\u00fa na\u0161u kult\u00faru.<\/p>\n<\/div>\n\n<div id=\"\" class=\"element core-heading wp-elements-a38b285b3892af92ac18591d91e43e89\">\n<h5 class=\"wp-block-heading has-text-color has-link-color wp-elements-a38b285b3892af92ac18591d91e43e89\" style=\"color:#f8b01e\"><strong>Pop\u00ed\u0161 n\u00e1m energiu n\u00e1\u0161ho t\u00edmu. \u010co \u0161peci\u00e1lne v sebe KInITers maj\u00fa?<\/strong><\/h5>\n<\/div>\n\n<div id=\"\" class=\"element core-columns\">\n<div class=\"wp-block-columns is-layout-flex wp-container-core-columns-is-layout-9d6595d7 wp-block-columns-is-layout-flex\"><div id=\"\" class=\"element core-column\">\n<div class=\"wp-block-column is-layout-flow wp-block-column-is-layout-flow\" style=\"flex-basis:33.33%\"><div id=\"\" class=\"element core-paragraph\">\n<p>Keby ste mi t\u00fato ot\u00e1zku polo\u017eili v t\u00fdch prv\u00fdch d\u0148och po mojom pr\u00edchode, povedala by som, \u017ee neviem, lebo sem tou energiou \u00faplne nepatr\u00edm. Teraz si to u\u017e ale nemysl\u00edm a energia n\u00e1\u0161ho t\u00edmu je fascinuj\u00faca v tom, \u017ee si \u010dlovek m\u00f4\u017ee by\u0165 ist\u00fd t\u00fdm, \u017ee toto je jeho safe space. Nikdy sa tu nemus\u00ed zam\u00fd\u0161\u013ea\u0165 nad t\u00fdm, \u010di niekto myslel to, \u010do povedal, alebo za t\u00fdm treba h\u013eada\u0165 nie\u010do in\u00e9. Je tu neuverite\u013ene c\u00edti\u0165 otvorenos\u0165 a vz\u00e1jomne re\u0161pektuj\u00face sa vz\u0165ahy, nez\u00e1visle od toho, \u010di si z akademick\u00e9ho sveta, biznisu, alebo napr\u00edklad NGO backgroundu. Takto nejak to ja pre\u017e\u00edvam.<\/p>\n<\/div><\/div>\n<\/div>\n\n<div id=\"\" class=\"element core-column\">\n<div class=\"wp-block-column is-layout-flow wp-block-column-is-layout-flow\" style=\"flex-basis:66.66%\"><div id=\"\" class=\"element core-image\">\n<figure class=\"wp-block-image size-large\"><img decoding=\"async\" width=\"1024\" height=\"813\" data-src=\"https:\/\/kinit.sk\/wp-content\/uploads\/2025\/09\/Copy-of-_DSC7744-1-1024x813.jpg\" alt=\"\" class=\"wp-image-37972 lazyload\" data-srcset=\"https:\/\/kinit.sk\/wp-content\/uploads\/2025\/09\/Copy-of-_DSC7744-1-1024x813.jpg 1024w, https:\/\/kinit.sk\/wp-content\/uploads\/2025\/09\/Copy-of-_DSC7744-1-300x238.jpg 300w, https:\/\/kinit.sk\/wp-content\/uploads\/2025\/09\/Copy-of-_DSC7744-1-768x610.jpg 768w, https:\/\/kinit.sk\/wp-content\/uploads\/2025\/09\/Copy-of-_DSC7744-1-1536x1219.jpg 1536w, https:\/\/kinit.sk\/wp-content\/uploads\/2025\/09\/Copy-of-_DSC7744-1-2048x1626.jpg 2048w\" data-sizes=\"(max-width: 1024px) 100vw, 1024px\" src=\"data:image\/svg+xml;base64,PHN2ZyB3aWR0aD0iMSIgaGVpZ2h0PSIxIiB4bWxucz0iaHR0cDovL3d3dy53My5vcmcvMjAwMC9zdmciPjwvc3ZnPg==\" style=\"--smush-placeholder-width: 1024px; --smush-placeholder-aspect-ratio: 1024\/813;\" \/><\/figure>\n<\/div><\/div>\n<\/div><\/div>\n<\/div>\n\n<div id=\"\" class=\"element core-heading wp-elements-5bb33548ead7da925ac7b71909929373\">\n<h5 class=\"wp-block-heading has-text-color has-link-color wp-elements-5bb33548ead7da925ac7b71909929373\" style=\"color:#f8b01e\"><strong>A ako ty vid\u00ed\u0161 bud\u00facnos\u0165 KInITu?<\/strong><\/h5>\n<\/div>\n\n<div id=\"\" class=\"element core-paragraph\">\n<p>The more, the merrier. \ud83d\ude0a Ale nie, pre m\u0148a KInIT nie je len misia toho, \u010do chceme ako in\u0161tit\u00fat robi\u0165. Pre m\u0148a je to naozaj t\u00e1 komunita. Chcem, aby KInIT bola na\u010falej organiz\u00e1cia, kde t\u00e1 komunita \u013eud\u00ed nielen nap\u013a\u0148a na\u0161u misiu, ale aj \u017eije hodnoty, ktor\u00e9 prezentuje. Aby okolo seba vytv\u00e1rala \u0161ir\u0161\u00ed biotop, kde sa tak\u00edto \u013eudia zgrupuj\u00fa a to ide\u00e1lne aj za hranicami Slovenska. Vlastne chcem, aby KInIT nebola len zna\u010dka, ale tak\u00e1 akoby sekta \u2013 ale v takom tom dobrom v\u00fdzname slova. Nech sp\u00e1ja \u013eud\u00ed, ktor\u00ed chc\u00fa naozaj robi\u0165 veci, ktor\u00e9 maj\u00fa pozit\u00edvny dopad na spolo\u010dnos\u0165 a niekam ju pos\u00favaj\u00fa.<\/p>\n<\/div>\n\n<div id=\"\" class=\"element core-paragraph\">\n<p>Na\u0161a dom\u00e9na je s\u00edce umel\u00e1 inteligencia, ale v r\u00e1mci kult\u00fary to vn\u00edmam tak slnie\u010dk\u00e1rsky \u2013 \u017ee vieme zanecha\u0165 hlb\u0161iu stopu, ako len v r\u00e1mci AI. A naozaj tomu ver\u00edm od prv\u00e9ho d\u0148a, ke\u010f som sem pri\u0161la a t\u00fdm aj \u017eijem. T\u00edm, ktor\u00fd sa tu vytv\u00e1ra, mi ka\u017ed\u00fdm d\u0148om potvrdzuje, \u017ee to tak naozaj je. Naozaj to znie slnie\u010dk\u00e1rsky a sekt\u00e1rsky, ale je mi to \u00faplne jedno, lebo v KInITe t\u00fdm skuto\u010dne \u017eijeme a ja ver\u00edm, \u017ee toto dok\u00e1\u017eeme. Bola by som ve\u013emi rada, keby sa n\u00e1m darilo \u0161\u00edri\u0165 to do spolo\u010dnosti, aby sme aj t\u00fdm nap\u013a\u0148ali na\u0161u misiu.<\/p>\n<\/div>\n\n<div class=\"wp-block-image\"><div id=\"\" class=\"element core-image\">\n<figure class=\"aligncenter size-large is-resized\"><img decoding=\"async\" width=\"1024\" height=\"683\" data-src=\"https:\/\/kinit.sk\/wp-content\/uploads\/2025\/09\/DSC5954-1024x683.jpg\" alt=\"\" class=\"wp-image-37938 lazyload\" style=\"--smush-placeholder-width: 1024px; --smush-placeholder-aspect-ratio: 1024\/683;width:622px\" data-srcset=\"https:\/\/kinit.sk\/wp-content\/uploads\/2025\/09\/DSC5954-1024x683.jpg 1024w, https:\/\/kinit.sk\/wp-content\/uploads\/2025\/09\/DSC5954-300x200.jpg 300w, https:\/\/kinit.sk\/wp-content\/uploads\/2025\/09\/DSC5954-768x512.jpg 768w, https:\/\/kinit.sk\/wp-content\/uploads\/2025\/09\/DSC5954-1536x1024.jpg 1536w, https:\/\/kinit.sk\/wp-content\/uploads\/2025\/09\/DSC5954-2048x1365.jpg 2048w, https:\/\/kinit.sk\/wp-content\/uploads\/2025\/09\/DSC5954-600x400.jpg 600w, https:\/\/kinit.sk\/wp-content\/uploads\/2025\/09\/DSC5954-900x600.jpg 900w\" data-sizes=\"(max-width: 1024px) 100vw, 1024px\" src=\"data:image\/svg+xml;base64,PHN2ZyB3aWR0aD0iMSIgaGVpZ2h0PSIxIiB4bWxucz0iaHR0cDovL3d3dy53My5vcmcvMjAwMC9zdmciPjwvc3ZnPg==\" \/><\/figure>\n<\/div><\/div>","protected":false},"excerpt":{"rendered":"<p>S\u00e9ria Gamechangers&nbsp;predstavuje pr\u00edbehy \u013eud\u00ed, ktor\u00ed st\u00e1li pri zrode Kempelenovho in\u0161tit\u00fatu inteligentn\u00fdch technol\u00f3gi\u00ed. Svojou v\u00edziou a odhodlan\u00edm pretvorili odv\u00e1\u017eny n\u00e1pad na realitu a vytvorili nov\u00e9 miesto pre excelentn\u00fa vedu na Slovensku&#8230;.<\/p>\n","protected":false},"author":34,"featured_media":37936,"comment_status":"closed","ping_status":"closed","sticky":false,"template":"","format":"standard","meta":{"_acf_changed":true,"footnotes":""},"categories":[83,520,59,14],"tags":[378,537],"class_list":["post-37933","post","type-post","status-publish","format-standard","has-post-thumbnail","hentry","category-news-sk","category-2025-sk","category-59","category-news","tag-interview-2","tag-kinit"],"acf":[],"yoast_head":"<!-- This site is optimized with the Yoast SEO plugin v27.4 - https:\/\/yoast.com\/product\/yoast-seo-wordpress\/ -->\n<title>Meet Diana Lokere - KInIT<\/title>\n<meta name=\"description\" content=\"Posledn\u00e1 \u010das\u0165 na\u0161ej narodeninovej s\u00e9rie patr\u00ed Diane Lokere, ktor\u00e1 sa ku KInITu pripojila za\u010diatkom roka 2021 a v in\u0161tit\u00fate p\u00f4sob\u00ed ako...\" \/>\n<meta name=\"robots\" content=\"index, follow, max-snippet:-1, max-image-preview:large, max-video-preview:-1\" \/>\n<link rel=\"canonical\" href=\"https:\/\/kinit.sk\/sk\/gamechangers-meet-diana-lokere\/\" \/>\n<meta property=\"og:locale\" content=\"sk_SK\" \/>\n<meta property=\"og:type\" content=\"article\" \/>\n<meta property=\"og:title\" content=\"Meet Diana Lokere - KInIT\" \/>\n<meta property=\"og:description\" content=\"Posledn\u00e1 \u010das\u0165 na\u0161ej narodeninovej s\u00e9rie patr\u00ed Diane Lokere, ktor\u00e1 sa ku KInITu pripojila za\u010diatkom roka 2021 a v in\u0161tit\u00fate p\u00f4sob\u00ed ako...\" \/>\n<meta property=\"og:url\" content=\"https:\/\/kinit.sk\/sk\/gamechangers-meet-diana-lokere\/\" \/>\n<meta property=\"og:site_name\" content=\"KInIT\" \/>\n<meta property=\"article:published_time\" content=\"2025-09-10T09:23:17+00:00\" \/>\n<meta property=\"article:modified_time\" content=\"2025-09-10T10:05:52+00:00\" \/>\n<meta property=\"og:image\" content=\"https:\/\/kinit.sk\/wp-content\/uploads\/2025\/09\/GAME-CHANGERS_Diana-scaled.png\" \/>\n\t<meta property=\"og:image:width\" content=\"2560\" \/>\n\t<meta property=\"og:image:height\" content=\"1340\" \/>\n\t<meta property=\"og:image:type\" content=\"image\/png\" \/>\n<meta name=\"author\" content=\"Wanda Pribylincova\" \/>\n<meta name=\"twitter:card\" content=\"summary_large_image\" \/>\n<meta name=\"twitter:creator\" content=\"@kinit\" \/>\n<meta name=\"twitter:site\" content=\"@kinit\" \/>\n<meta name=\"twitter:label1\" content=\"Autor\" \/>\n\t<meta name=\"twitter:data1\" content=\"Wanda Pribylincova\" \/>\n\t<meta name=\"twitter:label2\" content=\"Predpokladan\u00fd \u010das \u010d\u00edtania\" \/>\n\t<meta name=\"twitter:data2\" content=\"8 min\u00fat\" \/>\n<script type=\"application\/ld+json\" class=\"yoast-schema-graph\">{\"@context\":\"https:\\\/\\\/schema.org\",\"@graph\":[{\"@type\":\"Article\",\"@id\":\"https:\\\/\\\/kinit.sk\\\/sk\\\/gamechangers-meet-diana-lokere\\\/#article\",\"isPartOf\":{\"@id\":\"https:\\\/\\\/kinit.sk\\\/sk\\\/gamechangers-meet-diana-lokere\\\/\"},\"author\":{\"name\":\"Wanda Pribylincova\",\"@id\":\"https:\\\/\\\/kinit.sk\\\/#\\\/schema\\\/person\\\/64db52a830dcb6d4df386e78e7eb748b\"},\"headline\":\"Meet Diana Lokere\",\"datePublished\":\"2025-09-10T09:23:17+00:00\",\"dateModified\":\"2025-09-10T10:05:52+00:00\",\"mainEntityOfPage\":{\"@id\":\"https:\\\/\\\/kinit.sk\\\/sk\\\/gamechangers-meet-diana-lokere\\\/\"},\"wordCount\":1683,\"image\":{\"@id\":\"https:\\\/\\\/kinit.sk\\\/sk\\\/gamechangers-meet-diana-lokere\\\/#primaryimage\"},\"thumbnailUrl\":\"https:\\\/\\\/kinit.sk\\\/wp-content\\\/uploads\\\/2025\\\/09\\\/GAME-CHANGERS_Diana-scaled.png\",\"keywords\":[\"interview\",\"kinit\"],\"articleSection\":[\"News\",\"2025\",\"2025\",\"News\"],\"inLanguage\":\"sk-SK\"},{\"@type\":\"WebPage\",\"@id\":\"https:\\\/\\\/kinit.sk\\\/sk\\\/gamechangers-meet-diana-lokere\\\/\",\"url\":\"https:\\\/\\\/kinit.sk\\\/sk\\\/gamechangers-meet-diana-lokere\\\/\",\"name\":\"Meet Diana Lokere - KInIT\",\"isPartOf\":{\"@id\":\"https:\\\/\\\/kinit.sk\\\/#website\"},\"primaryImageOfPage\":{\"@id\":\"https:\\\/\\\/kinit.sk\\\/sk\\\/gamechangers-meet-diana-lokere\\\/#primaryimage\"},\"image\":{\"@id\":\"https:\\\/\\\/kinit.sk\\\/sk\\\/gamechangers-meet-diana-lokere\\\/#primaryimage\"},\"thumbnailUrl\":\"https:\\\/\\\/kinit.sk\\\/wp-content\\\/uploads\\\/2025\\\/09\\\/GAME-CHANGERS_Diana-scaled.png\",\"datePublished\":\"2025-09-10T09:23:17+00:00\",\"dateModified\":\"2025-09-10T10:05:52+00:00\",\"author\":{\"@id\":\"https:\\\/\\\/kinit.sk\\\/#\\\/schema\\\/person\\\/64db52a830dcb6d4df386e78e7eb748b\"},\"description\":\"Posledn\u00e1 \u010das\u0165 na\u0161ej narodeninovej s\u00e9rie patr\u00ed Diane Lokere, ktor\u00e1 sa ku KInITu pripojila za\u010diatkom roka 2021 a v in\u0161tit\u00fate p\u00f4sob\u00ed ako...\",\"breadcrumb\":{\"@id\":\"https:\\\/\\\/kinit.sk\\\/sk\\\/gamechangers-meet-diana-lokere\\\/#breadcrumb\"},\"inLanguage\":\"sk-SK\",\"potentialAction\":[{\"@type\":\"ReadAction\",\"target\":[\"https:\\\/\\\/kinit.sk\\\/sk\\\/gamechangers-meet-diana-lokere\\\/\"]}]},{\"@type\":\"ImageObject\",\"inLanguage\":\"sk-SK\",\"@id\":\"https:\\\/\\\/kinit.sk\\\/sk\\\/gamechangers-meet-diana-lokere\\\/#primaryimage\",\"url\":\"https:\\\/\\\/kinit.sk\\\/wp-content\\\/uploads\\\/2025\\\/09\\\/GAME-CHANGERS_Diana-scaled.png\",\"contentUrl\":\"https:\\\/\\\/kinit.sk\\\/wp-content\\\/uploads\\\/2025\\\/09\\\/GAME-CHANGERS_Diana-scaled.png\",\"width\":2560,\"height\":1340},{\"@type\":\"BreadcrumbList\",\"@id\":\"https:\\\/\\\/kinit.sk\\\/sk\\\/gamechangers-meet-diana-lokere\\\/#breadcrumb\",\"itemListElement\":[{\"@type\":\"ListItem\",\"position\":1,\"name\":\"Home\",\"item\":\"https:\\\/\\\/kinit.sk\\\/sk\\\/\"},{\"@type\":\"ListItem\",\"position\":2,\"name\":\"News\",\"item\":\"https:\\\/\\\/kinit.sk\\\/sk\\\/category\\\/news-sk\\\/\"},{\"@type\":\"ListItem\",\"position\":3,\"name\":\"Meet Diana Lokere\"}]},{\"@type\":\"WebSite\",\"@id\":\"https:\\\/\\\/kinit.sk\\\/#website\",\"url\":\"https:\\\/\\\/kinit.sk\\\/\",\"name\":\"KInIT\",\"description\":\"Vyu\u017e\u00edvame v\u00fdskum pre \u013eud\u00ed a priemysel\",\"potentialAction\":[{\"@type\":\"SearchAction\",\"target\":{\"@type\":\"EntryPoint\",\"urlTemplate\":\"https:\\\/\\\/kinit.sk\\\/?s={search_term_string}\"},\"query-input\":{\"@type\":\"PropertyValueSpecification\",\"valueRequired\":true,\"valueName\":\"search_term_string\"}}],\"inLanguage\":\"sk-SK\"},{\"@type\":\"Person\",\"@id\":\"https:\\\/\\\/kinit.sk\\\/#\\\/schema\\\/person\\\/64db52a830dcb6d4df386e78e7eb748b\",\"name\":\"Wanda Pribylincova\"}]}<\/script>\n<!-- \/ Yoast SEO plugin. -->","yoast_head_json":{"title":"Meet Diana Lokere - KInIT","description":"Posledn\u00e1 \u010das\u0165 na\u0161ej narodeninovej s\u00e9rie patr\u00ed Diane Lokere, ktor\u00e1 sa ku KInITu pripojila za\u010diatkom roka 2021 a v in\u0161tit\u00fate p\u00f4sob\u00ed ako...","robots":{"index":"index","follow":"follow","max-snippet":"max-snippet:-1","max-image-preview":"max-image-preview:large","max-video-preview":"max-video-preview:-1"},"canonical":"https:\/\/kinit.sk\/sk\/gamechangers-meet-diana-lokere\/","og_locale":"sk_SK","og_type":"article","og_title":"Meet Diana Lokere - KInIT","og_description":"Posledn\u00e1 \u010das\u0165 na\u0161ej narodeninovej s\u00e9rie patr\u00ed Diane Lokere, ktor\u00e1 sa ku KInITu pripojila za\u010diatkom roka 2021 a v in\u0161tit\u00fate p\u00f4sob\u00ed ako...","og_url":"https:\/\/kinit.sk\/sk\/gamechangers-meet-diana-lokere\/","og_site_name":"KInIT","article_published_time":"2025-09-10T09:23:17+00:00","article_modified_time":"2025-09-10T10:05:52+00:00","og_image":[{"width":2560,"height":1340,"url":"https:\/\/kinit.sk\/wp-content\/uploads\/2025\/09\/GAME-CHANGERS_Diana-scaled.png","type":"image\/png"}],"author":"Wanda Pribylincova","twitter_card":"summary_large_image","twitter_creator":"@kinit","twitter_site":"@kinit","twitter_misc":{"Autor":"Wanda Pribylincova","Predpokladan\u00fd \u010das \u010d\u00edtania":"8 min\u00fat"},"schema":{"@context":"https:\/\/schema.org","@graph":[{"@type":"Article","@id":"https:\/\/kinit.sk\/sk\/gamechangers-meet-diana-lokere\/#article","isPartOf":{"@id":"https:\/\/kinit.sk\/sk\/gamechangers-meet-diana-lokere\/"},"author":{"name":"Wanda Pribylincova","@id":"https:\/\/kinit.sk\/#\/schema\/person\/64db52a830dcb6d4df386e78e7eb748b"},"headline":"Meet Diana Lokere","datePublished":"2025-09-10T09:23:17+00:00","dateModified":"2025-09-10T10:05:52+00:00","mainEntityOfPage":{"@id":"https:\/\/kinit.sk\/sk\/gamechangers-meet-diana-lokere\/"},"wordCount":1683,"image":{"@id":"https:\/\/kinit.sk\/sk\/gamechangers-meet-diana-lokere\/#primaryimage"},"thumbnailUrl":"https:\/\/kinit.sk\/wp-content\/uploads\/2025\/09\/GAME-CHANGERS_Diana-scaled.png","keywords":["interview","kinit"],"articleSection":["News","2025","2025","News"],"inLanguage":"sk-SK"},{"@type":"WebPage","@id":"https:\/\/kinit.sk\/sk\/gamechangers-meet-diana-lokere\/","url":"https:\/\/kinit.sk\/sk\/gamechangers-meet-diana-lokere\/","name":"Meet Diana Lokere - KInIT","isPartOf":{"@id":"https:\/\/kinit.sk\/#website"},"primaryImageOfPage":{"@id":"https:\/\/kinit.sk\/sk\/gamechangers-meet-diana-lokere\/#primaryimage"},"image":{"@id":"https:\/\/kinit.sk\/sk\/gamechangers-meet-diana-lokere\/#primaryimage"},"thumbnailUrl":"https:\/\/kinit.sk\/wp-content\/uploads\/2025\/09\/GAME-CHANGERS_Diana-scaled.png","datePublished":"2025-09-10T09:23:17+00:00","dateModified":"2025-09-10T10:05:52+00:00","author":{"@id":"https:\/\/kinit.sk\/#\/schema\/person\/64db52a830dcb6d4df386e78e7eb748b"},"description":"Posledn\u00e1 \u010das\u0165 na\u0161ej narodeninovej s\u00e9rie patr\u00ed Diane Lokere, ktor\u00e1 sa ku KInITu pripojila za\u010diatkom roka 2021 a v in\u0161tit\u00fate p\u00f4sob\u00ed ako...","breadcrumb":{"@id":"https:\/\/kinit.sk\/sk\/gamechangers-meet-diana-lokere\/#breadcrumb"},"inLanguage":"sk-SK","potentialAction":[{"@type":"ReadAction","target":["https:\/\/kinit.sk\/sk\/gamechangers-meet-diana-lokere\/"]}]},{"@type":"ImageObject","inLanguage":"sk-SK","@id":"https:\/\/kinit.sk\/sk\/gamechangers-meet-diana-lokere\/#primaryimage","url":"https:\/\/kinit.sk\/wp-content\/uploads\/2025\/09\/GAME-CHANGERS_Diana-scaled.png","contentUrl":"https:\/\/kinit.sk\/wp-content\/uploads\/2025\/09\/GAME-CHANGERS_Diana-scaled.png","width":2560,"height":1340},{"@type":"BreadcrumbList","@id":"https:\/\/kinit.sk\/sk\/gamechangers-meet-diana-lokere\/#breadcrumb","itemListElement":[{"@type":"ListItem","position":1,"name":"Home","item":"https:\/\/kinit.sk\/sk\/"},{"@type":"ListItem","position":2,"name":"News","item":"https:\/\/kinit.sk\/sk\/category\/news-sk\/"},{"@type":"ListItem","position":3,"name":"Meet Diana Lokere"}]},{"@type":"WebSite","@id":"https:\/\/kinit.sk\/#website","url":"https:\/\/kinit.sk\/","name":"KInIT","description":"Vyu\u017e\u00edvame v\u00fdskum pre \u013eud\u00ed a priemysel","potentialAction":[{"@type":"SearchAction","target":{"@type":"EntryPoint","urlTemplate":"https:\/\/kinit.sk\/?s={search_term_string}"},"query-input":{"@type":"PropertyValueSpecification","valueRequired":true,"valueName":"search_term_string"}}],"inLanguage":"sk-SK"},{"@type":"Person","@id":"https:\/\/kinit.sk\/#\/schema\/person\/64db52a830dcb6d4df386e78e7eb748b","name":"Wanda Pribylincova"}]}},"_links":{"self":[{"href":"https:\/\/kinit.sk\/sk\/wp-json\/wp\/v2\/posts\/37933","targetHints":{"allow":["GET"]}}],"collection":[{"href":"https:\/\/kinit.sk\/sk\/wp-json\/wp\/v2\/posts"}],"about":[{"href":"https:\/\/kinit.sk\/sk\/wp-json\/wp\/v2\/types\/post"}],"author":[{"embeddable":true,"href":"https:\/\/kinit.sk\/sk\/wp-json\/wp\/v2\/users\/34"}],"replies":[{"embeddable":true,"href":"https:\/\/kinit.sk\/sk\/wp-json\/wp\/v2\/comments?post=37933"}],"version-history":[{"count":7,"href":"https:\/\/kinit.sk\/sk\/wp-json\/wp\/v2\/posts\/37933\/revisions"}],"predecessor-version":[{"id":37975,"href":"https:\/\/kinit.sk\/sk\/wp-json\/wp\/v2\/posts\/37933\/revisions\/37975"}],"wp:featuredmedia":[{"embeddable":true,"href":"https:\/\/kinit.sk\/sk\/wp-json\/wp\/v2\/media\/37936"}],"wp:attachment":[{"href":"https:\/\/kinit.sk\/sk\/wp-json\/wp\/v2\/media?parent=37933"}],"wp:term":[{"taxonomy":"category","embeddable":true,"href":"https:\/\/kinit.sk\/sk\/wp-json\/wp\/v2\/categories?post=37933"},{"taxonomy":"post_tag","embeddable":true,"href":"https:\/\/kinit.sk\/sk\/wp-json\/wp\/v2\/tags?post=37933"}],"curies":[{"name":"wp","href":"https:\/\/api.w.org\/{rel}","templated":true}]}}