{"id":37600,"date":"2025-08-27T09:11:08","date_gmt":"2025-08-27T07:11:08","guid":{"rendered":"https:\/\/kinit.sk\/?p=37600"},"modified":"2025-08-27T09:23:01","modified_gmt":"2025-08-27T07:23:01","slug":"gamechangers-meet-jakub-simko","status":"publish","type":"post","link":"https:\/\/kinit.sk\/sk\/gamechangers-meet-jakub-simko\/","title":{"rendered":"Meet Jakub \u0160imko"},"content":{"rendered":"<div id=\"\" class=\"element core-paragraph\">\n<p><strong><a href=\"https:\/\/www.instagram.com\/kinit.sk\/\">S\u00e9ria Gamechangers<\/a> predstavuje pr\u00edbehy \u013eud\u00ed, ktor\u00ed st\u00e1li pri zrode Kempelenovho in\u0161tit\u00fatu inteligentn\u00fdch technol\u00f3gi\u00ed. Svojou v\u00edziou a odhodlan\u00edm pretvorili odv\u00e1\u017eny n\u00e1pad na realitu a vytvorili nov\u00e9 miesto pre excelentn\u00fa vedu na Slovensku. V rozhovoroch sa dozviete, ak\u00e9 v\u00fdzvy museli prekona\u0165, ak\u00e9 hodnoty ich sp\u00e1jaj\u00fa a \u010do ich motivuje neust\u00e1le pos\u00fava\u0165 hranice v\u00fdskumu a inov\u00e1ci\u00ed.<\/strong><\/p>\n<\/div>\n\n<div id=\"\" class=\"element core-paragraph\">\n<p><strong><a href=\"https:\/\/kinit.sk\/member\/jakub-simko\/\">Jakub \u0160imko<\/a>, ktor\u00e9ho spozn\u00e1te v dne\u0161nej \u010dasti, sa podie\u013eal na zalo\u017een\u00ed Kempelenovho in\u0161tit\u00fatu. Vy\u0161tudoval a p\u00f4sobil na Slovenskej technickej univerzite, m\u00e1 za sebou viacero eur\u00f3pskych projektov a bav\u00ed ho h\u013eada\u0165 sp\u00f4soby, ako technol\u00f3gie spravi\u0165 f\u00e9rovej\u0161ie a u\u017eito\u010dnej\u0161ie pre \u013eud\u00ed. Jakub je u\u017e 5 rokov jedn\u00fdm z ved\u00facich v\u00fdskumn\u00edkov KInITu, kde sa venuje t\u00e9mam auditu algoritmov, strojov\u00e9mu u\u010deniu a boju proti dezinform\u00e1ci\u00e1m.<\/strong><\/p>\n<\/div>\n\n<div id=\"\" class=\"element core-heading wp-elements-9b83e185d8fde4f60945c5b7b1f33bfc\">\n<h5 class=\"wp-block-heading has-text-color has-link-color wp-elements-9b83e185d8fde4f60945c5b7b1f33bfc\" style=\"color:#f8b01e\"><strong>\u010co bolo na za\u010diatku naj\u0165a\u017e\u0161ie? \u010co bola najv\u00e4\u010d\u0161ia v\u00fdzva pri zakladan\u00ed KInITu?<\/strong><\/h5>\n<\/div>\n\n<div id=\"\" class=\"element core-paragraph\">\n<p>Najv\u00e4\u010d\u0161ou v\u00fdzvou bolo, kde a ak\u00fdm sp\u00f4sobom budeme zh\u00e1\u0148a\u0165 peniaze. Mali sme nejak\u00fa runway od na\u0161ich partnerov, ktor\u00e1 bola \u0161tedr\u00e1 a, d\u00e1 sa poveda\u0165, bezprecedentn\u00e1. Ale my sme vedeli, \u017ee peniaze na v\u00fdskum budeme musie\u0165 zbiera\u0165 in\u00fdmi sp\u00f4sobmi. Vedeli sme aj pribli\u017ene ak\u00fdmi. Chceli sme \u00eds\u0165 do grantov a priemyseln\u00fdch spolupr\u00e1c. Ale na za\u010diatku sme e\u0161te nevedeli ako ve\u013emi sa n\u00e1m to bude dari\u0165.<\/p>\n<\/div>\n\n<div class=\"wp-block-image\"><div id=\"\" class=\"element core-image\">\n<figure class=\"aligncenter size-large is-resized\"><img decoding=\"async\" width=\"1024\" height=\"683\" data-src=\"https:\/\/kinit.sk\/wp-content\/uploads\/2025\/08\/549A6218-1-1024x683.png\" alt=\"\" class=\"wp-image-37609 lazyload\" style=\"--smush-placeholder-width: 1024px; --smush-placeholder-aspect-ratio: 1024\/683;width:622px\" data-srcset=\"https:\/\/kinit.sk\/wp-content\/uploads\/2025\/08\/549A6218-1-1024x683.png 1024w, https:\/\/kinit.sk\/wp-content\/uploads\/2025\/08\/549A6218-1-300x200.png 300w, https:\/\/kinit.sk\/wp-content\/uploads\/2025\/08\/549A6218-1-768x512.png 768w, https:\/\/kinit.sk\/wp-content\/uploads\/2025\/08\/549A6218-1-600x400.png 600w, https:\/\/kinit.sk\/wp-content\/uploads\/2025\/08\/549A6218-1-900x600.png 900w, https:\/\/kinit.sk\/wp-content\/uploads\/2025\/08\/549A6218-1.png 1200w\" data-sizes=\"(max-width: 1024px) 100vw, 1024px\" src=\"data:image\/svg+xml;base64,PHN2ZyB3aWR0aD0iMSIgaGVpZ2h0PSIxIiB4bWxucz0iaHR0cDovL3d3dy53My5vcmcvMjAwMC9zdmciPjwvc3ZnPg==\" \/><\/figure>\n<\/div><\/div>\n\n<div id=\"\" class=\"element core-paragraph\">\n<p>\u010ci\u017ee pre m\u0148a osobne bola toto ve\u013emi d\u00f4le\u017eit\u00e1 ot\u00e1zka &#8211; ako to ufinancova\u0165 dlhodobo, \u010do robi\u0165, do ktor\u00fdch projektov sa p\u00fa\u0161\u0165a\u0165 a do ktor\u00fdch nie&#8230; Ur\u010dite to bola ve\u013ek\u00e1 v\u00fdzva. Ale e\u0161te dod\u00e1m, \u017ee som v tomto nec\u00edtil nejak\u00fd tlak. Ten \u00favodn\u00fd bal\u00edk, ktor\u00fd sme dostali, aby sme sa mohli rozbehn\u00fa\u0165, bol dostato\u010dn\u00fd na to, aby sme si mohli r\u00f4zne veci vysk\u00fa\u0161a\u0165.<\/p>\n<\/div>\n\n<div id=\"\" class=\"element core-heading wp-elements-e88cbf7063acb9bb1693f0306536b23f\">\n<h5 class=\"wp-block-heading has-text-color has-link-color wp-elements-e88cbf7063acb9bb1693f0306536b23f\" style=\"color:#f8b01e\"><strong>\u010ci\u017ee nebol to stres?<\/strong><\/h5>\n<\/div>\n\n<div id=\"\" class=\"element core-paragraph\">\n<p>Nie, stres to nebol. Respekt\u00edve, bola to v\u00fdzva, do ktorej sme sa opreli. Pre m\u0148a to bolo nie\u010do nov\u00e9, lebo som predt\u00fdm nebol zvyknut\u00fd p\u00edsa\u0165 granty v takomto rozsahu a h\u013abke. V KInITe som sa ale potom ocitol najm\u00e4 na tej grantovej strane a paradoxne sme nikdy predt\u00fdm nemali to\u013eko priestoru ako tu. T\u00fdm, \u017ee sme na za\u010diatku \u017eiadne granty nemali, tak sme mali priestor ich p\u00edsa\u0165, preto\u017ee sme nemali na krku prive\u013ea projektov, ktor\u00e9 bolo treba aktu\u00e1lne rie\u0161i\u0165.<\/p>\n<\/div>\n\n<div id=\"\" class=\"element core-paragraph\">\n<p>A v tej \u00favodnej etape sme sa o tom procese aj dos\u0165 nau\u010dili. Boli to mo\u017eno prv\u00e9 dva roky fungovania, kedy sme nap\u00edsali a postupne aj z\u00edskali naozaj z\u00e1sadn\u00fd bal\u00edk ve\u013ek\u00fdch, eur\u00f3pskych projektov.<\/p>\n<\/div>\n\n<div id=\"\" class=\"element core-heading wp-elements-11dbcccc300b8a240bfde2ebcb1eb6ea\">\n<h5 class=\"wp-block-heading has-text-color has-link-color wp-elements-11dbcccc300b8a240bfde2ebcb1eb6ea\" style=\"color:#f8b01e\"><strong>Ako vyzerali prv\u00e9 mesiace po zalo\u017een\u00ed KInITu? Ak\u00fd to bol pocit?<\/strong><\/h5>\n<\/div>\n\n<div id=\"\" class=\"element core-paragraph\">\n<p>Bol to pocit, \u017ee sk\u00fa\u0161ame nie\u010do nov\u00e9.<\/p>\n<\/div>\n\n<div id=\"\" class=\"element core-paragraph\">\n<p>A ako vyzerali tie prv\u00e9 mesiace? Sk\u00fasim na to \u00eds\u0165 takto &#8211; u\u017e vtedy n\u00e1s bolo asi 25 a bolo potrebn\u00e9 to nejako zorganizova\u0165. V pam\u00e4ti si dr\u017e\u00edm v\u00fdberov\u00e9 konanie na prv\u00e9ho COO. Potom sme zalo\u017eili v\u00fdskumn\u00e9 t\u00edmy a za\u010dali zav\u00e1dza\u0165 prv\u00e9 procesy &#8211; ako sa tie t\u00edmy bud\u00fa stret\u00e1va\u0165, kde bud\u00fa ma\u0165 nejak\u00fd spolo\u010dn\u00fd virtu\u00e1lny priestor, kde si bud\u00fa \u010do evidova\u0165 a podobne.<\/p>\n<\/div>\n\n<div id=\"\" class=\"element core-paragraph\">\n<p>To v\u0161etko sa e\u0161te navy\u0161e dialo v covidov\u00fdch \u010dasoch. To znamen\u00e1, \u017ee my sme sa ve\u013emi m\u00e1lo stret\u00e1vali fyzicky a ve\u013emi ve\u013ea online, \u010do bolo v nejakom zmysle aj dobre, ke\u010f\u017ee cel\u00fd svet vtedy pre\u0161iel do online priestoru a bol to akoby a priori m\u00f3d spolupr\u00e1ce. V\u010faka tomu mo\u017eno aj to p\u00edsanie projektov be\u017ealo plynulej\u0161ie, ke\u010f\u017ee \u013eudia si zvykli, \u017ee sedia doma a stihn\u00fa absolvova\u0165 viac stretnut\u00ed. A nielen my, ale aj zahrani\u010dn\u00ed partneri\u2026 Vedeli sme teda postupova\u0165 celkom rap\u00eddne.<\/p>\n<\/div>\n\n<div id=\"\" class=\"element core-columns\">\n<div class=\"wp-block-columns is-layout-flex wp-container-core-columns-is-layout-9d6595d7 wp-block-columns-is-layout-flex\"><div id=\"\" class=\"element core-column\">\n<div class=\"wp-block-column is-layout-flow wp-block-column-is-layout-flow\" style=\"flex-basis:33.33%\"><div id=\"\" class=\"element core-paragraph\">\n<p>Tak\u017ee sme sa organizovali a postupne sa n\u00e1\u0161 t\u00edm za\u010dal venova\u0165 dvom veciam. Jednak sme formovali n\u00e1\u0161 v\u00fdskumn\u00fd smer, teda na \u010do sa vlastne budeme zameriava\u0165. To vypl\u00fdvalo aj z toho, \u010do sme robili predt\u00fdm. Vedeli sme, \u017ee chceme robi\u0165 disinformation countering a tak\u00e9 projekty aj budeme potrebova\u0165. V\u00e4\u010d\u0161inu \u00fasilia t\u00fdch prv\u00fdch mesiacov sme venovali z\u00edskaniu prv\u00e9ho eur\u00f3pskeho projektu &#8211; a zhodou okolnost\u00ed vtedy bola v\u00fdzva na region\u00e1lne EDMO huby. My sme vytvorili a podali do nej projekt <a href=\"https:\/\/kinit.sk\/sk\/projekt\/cedmo-central-european-digital-media-observatory\/\">CEDMO<\/a>.<\/p>\n<\/div><\/div>\n<\/div>\n\n<div id=\"\" class=\"element core-column\">\n<div class=\"wp-block-column is-layout-flow wp-block-column-is-layout-flow\" style=\"flex-basis:66.66%\"><div id=\"\" class=\"element core-image\">\n<figure class=\"wp-block-image size-large\"><img decoding=\"async\" width=\"1024\" height=\"684\" data-src=\"https:\/\/kinit.sk\/wp-content\/uploads\/2025\/08\/DSC_8823_1-2-1024x684.jpg\" alt=\"\" class=\"wp-image-37614 lazyload\" data-srcset=\"https:\/\/kinit.sk\/wp-content\/uploads\/2025\/08\/DSC_8823_1-2-1024x684.jpg 1024w, https:\/\/kinit.sk\/wp-content\/uploads\/2025\/08\/DSC_8823_1-2-300x200.jpg 300w, https:\/\/kinit.sk\/wp-content\/uploads\/2025\/08\/DSC_8823_1-2-768x513.jpg 768w, https:\/\/kinit.sk\/wp-content\/uploads\/2025\/08\/DSC_8823_1-2-1536x1025.jpg 1536w, https:\/\/kinit.sk\/wp-content\/uploads\/2025\/08\/DSC_8823_1-2-2048x1367.jpg 2048w, https:\/\/kinit.sk\/wp-content\/uploads\/2025\/08\/DSC_8823_1-2-600x400.jpg 600w, https:\/\/kinit.sk\/wp-content\/uploads\/2025\/08\/DSC_8823_1-2-900x600.jpg 900w\" data-sizes=\"(max-width: 1024px) 100vw, 1024px\" src=\"data:image\/svg+xml;base64,PHN2ZyB3aWR0aD0iMSIgaGVpZ2h0PSIxIiB4bWxucz0iaHR0cDovL3d3dy53My5vcmcvMjAwMC9zdmciPjwvc3ZnPg==\" style=\"--smush-placeholder-width: 1024px; --smush-placeholder-aspect-ratio: 1024\/684;\" \/><\/figure>\n<\/div><\/div>\n<\/div><\/div>\n<\/div>\n\n<div id=\"\" class=\"element core-paragraph\">\n<p>V\u00fdzva bola otvoren\u00e1 po\u010das tej jesene, kedy KInIT vznikol. Tak\u017ee ke\u010f sme nast\u00fapili, prakticky hne\u010f na druh\u00fd de\u0148 sme mohli za\u010da\u0165 robi\u0165 na tomto projekte. In\u00e9 v\u00fdzvy vtedy ani neboli a bol to jedin\u00fd v\u00e4\u010d\u0161\u00ed eur\u00f3psky projekt, do ktor\u00e9ho sme vtedy mohli \u00eds\u0165. No tak sme sa do\u0148 pustili a\u017e s bezprecedentn\u00fdm mno\u017estvom \u00fasilia. Robili sme na tom&nbsp; Majka Bielikov\u00e1, Mi\u0161o Kompan, Robo M\u00f3ro, Ivan Srba a ja. T\u00fdchto p\u00e4\u0165 \u013eud\u00ed chystalo jeden projekt \u2013 na\u0161e bud\u00face CEDMO. A ni\u010d in\u00e9 sme na pr\u00e1ci nemali, \u010di\u017ee to bol mesiac pomerne intenz\u00edvnej roboty na tomto projekte. To ale aj zodpovedalo, lebo sme neboli ve\u013emi zvyknut\u00ed na ten typ v\u00fdziev. Boli sme napr\u00edklad stra\u0161ne poctiv\u00ed v \u010d\u00edtan\u00ed v\u0161etk\u00fdch pokynov, aby sme ich dobre naplnili.<\/p>\n<\/div>\n\n<div id=\"\" class=\"element core-paragraph\">\n<p>\u010eal\u0161ou novou sk\u00fasenos\u0165ou bolo konzorcium, ke\u010f\u017ee projekt sme nepod\u00e1vali sami. Do toho konzorcia sme sa dostali a hoci sme neboli koordin\u00e1tormi projektu, tak si tr\u00fafam poveda\u0165, \u017ee sme pomerne v\u00fdrazne prispeli k tomu, \u017ee ten projekt bol \u00faspe\u0161ne vytvoren\u00fd, podan\u00fd a \u017ee sme ho nakoniec aj z\u00edskali. To bol ve\u013ek\u00fd \u00faspech a tak\u00fd boost, skr\u00e1tka, bolo to naozaj ve\u013emi siln\u00e9.<\/p>\n<\/div>\n\n<div id=\"\" class=\"element core-paragraph\">\n<p><\/p>\n<\/div>\n\n<div id=\"\" class=\"element core-paragraph wp-elements-3c48c74b074cf781b79e7c65d8c9ec16\">\n<p class=\"has-text-align-center has-text-color has-background has-link-color wp-elements-3c48c74b074cf781b79e7c65d8c9ec16\" style=\"color:#291419;background-color:#29141959;font-size:22px\"><em>&#8222;<\/em><strong><em><strong>A takisto by si mal ka\u017ed\u00fd uvedomova\u0165 spolo\u010densk\u00fa zodpovednos\u0165, preto\u017ee sa sna\u017e\u00edme budova\u0165 nie\u010do, \u010do n\u00e1s presahuje. Nie\u010do, \u010do m\u00e1 ma\u0165 aj nejak\u00fa trv\u00e1cnos\u0165 a pozdvihova\u0165 na\u0161u krajinu.<\/strong><\/em><\/strong><em>&#8222;<\/em><\/p>\n<\/div>\n\n<div id=\"\" class=\"element core-paragraph\">\n<p><\/p>\n<\/div>\n\n<div id=\"\" class=\"element core-paragraph\">\n<p>Po CEDMO neboli otvoren\u00e9 \u017eiadne \u010fal\u0161ie v\u00fdzvy. \u010ci\u017ee sme sa viac s\u00fastredili na v\u00fdskum samotn\u00fd, ktor\u00fd bol dovtedy naozaj iba pozvo\u013en\u00fd a sk\u00f4r sme do\u0165ahovali veci, ktor\u00e9 sme nemali ukon\u010den\u00e9. Ale teraz sme mali \u010das a tak sme sa pustili do t\u00e9my auditovania odpor\u00fa\u010dac\u00edch syst\u00e9mov soci\u00e1lnych siet\u00ed. Prv\u00e1 \u0161t\u00fadia n\u00e1m trvala dlh\u0161ie, ne\u017e sme si mysleli, ale napokon vznikol \u010dl\u00e1nok, ktor\u00fd sme poslali na konferenciu <a href=\"https:\/\/recsys.acm.org\/recsys21\/session-1\/\">RecSys 2021<\/a>. A to bolo prv\u00fdkr\u00e1t, aspo\u0148 pre m\u0148a, kedy n\u00e1m na tak\u00fato \u00e1\u010dkov\u00fa konferenciu zobrali full paper. Prv\u00fd pokus, prv\u00fd z\u00e1sah, a e\u0161te sme z\u00edskali aj best paper award&#8230; To som si povedal: \u201eWow, super, takto to vyzer\u00e1, ke\u010f sa do nie\u010doho seri\u00f3zne oprie\u0161.\u201c<\/p>\n<\/div>\n\n<div id=\"\" class=\"element core-paragraph\">\n<p>A t\u00fdmto by som mo\u017eno uzavrel t\u00fato odpove\u010f: m\u00f4j najd\u00f4le\u017eitej\u0161\u00ed poznatok bol z toho prv\u00e9ho polroka ten, \u017ee ke\u010f sa v KInITe na nie\u010do naozaj zameria\u0161, ten v\u00fdsledok vie by\u0165 ove\u013ea razantnej\u0161\u00ed ako v in\u00fdch podmienkach.<\/p>\n<\/div>\n\n<div id=\"\" class=\"element core-heading wp-elements-01ad5bb6369ade90f7a527b554f68c74\">\n<h5 class=\"wp-block-heading has-text-color has-link-color wp-elements-01ad5bb6369ade90f7a527b554f68c74\" style=\"color:#f8b01e\"><strong>Pre\u010do je tvojou silnou str\u00e1nkou pr\u00e1ve t\u00e9ma Web and User Data Processing?<\/strong><\/h5>\n<\/div>\n\n<div id=\"\" class=\"element core-paragraph\">\n<p>Ona m\u00e1 \u010dastokr\u00e1t spolo\u010densk\u00fd presah. Zaober\u00e1me sa spracovan\u00edm obsahu z webu a soci\u00e1lnych m\u00e9di\u00ed a strojov\u00e9mu porozumeniu tohto obsahu. To sa, samozrejme, d\u00e1 na v\u0161eli\u010do pou\u017e\u00edva\u0165. A ke\u010f sa za\u010dala niekedy okolo roku 2014 t\u00e9ma nepravdiv\u00fdch inform\u00e1ci\u00ed objavova\u0165, zdalo sa n\u00e1m, \u017ee to bude d\u00f4le\u017eit\u00e9.<\/p>\n<\/div>\n\n<div id=\"\" class=\"element core-paragraph\">\n<p>Pre m\u0148a osobne je to o tom, \u017ee sa tejto t\u00e9me vlastne venujem u\u017e t\u00fdch 10 rokov a po takom \u010dase \u010dlovek jednoducho za\u010dne by\u0165 tak trochu expertom. Ale to sa t\u00fdka aj ostatn\u00fdch kolegov. Je to t\u00e9ma, kde je \u010do robi\u0165, tak\u017ee sa v nej \u010falej pohybujeme.<\/p>\n<\/div>\n\n<div class=\"wp-block-image\"><div id=\"\" class=\"element core-image\">\n<figure class=\"aligncenter size-large is-resized\"><img decoding=\"async\" width=\"1024\" height=\"683\" data-src=\"https:\/\/kinit.sk\/wp-content\/uploads\/2025\/08\/9Q0A7820-1024x683.jpg\" alt=\"\" class=\"wp-image-37611 lazyload\" style=\"--smush-placeholder-width: 1024px; --smush-placeholder-aspect-ratio: 1024\/683;width:622px\" data-srcset=\"https:\/\/kinit.sk\/wp-content\/uploads\/2025\/08\/9Q0A7820-1024x683.jpg 1024w, https:\/\/kinit.sk\/wp-content\/uploads\/2025\/08\/9Q0A7820-300x200.jpg 300w, https:\/\/kinit.sk\/wp-content\/uploads\/2025\/08\/9Q0A7820-768x512.jpg 768w, https:\/\/kinit.sk\/wp-content\/uploads\/2025\/08\/9Q0A7820-1536x1024.jpg 1536w, https:\/\/kinit.sk\/wp-content\/uploads\/2025\/08\/9Q0A7820-2048x1365.jpg 2048w, https:\/\/kinit.sk\/wp-content\/uploads\/2025\/08\/9Q0A7820-600x400.jpg 600w, https:\/\/kinit.sk\/wp-content\/uploads\/2025\/08\/9Q0A7820-900x600.jpg 900w\" data-sizes=\"(max-width: 1024px) 100vw, 1024px\" src=\"data:image\/svg+xml;base64,PHN2ZyB3aWR0aD0iMSIgaGVpZ2h0PSIxIiB4bWxucz0iaHR0cDovL3d3dy53My5vcmcvMjAwMC9zdmciPjwvc3ZnPg==\" \/><\/figure>\n<\/div><\/div>\n\n<div id=\"\" class=\"element core-heading wp-elements-56ab63886488337bbfb1a6d036a38819\">\n<h5 class=\"wp-block-heading has-text-color has-link-color wp-elements-56ab63886488337bbfb1a6d036a38819\" style=\"color:#f8b01e\"><strong>Ke\u010f\u017ee sa tejto t\u00e9me venuje\u0161 u\u017e 10 rokov, vedel by si porovna\u0165 ako sa t\u00e1 situ\u00e1cia za ten \u010das zmenila? A v \u010dom je pr\u00e1ve \u00faloha v\u00e1\u0161ho t\u00edmu d\u00f4le\u017eit\u00e1?<\/strong><\/h5>\n<\/div>\n\n<div id=\"\" class=\"element core-paragraph\">\n<p>\u00c1no\u2026 V roku 2014 to e\u0161te m\u00e1lokto vn\u00edmal ako d\u00f4le\u017eit\u00fa vec \u2013 \u0161\u00edrenie dezinform\u00e1ci\u00ed a propagandy, alebo aj fragment\u00e1ciu spolo\u010dnosti do bubl\u00edn a s t\u00fdm spojen\u00fa online radikaliz\u00e1ciu. A s\u00favis\u00ed to pr\u00e1ve s algoritmami na soci\u00e1lnych sie\u0165ach, \u010di\u017ee aj vyu\u017e\u00edvanie siet\u00ed na politick\u00fa \u010dinnos\u0165 a \u010fal\u0161iu fragment\u00e1ciu, \u010fal\u0161iu radikaliz\u00e1ciu\u2026 Potom pri\u0161iel rok 2016 a dostalo sa to \u010falej, ale st\u00e1le tomu nebola venovan\u00e1 pozornos\u0165 verejn\u00fdch in\u0161tit\u00faci\u00ed. A v nejakom zmysle dodnes nie je, aj ke\u010f napr\u00edklad Eur\u00f3pska komisia za\u010dala vn\u00edma\u0165, \u017ee je to vlastne ohrozenie demokratick\u00e9ho syst\u00e9mu, ktor\u00fd tu m\u00e1me.<\/p>\n<\/div>\n\n<div id=\"\" class=\"element core-paragraph\">\n<p>\u010ci\u017ee napriek tomu, \u017ee sa tou situ\u00e1ciou za\u010dalo zaobera\u0165 \u010doraz viac a viac \u013eud\u00ed, ona sa medzi \u010dasom e\u0161te zhor\u0161ila. Mal\u00edgni akt\u00e9ri za\u010dali ove\u013ea viac tla\u010di\u0165 hate, nau\u010dili sa lep\u0161ie vyu\u017e\u00edva\u0165 medi\u00e1lny priestor na ovplyv\u0148ovanie \u013eud\u00ed, ktor\u00ed s\u00fa na soci\u00e1lnych sie\u0165ach, a postupne ich pr\u00edtomnos\u0165 online za\u010dala gradova\u0165.<\/p>\n<\/div>\n\n<div id=\"\" class=\"element core-paragraph\">\n<p>T\u00e1to grad\u00e1cia je stra\u0161ne pomal\u00e1, ale je tu. \u010ci\u017ee aj ak niekomu, kto sa pred desiatimi rokmi rozpr\u00e1val so v\u0161etk\u00fdmi a nebol n\u00e1zorovo vyhranen\u00fd, desa\u0165 rokov niekto in\u00fd kvapk\u00e1 tieto narat\u00edvy, postupne ho to zradikalizuje. Ten \u010dlovek je minim\u00e1lne krypto-zradikalizovan\u00fd. To znamen\u00e1, \u017ee nikdy by neurobil nejak\u00fa fyzick\u00fa akciu, ale za\u010dne sa vyjadrova\u0165 extr\u00e9mne. A samozrejme, v\u00f4bec si nebude myslie\u0165, \u017ee je akoko\u013evek extr\u00e9mny.<\/p>\n<\/div>\n\n<div id=\"\" class=\"element core-paragraph\">\n<p>Ale e\u0161te poviem to, \u017ee pre n\u00e1s je to st\u00e1le len dom\u00e9na, v ktorej aplikujeme met\u00f3dy automatick\u00e9ho spracovania textu, strojov\u00e9ho u\u010denia a umelej inteligencie. \u010ci\u017ee my sme v tom v\u017edy boli len jednou nohou. A ani n\u00e1s nezauj\u00edmaj\u00fa konkr\u00e9tne narat\u00edvy a akcie &#8211; s t\u00fdm pracuj\u00fa in\u00ed \u013eudia: fact-checkeri, strategick\u00ed komunik\u00e1tori a tak \u010falej. N\u00e1s \u201eprofesion\u00e1lne\u201c zauj\u00edma len to, \u010di vieme porozumie\u0165 automatick\u00e9mu textu alebo obsahu na webe tak, aby sme vedeli t\u00fdchto \u013eud\u00ed podpori\u0165 a u\u013eah\u010di\u0165 im pr\u00e1cu. \u010ci\u017ee to bol v\u017edy ten n\u00e1\u0161 hlavn\u00fd cie\u013e.<\/p>\n<\/div>\n\n<div id=\"\" class=\"element core-heading wp-elements-639cacbd705555d3ba95a90bb982e12a\">\n<h5 class=\"wp-block-heading has-text-color has-link-color wp-elements-639cacbd705555d3ba95a90bb982e12a\" style=\"color:#f8b01e\"><strong>Bol k\u013e\u00fa\u010dov\u00fd moment, pri ktorom si mal pocit \u201ewow, dok\u00e1zali sme to\u201c?<\/strong><\/h5>\n<\/div>\n\n<div id=\"\" class=\"element core-columns\">\n<div class=\"wp-block-columns is-layout-flex wp-container-core-columns-is-layout-9d6595d7 wp-block-columns-is-layout-flex\"><div id=\"\" class=\"element core-column\">\n<div class=\"wp-block-column is-layout-flow wp-block-column-is-layout-flow\" style=\"flex-basis:66.66%\"><div id=\"\" class=\"element core-image\">\n<figure class=\"wp-block-image size-large\"><img decoding=\"async\" width=\"683\" height=\"1024\" data-src=\"https:\/\/kinit.sk\/wp-content\/uploads\/2025\/08\/DSC09458-Enhanced-NR-683x1024.jpg\" alt=\"\" class=\"wp-image-37618 lazyload\" data-srcset=\"https:\/\/kinit.sk\/wp-content\/uploads\/2025\/08\/DSC09458-Enhanced-NR-683x1024.jpg 683w, https:\/\/kinit.sk\/wp-content\/uploads\/2025\/08\/DSC09458-Enhanced-NR-200x300.jpg 200w, https:\/\/kinit.sk\/wp-content\/uploads\/2025\/08\/DSC09458-Enhanced-NR-768x1152.jpg 768w, https:\/\/kinit.sk\/wp-content\/uploads\/2025\/08\/DSC09458-Enhanced-NR-1024x1536.jpg 1024w, https:\/\/kinit.sk\/wp-content\/uploads\/2025\/08\/DSC09458-Enhanced-NR-1365x2048.jpg 1365w, https:\/\/kinit.sk\/wp-content\/uploads\/2025\/08\/DSC09458-Enhanced-NR-scaled.jpg 1707w\" data-sizes=\"(max-width: 683px) 100vw, 683px\" src=\"data:image\/svg+xml;base64,PHN2ZyB3aWR0aD0iMSIgaGVpZ2h0PSIxIiB4bWxucz0iaHR0cDovL3d3dy53My5vcmcvMjAwMC9zdmciPjwvc3ZnPg==\" style=\"--smush-placeholder-width: 683px; --smush-placeholder-aspect-ratio: 683\/1024;\" \/><\/figure>\n<\/div><\/div>\n<\/div>\n\n<div id=\"\" class=\"element core-column\">\n<div class=\"wp-block-column is-layout-flow wp-block-column-is-layout-flow\" style=\"flex-basis:33.33%\"><div id=\"\" class=\"element core-paragraph\">\n<p>T\u00fdch momentov bolo za hist\u00f3riu KInITu ve\u013ea.<\/p>\n<\/div>\n\n<div id=\"\" class=\"element core-paragraph\">\n<p>U\u017e som spomenul ten, \u017ee sme z\u00edskali prv\u00fd eur\u00f3psky projekt, ale v tej rodine eur\u00f3pskych projektov bol vlastne e\u0161te mal\u00fd. Lebo potom sa n\u00e1m podarilo takmer s\u00fa\u010dasne z\u00edska\u0165 \u010fal\u0161ie tri, a ka\u017ed\u00fd jeden v\u00e4\u010d\u0161\u00ed ne\u017e ten prv\u00fd. To boli <a href=\"https:\/\/kinit.sk\/project\/vera-ai-verification-assisted-by-artificial-intelligence\/\">vera.ai<\/a>, <a href=\"https:\/\/kinit.sk\/project\/vigilant-vital-intelligence-to-investigate-illegal-disinformation\/#:~:text=VIGILANT%20is%20a%20Horizon%20Europe%20project%20aimed%20at,support%20police%20authorities%20in%20investigations%20of%20disinformation-related%20crime.\">VIGILANT<\/a> a <a href=\"https:\/\/kinit.sk\/project\/disai-improving-scientific-excellence-of-kinit\/\">DisAI<\/a> projekt. Nesk\u00f4r e\u0161te pribudol <a href=\"https:\/\/kinit.sk\/project\/ai4europe-the-unified-platform-for-boosting-european-ai-academic-and-industrial-research\/\">AI4Europe<\/a>. To u\u017e boli Horizon Europe projekty, \u010do je pre m\u0148a najvy\u0161\u0161ia kateg\u00f3ria z tohto typu v\u00fdskumn\u00fdch grantov.<\/p>\n<\/div>\n\n<div id=\"\" class=\"element core-paragraph\">\n<p>Tieto momenty, ke\u010f sa n\u00e1m darilo zbiera\u0165 tak\u00fd dlhodob\u00fd projektov\u00fd funding, boli k\u013e\u00fa\u010dov\u00e9. Postupne sme sa k tomu mohli za\u010da\u0165 stava\u0165 \u0161tatisticky a viac strategicky. Teda v zmysle: dobre, m\u00e1m teraz to\u013ekoto paralelne be\u017eiacich projektov, kon\u010dia vtedy a vtedy, mal by som teda aktu\u00e1lne pracova\u0165 na X nov\u00fdch, a o rok na Y \u010fal\u0161\u00edch, aby sa mi to dobre napojilo a udr\u017eal som financovan\u00fa kapacitu. Mali sme odvtedy aj ve\u013ea tak\u00fdch, ktor\u00e9 nevy\u0161li, ale to je norm\u00e1lne. Be\u017en\u00e1 \u00faspe\u0161nos\u0165\u00a0 v Horizon Europe je asi 14% a na\u0161a je plus-m\u00ednus 25%.<\/p>\n<\/div><\/div>\n<\/div><\/div>\n<\/div>\n\n<div id=\"\" class=\"element core-heading wp-elements-90719e6d8580573a6560281019de5277\">\n<h5 class=\"wp-block-heading has-text-color has-link-color wp-elements-90719e6d8580573a6560281019de5277\" style=\"color:#f8b01e\"><strong>Ktor\u00e9 hodnoty s\u00fa pre teba v KInITe k\u013e\u00fa\u010dov\u00e9? A ktor\u00e9 by mal t\u00edm \u010falej \u017eivi\u0165 a rozv\u00edja\u0165?<\/strong><\/h5>\n<\/div>\n\n<div id=\"\" class=\"element core-paragraph\">\n<p>V\u00fdskum a zvedavos\u0165 s\u00fa ve\u013emi d\u00f4le\u017eit\u00e9, tie proste musia by\u0165. A takisto by si mal ka\u017ed\u00fd uvedomova\u0165 spolo\u010densk\u00fa zodpovednos\u0165, preto\u017ee sa sna\u017e\u00edme budova\u0165 nie\u010do, \u010do n\u00e1s presahuje. Nie\u010do, \u010do m\u00e1 ma\u0165 aj nejak\u00fa trv\u00e1cnos\u0165 a pozdvihova\u0165 na\u0161u krajinu.<\/p>\n<\/div>\n\n<div id=\"\" class=\"element core-heading wp-elements-affde063be13c97446f988c284d59a49\">\n<h5 class=\"wp-block-heading has-text-color has-link-color wp-elements-affde063be13c97446f988c284d59a49\" style=\"color:#f8b01e\"><strong>A posledn\u00e1 ot\u00e1zka \u2013 ako ty vid\u00ed\u0161 bud\u00facnos\u0165 KInITu?<\/strong><\/h5>\n<\/div>\n\n<div id=\"\" class=\"element core-paragraph\">\n<p>Nesmieme po\u013eavi\u0165 v ostra\u017eitosti oh\u013eadom udr\u017eate\u013enosti. Ja to vid\u00edm optimisticky v tom zmysle, \u017ee sa n\u00e1m za t\u00fdch p\u00e4\u0165 rokov podarilo t\u00fa na\u0161u runway e\u0161te pred\u013a\u017ei\u0165. A to u\u017e je ur\u010dit\u00e9 meradlo.<\/p>\n<\/div>\n\n<div id=\"\" class=\"element core-paragraph\">\n<p>\u010ci\u017ee, ako \u010fal\u0161\u00ed z ve\u013ek\u00fdch momentov \u201edali sme to\u201c, bolo, \u017ee sme z\u00edskali <a href=\"https:\/\/kinit.sk\/project\/lorai-advancing-kinit-into-a-leading-research-and-innovation-hub\/\">lorAI projekt<\/a>. To je \u00fapln\u00e1 \u0161upa. V\u010faka nemu teraz m\u00e1me mo\u017enosti skonsolidova\u0165 sa a to aj na ove\u013ea dlh\u0161iu dobu. Pritom si lep\u0161ie nastavi\u0165 procesy a zvl\u00e1dnu\u0165 ten rast &#8211; to je takisto ve\u013ek\u00e1 v\u00fdzva.<\/p>\n<\/div>\n\n<div id=\"\" class=\"element core-paragraph\">\n<p>\u010co si budeme hovori\u0165 \u2013 ke\u010f u\u017e m\u00e1me 100 \u010dlenov, mus\u00edme sa v niektor\u00fdch veciach organizova\u0165 inak. Rastieme kontinu\u00e1lne a niektor\u00e9 postupy prest\u00e1vaj\u00fa by\u0165 adekv\u00e1tne. No a potom je to v\u00e4\u010d\u0161inou tak, \u017ee za\u010dne\u0161 nie\u010do rie\u0161i\u0165 a\u017e ke\u010f \u0165a to za\u010dne bolie\u0165. A potom rie\u0161i\u0161 ve\u013ea vec\u00ed naraz. \u010ci\u017ee toto je t\u00e1 najv\u00e4\u010d\u0161ia v\u00fdzva, ktor\u00e1 pred nami stoj\u00ed \u2013 ako zvl\u00e1dnu\u0165 organiza\u010dn\u00e9 zmeny tak, aby n\u00e1\u0161 in\u0161tit\u00fat vedel fungova\u0165 aj v\u00e4\u010d\u0161\u00ed, ne\u017e p\u00f4vodne bol.<\/p>\n<\/div>\n\n<div class=\"wp-block-image\"><div id=\"\" class=\"element core-image\">\n<figure class=\"aligncenter size-large is-resized\"><img decoding=\"async\" width=\"1024\" height=\"683\" data-src=\"https:\/\/kinit.sk\/wp-content\/uploads\/2025\/08\/Copy-of-_DSC6666-1024x683.jpg\" alt=\"\" class=\"wp-image-37616 lazyload\" style=\"--smush-placeholder-width: 1024px; --smush-placeholder-aspect-ratio: 1024\/683;width:622px\" data-srcset=\"https:\/\/kinit.sk\/wp-content\/uploads\/2025\/08\/Copy-of-_DSC6666-1024x683.jpg 1024w, https:\/\/kinit.sk\/wp-content\/uploads\/2025\/08\/Copy-of-_DSC6666-300x200.jpg 300w, https:\/\/kinit.sk\/wp-content\/uploads\/2025\/08\/Copy-of-_DSC6666-768x512.jpg 768w, https:\/\/kinit.sk\/wp-content\/uploads\/2025\/08\/Copy-of-_DSC6666-1536x1024.jpg 1536w, https:\/\/kinit.sk\/wp-content\/uploads\/2025\/08\/Copy-of-_DSC6666-2048x1365.jpg 2048w, https:\/\/kinit.sk\/wp-content\/uploads\/2025\/08\/Copy-of-_DSC6666-600x400.jpg 600w, https:\/\/kinit.sk\/wp-content\/uploads\/2025\/08\/Copy-of-_DSC6666-900x600.jpg 900w\" data-sizes=\"(max-width: 1024px) 100vw, 1024px\" src=\"data:image\/svg+xml;base64,PHN2ZyB3aWR0aD0iMSIgaGVpZ2h0PSIxIiB4bWxucz0iaHR0cDovL3d3dy53My5vcmcvMjAwMC9zdmciPjwvc3ZnPg==\" \/><\/figure>\n<\/div><\/div>","protected":false},"excerpt":{"rendered":"<p>S\u00e9ria Gamechangers predstavuje pr\u00edbehy \u013eud\u00ed, ktor\u00ed st\u00e1li pri zrode Kempelenovho in\u0161tit\u00fatu inteligentn\u00fdch technol\u00f3gi\u00ed. Svojou v\u00edziou a odhodlan\u00edm pretvorili odv\u00e1\u017eny n\u00e1pad na realitu a vytvorili nov\u00e9 miesto pre excelentn\u00fa vedu na&#8230;<\/p>\n","protected":false},"author":34,"featured_media":37604,"comment_status":"closed","ping_status":"closed","sticky":false,"template":"","format":"standard","meta":{"_acf_changed":true,"footnotes":""},"categories":[83,520],"tags":[378,537],"class_list":["post-37600","post","type-post","status-publish","format-standard","has-post-thumbnail","hentry","category-news-sk","category-2025-sk","tag-interview-2","tag-kinit"],"acf":[],"yoast_head":"<!-- This site is optimized with the Yoast SEO plugin v27.4 - https:\/\/yoast.com\/product\/yoast-seo-wordpress\/ -->\n<title>Meet Jakub \u0160imko - KInIT<\/title>\n<meta name=\"description\" content=\"Jakub \u0160imko, ktor\u00e9ho spozn\u00e1te v dne\u0161nej \u010dasti, sa podie\u013eal na zalo\u017een\u00ed Kempelenovho in\u0161tit\u00fatu. Vy\u0161tudoval a p\u00f4sobil na Slovenskej...\" \/>\n<meta name=\"robots\" content=\"index, follow, max-snippet:-1, max-image-preview:large, max-video-preview:-1\" \/>\n<link rel=\"canonical\" href=\"https:\/\/kinit.sk\/sk\/gamechangers-meet-jakub-simko\/\" \/>\n<meta property=\"og:locale\" content=\"sk_SK\" \/>\n<meta property=\"og:type\" content=\"article\" \/>\n<meta property=\"og:title\" content=\"Meet Jakub \u0160imko - KInIT\" \/>\n<meta property=\"og:description\" content=\"Jakub \u0160imko, ktor\u00e9ho spozn\u00e1te v dne\u0161nej \u010dasti, sa podie\u013eal na zalo\u017een\u00ed Kempelenovho in\u0161tit\u00fatu. Vy\u0161tudoval a p\u00f4sobil na Slovenskej...\" \/>\n<meta property=\"og:url\" content=\"https:\/\/kinit.sk\/sk\/gamechangers-meet-jakub-simko\/\" \/>\n<meta property=\"og:site_name\" content=\"KInIT\" \/>\n<meta property=\"article:published_time\" content=\"2025-08-27T07:11:08+00:00\" \/>\n<meta property=\"article:modified_time\" content=\"2025-08-27T07:23:01+00:00\" \/>\n<meta property=\"og:image\" content=\"https:\/\/kinit.sk\/wp-content\/uploads\/2025\/08\/GAME-CHANGERS_Jakub-1-scaled.png\" \/>\n\t<meta property=\"og:image:width\" content=\"2560\" \/>\n\t<meta property=\"og:image:height\" content=\"1340\" \/>\n\t<meta property=\"og:image:type\" content=\"image\/png\" \/>\n<meta name=\"author\" content=\"Wanda Pribylincova\" \/>\n<meta name=\"twitter:card\" content=\"summary_large_image\" \/>\n<meta name=\"twitter:creator\" content=\"@kinit\" \/>\n<meta name=\"twitter:site\" content=\"@kinit\" \/>\n<meta name=\"twitter:label1\" content=\"Autor\" \/>\n\t<meta name=\"twitter:data1\" content=\"Wanda Pribylincova\" \/>\n\t<meta name=\"twitter:label2\" content=\"Predpokladan\u00fd \u010das \u010d\u00edtania\" \/>\n\t<meta name=\"twitter:data2\" content=\"9 min\u00fat\" \/>\n<script type=\"application\/ld+json\" class=\"yoast-schema-graph\">{\"@context\":\"https:\\\/\\\/schema.org\",\"@graph\":[{\"@type\":\"Article\",\"@id\":\"https:\\\/\\\/kinit.sk\\\/sk\\\/gamechangers-meet-jakub-simko\\\/#article\",\"isPartOf\":{\"@id\":\"https:\\\/\\\/kinit.sk\\\/sk\\\/gamechangers-meet-jakub-simko\\\/\"},\"author\":{\"name\":\"Wanda Pribylincova\",\"@id\":\"https:\\\/\\\/kinit.sk\\\/#\\\/schema\\\/person\\\/64db52a830dcb6d4df386e78e7eb748b\"},\"headline\":\"Meet Jakub \u0160imko\",\"datePublished\":\"2025-08-27T07:11:08+00:00\",\"dateModified\":\"2025-08-27T07:23:01+00:00\",\"mainEntityOfPage\":{\"@id\":\"https:\\\/\\\/kinit.sk\\\/sk\\\/gamechangers-meet-jakub-simko\\\/\"},\"wordCount\":2253,\"image\":{\"@id\":\"https:\\\/\\\/kinit.sk\\\/sk\\\/gamechangers-meet-jakub-simko\\\/#primaryimage\"},\"thumbnailUrl\":\"https:\\\/\\\/kinit.sk\\\/wp-content\\\/uploads\\\/2025\\\/08\\\/GAME-CHANGERS_Jakub-1-scaled.png\",\"keywords\":[\"interview\",\"kinit\"],\"articleSection\":[\"News\",\"2025\"],\"inLanguage\":\"sk-SK\"},{\"@type\":\"WebPage\",\"@id\":\"https:\\\/\\\/kinit.sk\\\/sk\\\/gamechangers-meet-jakub-simko\\\/\",\"url\":\"https:\\\/\\\/kinit.sk\\\/sk\\\/gamechangers-meet-jakub-simko\\\/\",\"name\":\"Meet Jakub \u0160imko - KInIT\",\"isPartOf\":{\"@id\":\"https:\\\/\\\/kinit.sk\\\/#website\"},\"primaryImageOfPage\":{\"@id\":\"https:\\\/\\\/kinit.sk\\\/sk\\\/gamechangers-meet-jakub-simko\\\/#primaryimage\"},\"image\":{\"@id\":\"https:\\\/\\\/kinit.sk\\\/sk\\\/gamechangers-meet-jakub-simko\\\/#primaryimage\"},\"thumbnailUrl\":\"https:\\\/\\\/kinit.sk\\\/wp-content\\\/uploads\\\/2025\\\/08\\\/GAME-CHANGERS_Jakub-1-scaled.png\",\"datePublished\":\"2025-08-27T07:11:08+00:00\",\"dateModified\":\"2025-08-27T07:23:01+00:00\",\"author\":{\"@id\":\"https:\\\/\\\/kinit.sk\\\/#\\\/schema\\\/person\\\/64db52a830dcb6d4df386e78e7eb748b\"},\"description\":\"Jakub \u0160imko, ktor\u00e9ho spozn\u00e1te v dne\u0161nej \u010dasti, sa podie\u013eal na zalo\u017een\u00ed Kempelenovho in\u0161tit\u00fatu. Vy\u0161tudoval a p\u00f4sobil na Slovenskej...\",\"breadcrumb\":{\"@id\":\"https:\\\/\\\/kinit.sk\\\/sk\\\/gamechangers-meet-jakub-simko\\\/#breadcrumb\"},\"inLanguage\":\"sk-SK\",\"potentialAction\":[{\"@type\":\"ReadAction\",\"target\":[\"https:\\\/\\\/kinit.sk\\\/sk\\\/gamechangers-meet-jakub-simko\\\/\"]}]},{\"@type\":\"ImageObject\",\"inLanguage\":\"sk-SK\",\"@id\":\"https:\\\/\\\/kinit.sk\\\/sk\\\/gamechangers-meet-jakub-simko\\\/#primaryimage\",\"url\":\"https:\\\/\\\/kinit.sk\\\/wp-content\\\/uploads\\\/2025\\\/08\\\/GAME-CHANGERS_Jakub-1-scaled.png\",\"contentUrl\":\"https:\\\/\\\/kinit.sk\\\/wp-content\\\/uploads\\\/2025\\\/08\\\/GAME-CHANGERS_Jakub-1-scaled.png\",\"width\":2560,\"height\":1340},{\"@type\":\"BreadcrumbList\",\"@id\":\"https:\\\/\\\/kinit.sk\\\/sk\\\/gamechangers-meet-jakub-simko\\\/#breadcrumb\",\"itemListElement\":[{\"@type\":\"ListItem\",\"position\":1,\"name\":\"Home\",\"item\":\"https:\\\/\\\/kinit.sk\\\/sk\\\/\"},{\"@type\":\"ListItem\",\"position\":2,\"name\":\"News\",\"item\":\"https:\\\/\\\/kinit.sk\\\/sk\\\/category\\\/news-sk\\\/\"},{\"@type\":\"ListItem\",\"position\":3,\"name\":\"Meet Jakub \u0160imko\"}]},{\"@type\":\"WebSite\",\"@id\":\"https:\\\/\\\/kinit.sk\\\/#website\",\"url\":\"https:\\\/\\\/kinit.sk\\\/\",\"name\":\"KInIT\",\"description\":\"Vyu\u017e\u00edvame v\u00fdskum pre \u013eud\u00ed a priemysel\",\"potentialAction\":[{\"@type\":\"SearchAction\",\"target\":{\"@type\":\"EntryPoint\",\"urlTemplate\":\"https:\\\/\\\/kinit.sk\\\/?s={search_term_string}\"},\"query-input\":{\"@type\":\"PropertyValueSpecification\",\"valueRequired\":true,\"valueName\":\"search_term_string\"}}],\"inLanguage\":\"sk-SK\"},{\"@type\":\"Person\",\"@id\":\"https:\\\/\\\/kinit.sk\\\/#\\\/schema\\\/person\\\/64db52a830dcb6d4df386e78e7eb748b\",\"name\":\"Wanda Pribylincova\"}]}<\/script>\n<!-- \/ Yoast SEO plugin. -->","yoast_head_json":{"title":"Meet Jakub \u0160imko - KInIT","description":"Jakub \u0160imko, ktor\u00e9ho spozn\u00e1te v dne\u0161nej \u010dasti, sa podie\u013eal na zalo\u017een\u00ed Kempelenovho in\u0161tit\u00fatu. Vy\u0161tudoval a p\u00f4sobil na Slovenskej...","robots":{"index":"index","follow":"follow","max-snippet":"max-snippet:-1","max-image-preview":"max-image-preview:large","max-video-preview":"max-video-preview:-1"},"canonical":"https:\/\/kinit.sk\/sk\/gamechangers-meet-jakub-simko\/","og_locale":"sk_SK","og_type":"article","og_title":"Meet Jakub \u0160imko - KInIT","og_description":"Jakub \u0160imko, ktor\u00e9ho spozn\u00e1te v dne\u0161nej \u010dasti, sa podie\u013eal na zalo\u017een\u00ed Kempelenovho in\u0161tit\u00fatu. Vy\u0161tudoval a p\u00f4sobil na Slovenskej...","og_url":"https:\/\/kinit.sk\/sk\/gamechangers-meet-jakub-simko\/","og_site_name":"KInIT","article_published_time":"2025-08-27T07:11:08+00:00","article_modified_time":"2025-08-27T07:23:01+00:00","og_image":[{"width":2560,"height":1340,"url":"https:\/\/kinit.sk\/wp-content\/uploads\/2025\/08\/GAME-CHANGERS_Jakub-1-scaled.png","type":"image\/png"}],"author":"Wanda Pribylincova","twitter_card":"summary_large_image","twitter_creator":"@kinit","twitter_site":"@kinit","twitter_misc":{"Autor":"Wanda Pribylincova","Predpokladan\u00fd \u010das \u010d\u00edtania":"9 min\u00fat"},"schema":{"@context":"https:\/\/schema.org","@graph":[{"@type":"Article","@id":"https:\/\/kinit.sk\/sk\/gamechangers-meet-jakub-simko\/#article","isPartOf":{"@id":"https:\/\/kinit.sk\/sk\/gamechangers-meet-jakub-simko\/"},"author":{"name":"Wanda Pribylincova","@id":"https:\/\/kinit.sk\/#\/schema\/person\/64db52a830dcb6d4df386e78e7eb748b"},"headline":"Meet Jakub \u0160imko","datePublished":"2025-08-27T07:11:08+00:00","dateModified":"2025-08-27T07:23:01+00:00","mainEntityOfPage":{"@id":"https:\/\/kinit.sk\/sk\/gamechangers-meet-jakub-simko\/"},"wordCount":2253,"image":{"@id":"https:\/\/kinit.sk\/sk\/gamechangers-meet-jakub-simko\/#primaryimage"},"thumbnailUrl":"https:\/\/kinit.sk\/wp-content\/uploads\/2025\/08\/GAME-CHANGERS_Jakub-1-scaled.png","keywords":["interview","kinit"],"articleSection":["News","2025"],"inLanguage":"sk-SK"},{"@type":"WebPage","@id":"https:\/\/kinit.sk\/sk\/gamechangers-meet-jakub-simko\/","url":"https:\/\/kinit.sk\/sk\/gamechangers-meet-jakub-simko\/","name":"Meet Jakub \u0160imko - KInIT","isPartOf":{"@id":"https:\/\/kinit.sk\/#website"},"primaryImageOfPage":{"@id":"https:\/\/kinit.sk\/sk\/gamechangers-meet-jakub-simko\/#primaryimage"},"image":{"@id":"https:\/\/kinit.sk\/sk\/gamechangers-meet-jakub-simko\/#primaryimage"},"thumbnailUrl":"https:\/\/kinit.sk\/wp-content\/uploads\/2025\/08\/GAME-CHANGERS_Jakub-1-scaled.png","datePublished":"2025-08-27T07:11:08+00:00","dateModified":"2025-08-27T07:23:01+00:00","author":{"@id":"https:\/\/kinit.sk\/#\/schema\/person\/64db52a830dcb6d4df386e78e7eb748b"},"description":"Jakub \u0160imko, ktor\u00e9ho spozn\u00e1te v dne\u0161nej \u010dasti, sa podie\u013eal na zalo\u017een\u00ed Kempelenovho in\u0161tit\u00fatu. Vy\u0161tudoval a p\u00f4sobil na Slovenskej...","breadcrumb":{"@id":"https:\/\/kinit.sk\/sk\/gamechangers-meet-jakub-simko\/#breadcrumb"},"inLanguage":"sk-SK","potentialAction":[{"@type":"ReadAction","target":["https:\/\/kinit.sk\/sk\/gamechangers-meet-jakub-simko\/"]}]},{"@type":"ImageObject","inLanguage":"sk-SK","@id":"https:\/\/kinit.sk\/sk\/gamechangers-meet-jakub-simko\/#primaryimage","url":"https:\/\/kinit.sk\/wp-content\/uploads\/2025\/08\/GAME-CHANGERS_Jakub-1-scaled.png","contentUrl":"https:\/\/kinit.sk\/wp-content\/uploads\/2025\/08\/GAME-CHANGERS_Jakub-1-scaled.png","width":2560,"height":1340},{"@type":"BreadcrumbList","@id":"https:\/\/kinit.sk\/sk\/gamechangers-meet-jakub-simko\/#breadcrumb","itemListElement":[{"@type":"ListItem","position":1,"name":"Home","item":"https:\/\/kinit.sk\/sk\/"},{"@type":"ListItem","position":2,"name":"News","item":"https:\/\/kinit.sk\/sk\/category\/news-sk\/"},{"@type":"ListItem","position":3,"name":"Meet Jakub \u0160imko"}]},{"@type":"WebSite","@id":"https:\/\/kinit.sk\/#website","url":"https:\/\/kinit.sk\/","name":"KInIT","description":"Vyu\u017e\u00edvame v\u00fdskum pre \u013eud\u00ed a priemysel","potentialAction":[{"@type":"SearchAction","target":{"@type":"EntryPoint","urlTemplate":"https:\/\/kinit.sk\/?s={search_term_string}"},"query-input":{"@type":"PropertyValueSpecification","valueRequired":true,"valueName":"search_term_string"}}],"inLanguage":"sk-SK"},{"@type":"Person","@id":"https:\/\/kinit.sk\/#\/schema\/person\/64db52a830dcb6d4df386e78e7eb748b","name":"Wanda Pribylincova"}]}},"_links":{"self":[{"href":"https:\/\/kinit.sk\/sk\/wp-json\/wp\/v2\/posts\/37600","targetHints":{"allow":["GET"]}}],"collection":[{"href":"https:\/\/kinit.sk\/sk\/wp-json\/wp\/v2\/posts"}],"about":[{"href":"https:\/\/kinit.sk\/sk\/wp-json\/wp\/v2\/types\/post"}],"author":[{"embeddable":true,"href":"https:\/\/kinit.sk\/sk\/wp-json\/wp\/v2\/users\/34"}],"replies":[{"embeddable":true,"href":"https:\/\/kinit.sk\/sk\/wp-json\/wp\/v2\/comments?post=37600"}],"version-history":[{"count":17,"href":"https:\/\/kinit.sk\/sk\/wp-json\/wp\/v2\/posts\/37600\/revisions"}],"predecessor-version":[{"id":37634,"href":"https:\/\/kinit.sk\/sk\/wp-json\/wp\/v2\/posts\/37600\/revisions\/37634"}],"wp:featuredmedia":[{"embeddable":true,"href":"https:\/\/kinit.sk\/sk\/wp-json\/wp\/v2\/media\/37604"}],"wp:attachment":[{"href":"https:\/\/kinit.sk\/sk\/wp-json\/wp\/v2\/media?parent=37600"}],"wp:term":[{"taxonomy":"category","embeddable":true,"href":"https:\/\/kinit.sk\/sk\/wp-json\/wp\/v2\/categories?post=37600"},{"taxonomy":"post_tag","embeddable":true,"href":"https:\/\/kinit.sk\/sk\/wp-json\/wp\/v2\/tags?post=37600"}],"curies":[{"name":"wp","href":"https:\/\/api.w.org\/{rel}","templated":true}]}}