{"id":37407,"date":"2025-08-19T11:38:24","date_gmt":"2025-08-19T09:38:24","guid":{"rendered":"https:\/\/kinit.sk\/?p=37407"},"modified":"2025-08-19T15:46:58","modified_gmt":"2025-08-19T13:46:58","slug":"gamechangers-meet-maria-bielikova","status":"publish","type":"post","link":"https:\/\/kinit.sk\/sk\/gamechangers-meet-maria-bielikova\/","title":{"rendered":"Meet M\u00e1ria Bielikov\u00e1"},"content":{"rendered":"<div id=\"\" class=\"element core-paragraph\">\n<p><strong><a href=\"https:\/\/www.instagram.com\/reel\/DNiavDfIyS3\/?utm_source=ig_web_copy_link&amp;igsh=MXYxNGZ3Z3E3b3M1bQ==\">S\u00e9ria Gamechangers<\/a> predstavuje pr\u00edbehy \u013eud\u00ed, ktor\u00ed st\u00e1li pri zrode Kempelenovho in\u0161tit\u00fatu inteligentn\u00fdch technol\u00f3gi\u00ed. Svojou v\u00edziou a odhodlan\u00edm pretvorili odv\u00e1\u017eny n\u00e1pad na realitu \u2013 vytvorili nov\u00e9 miesto pre excelentn\u00fa vedu prepojen\u00fa s inov\u00e1ciami a rozvoj talentu na Slovensku. V rozhovoroch sa dozviete, ak\u00e9 v\u00fdzvy museli prekona\u0165, ak\u00e9 hodnoty ich sp\u00e1jaj\u00fa a \u010do ich motivuje neust\u00e1le pos\u00fava\u0165 hranice v\u00fdskumu a inov\u00e1ci\u00ed.<\/strong><\/p>\n<\/div>\n\n<div id=\"\" class=\"element core-paragraph\">\n<p><strong>\u00davodn\u00fd diel patr\u00ed <a href=\"https:\/\/kinit.sk\/member\/maria-bielikova\/\">M\u00e1rii Bielikovej<\/a> \u2013 zakladate\u013eke a riadite\u013eke Kempelenovho in\u0161tit\u00fatu. M\u00e1ria je renomovan\u00e1 slovensk\u00e1 informati\u010dka, ktor\u00e1 sa dlhodobo venuje v\u00fdskumu v oblasti umelej inteligencie, rozvoju talentu, prepojeniu vedy s praxou a podpore inov\u00e1ci\u00ed. Spolu s kolegami v roku 2020 zalo\u017eila Kempelenov in\u0161tit\u00fat inteligentn\u00fdch technol\u00f3gi\u00ed, ktor\u00fd 9. septembra tohto roku osl\u00e1vi u\u017e svoje piate narodeniny.<\/strong><\/p>\n<\/div>\n\n<div id=\"\" class=\"element core-heading wp-elements-37e9297d58238f435edfd32aee36526b\">\n<h5 class=\"wp-block-heading has-text-color has-link-color wp-elements-37e9297d58238f435edfd32aee36526b\" style=\"color:#bc3d50\">Spomenie\u0161 si na moment, ke\u010f si si povedala: \u201eIdeme do toho\u201c?<\/h5>\n<\/div>\n\n<div id=\"\" class=\"element core-paragraph\">\n<p>Tak\u00fdto moment sa ned\u00e1 presne identifikova\u0165. Na vznik KInITu sa toti\u017e d\u00e1 pozrie\u0165 z dvoch str\u00e1n. Jednou bolo, \u017ee tak 20 rokov dozadu som si uvedomila, \u017ee ak tu chceme dobre \u017ei\u0165, tak potrebujeme ma\u0165 v na\u0161om okol\u00ed \u010do najviac \u010destn\u00fdch, anga\u017eovan\u00fdch a podnikav\u00fdch expertov. A postupne som zistila, \u017ee t\u00e1to misia mi ve\u013emi sed\u00ed.<\/p>\n<\/div>\n\n<div class=\"wp-block-image\"><div id=\"\" class=\"element core-image\">\n<figure class=\"aligncenter size-large is-resized\"><img decoding=\"async\" width=\"1024\" height=\"683\" data-src=\"https:\/\/kinit.sk\/wp-content\/uploads\/2025\/08\/ForbesWoman_Maria-Bielikova-4sel-1024x683.jpg\" alt=\"\" class=\"wp-image-37447 lazyload\" style=\"--smush-placeholder-width: 1024px; --smush-placeholder-aspect-ratio: 1024\/683;width:622px\" data-srcset=\"https:\/\/kinit.sk\/wp-content\/uploads\/2025\/08\/ForbesWoman_Maria-Bielikova-4sel-1024x683.jpg 1024w, https:\/\/kinit.sk\/wp-content\/uploads\/2025\/08\/ForbesWoman_Maria-Bielikova-4sel-300x200.jpg 300w, https:\/\/kinit.sk\/wp-content\/uploads\/2025\/08\/ForbesWoman_Maria-Bielikova-4sel-768x512.jpg 768w, https:\/\/kinit.sk\/wp-content\/uploads\/2025\/08\/ForbesWoman_Maria-Bielikova-4sel-1536x1024.jpg 1536w, https:\/\/kinit.sk\/wp-content\/uploads\/2025\/08\/ForbesWoman_Maria-Bielikova-4sel-2048x1366.jpg 2048w, https:\/\/kinit.sk\/wp-content\/uploads\/2025\/08\/ForbesWoman_Maria-Bielikova-4sel-600x400.jpg 600w, https:\/\/kinit.sk\/wp-content\/uploads\/2025\/08\/ForbesWoman_Maria-Bielikova-4sel-900x600.jpg 900w\" data-sizes=\"(max-width: 1024px) 100vw, 1024px\" src=\"data:image\/svg+xml;base64,PHN2ZyB3aWR0aD0iMSIgaGVpZ2h0PSIxIiB4bWxucz0iaHR0cDovL3d3dy53My5vcmcvMjAwMC9zdmciPjwvc3ZnPg==\" \/><\/figure>\n<\/div><\/div>\n\n<div id=\"\" class=\"element core-paragraph\">\n<p>Ke\u010f som e\u0161te p\u00f4sobila na univerzite, rozvoj talentu a prepojenie medzi akad\u00e9miou a podnikate\u013esk\u00fdm sektorom boli mojou v\u00e1\u0161\u0148ou. Bola som pri zalo\u017een\u00ed Fakulty informatiky a informa\u010dn\u00fdch technol\u00f3gi\u00ed STU, budovala som v\u00fdskumn\u00fd t\u00edm vo vtedy novej oblasti spojenej s personaliz\u00e1ciou webu, stala sa dekankou. Na univerzite sme sa sna\u017eili o siln\u00fa, \u0161pi\u010dkov\u00fa informatiku. A to sa aj darilo.&nbsp;<\/p>\n<\/div>\n\n<div id=\"\" class=\"element core-paragraph\">\n<p>Podstata toho, o \u010do som sa vtedy sna\u017eila, sa v\u00f4bec nezmenilo. Ale zmenil sa, samozrejme, svet okolo n\u00e1s a to malo vplyv na to, ako nap\u013a\u0148am svoju v\u00edziu. A to u\u017e je t\u00e1 druh\u00e1 rovina. Vtedy som netu\u0161ila, \u017ee niekedy v\u00f4bec zalo\u017e\u00edme fakultu alebo \u017ee vznikne Kempelenov in\u0161tit\u00fat.&nbsp;Potom pri\u0161la pr\u00edle\u017eitos\u0165 a u\u017e to tak b\u00fdva, \u0161\u0165astie praje pripraven\u00fdm.&nbsp;<\/p>\n<\/div>\n\n<div id=\"\" class=\"element core-paragraph\">\n<p>Uk\u00e1zalo sa, \u017ee niektor\u00e9 probl\u00e9my sa nedaj\u00fa vyrie\u0161i\u0165 zvn\u00fatra. Vo verejnom akademickom sektore na Slovensku bolo, je a ver\u00edm, \u017ee aj bude, ve\u013ea \u0161ikovn\u00fdch \u013eud\u00ed. Ale s\u00fa tam r\u00f4zne obmedzenia, ktor\u00e9 s\u00fa dan\u00e9 aj historicky, a pre ktor\u00e9 sa niekedy \u0165a\u017eko dosahuje zmena. Druh\u00e1 vec je, \u017ee ke\u010f sa pozrieme ako to funguje v zahrani\u010d\u00ed, v krajin\u00e1ch, ktor\u00e9 s\u00fa naozaj pova\u017eovan\u00e9 za siln\u00fdch inov\u00e1torov, tak tam jednoducho okrem univerz\u00edt a \u0161t\u00e1tnych a verejn\u00fdch v\u00fdskumn\u00fdch in\u0161tit\u00faci\u00ed be\u017ene existuj\u00fa in\u0161tit\u00faty ako KInIT. Ako prep\u00e1ja\u010de dvoch svetov.&nbsp;<\/p>\n<\/div>\n\n<div id=\"\" class=\"element core-paragraph\">\n<p>Dlho som diskutovala s mnoh\u00fdmi \u013eu\u010fmi z r\u00f4znych sektorov o tom, ako rozv\u00edja\u0165 talent a tak\u00fa excelentn\u00fa vedu, ktor\u00e1 m\u00e1 potenci\u00e1l prispie\u0165 k inov\u00e1ci\u00e1m. A t\u00e1 pr\u00edle\u017eitos\u0165, kedy som sa rozhodla naplni\u0165 t\u00fato v\u00edziu, pri\u0161la v lete 2020.&nbsp;<\/p>\n<\/div>\n\n<div id=\"\" class=\"element core-paragraph\">\n<p>K vzniku KInITu prispelo viacero siln\u00fdch momentov. Prv\u00fd bol, ke\u010f sa ma jedna \u00faspe\u0161n\u00e1 podnikate\u013eka op\u00fdtala, pre\u010do to, o \u010dom sn\u00edvam, nevysk\u00fa\u0161am. \u010eal\u0161\u00ed d\u00f4le\u017eit\u00fd moment nastal, ke\u010f som za\u010diatkom j\u00fala 2020 v noci telefonovala s priate\u013eom a b\u00fdval\u00fdm kolegom Andrejom Dankom, ktor\u00fd dlhodobo \u017eije v USA. V jednom bode sme si povedali, \u017ee sp\u00ed\u0161eme ako by sme si tak\u00fd in\u0161tit\u00fat predstavovali \u2013 a tak vznikol prv\u00fd dokument (onepager) o nez\u00e1vislom v\u00fdskumnom in\u0161tit\u00fate. Andrej je doteraz poradcom KInITu.&nbsp;<\/p>\n<\/div>\n\n<div id=\"\" class=\"element core-paragraph\">\n<p>Nesk\u00f4r pri\u0161lo viacero \u010fal\u0161\u00edch k\u013e\u00fa\u010dov\u00fdch momentov. Zapojenie partnerov z biznisu, ke\u010f\u017ee bez ich finan\u010dnej podpory by projekt nez\u00e1visl\u00e9ho v\u00fdskumn\u00e9ho in\u0161tit\u00fatu nemal \u0161ancu uzrie\u0165 svetlo sveta. D\u00f4le\u017eit\u00fdm impulzom bolo, \u017ee sa uk\u00e1zala mo\u017enos\u0165 urobi\u0165 nie\u010do in\u00fdm sp\u00f4sobom a v tom n\u00e1m viacer\u00ed \u013eudia pomohli. Bez ich podpory, finan\u010dnej aj inej, by sa to, \u010do tu dnes m\u00e1me, nepodarilo.<\/p>\n<\/div>\n\n<div id=\"\" class=\"element core-paragraph\">\n<p>Ke\u010f sa na to obdobie aj sp\u00e4tne pozer\u00e1m, d\u00f4le\u017eit\u00e9 bolo, \u017ee na n\u00e1s vtedy asi bolo vidie\u0165, \u017ee tomu ver\u00edme. St\u00e1le ver\u00edm, \u017ee vytv\u00e1ranie inovuj\u00faveho ekosyst\u00e9mu prep\u00e1jan\u00edm excelentnej vedy s praxou a rozvojom talentu m\u00e1 ve\u013ek\u00fd zmysel a som ve\u013emi v\u010fa\u010dn\u00e1 za to, \u017ee to m\u00f4\u017eeme \u010falej sk\u00fa\u0161a\u0165 \u2013 \u017ee na\u0161e predch\u00e1dzaj\u00face aktivity vytvorili d\u00f4veru potrebn\u00fa na pokra\u010dovanie aj inak ako na univerzite. Na\u0161e presved\u010denie o tom, \u017ee t\u00e1 v\u00edzia je dobr\u00e1, sa upev\u0148ovalo a\u017e do momentu, kedy vznikol Kempelenov in\u0161tit\u00fat inteligentn\u00fdch technol\u00f3gi\u00ed &#8211; KInIT.<\/p>\n<\/div>\n\n<div id=\"\" class=\"element core-heading wp-elements-9200bab344559556d99c621448323547\">\n<h5 class=\"wp-block-heading has-text-color has-link-color wp-elements-9200bab344559556d99c621448323547\" style=\"color:#bc3d50\">Ak\u00e9 boli najv\u00e4\u010d\u0161ie v\u00fdzvy pri zakladan\u00ed in\u0161tit\u00fatu? Boli nie\u010d\u00edm aj ne\u0161tandardn\u00e9, ke\u010f\u017ee in\u0161tit\u00fat vznikal v \u010dase COVIDU?<\/h5>\n<\/div>\n\n<div id=\"\" class=\"element core-paragraph\">\n<p>T\u00fdch v\u00fdziev bolo celkom ve\u013ea. Nebolo to jednoduch\u00e9, p\u00fa\u0161\u0165ali sme sa do nezn\u00e1ma. Ni\u010d tak\u00e9 ako KInIT sme tu na Slovensku a ani \u0161ir\u0161ie vo v\u00fdchodnej Eur\u00f3pe nemali.<\/p>\n<\/div>\n\n<div id=\"\" class=\"element core-paragraph\">\n<p>Keby som i\u0161la chronologicky, tak \u00faplne prvou v\u00fdzvou bolo to, ako sa k tomu postavia moji najbli\u017e\u0161\u00ed kolegovia. T\u00e1 bola nakoniec najjednoduch\u0161ia, \u010domu som sa ve\u013emi te\u0161ila. Tak\u00fato vec nedok\u00e1\u017ee spravi\u0165 jeden \u010dlovek. Kempelenov in\u0161tit\u00fat je dielom mnoh\u00fdch \u013eud\u00ed a dnes sa k nemu st\u00e1le prid\u00e1vaj\u00fa \u010fal\u0161\u00ed.<\/p>\n<\/div>\n\n<div id=\"\" class=\"element core-paragraph\">\n<p>Druhou, ktor\u00e1 sa m\u00f4\u017ee prirodzene zda\u0165 ako najv\u00e4\u010d\u0161ia, bolo z\u00edskanie financovania. Vo vtedaj\u0161ej situ\u00e1cii bolo jasn\u00e9, \u017ee nem\u00e1me \u0161ancu z\u00edska\u0165 podporu z verejn\u00fdch zdrojov. My sme ale chceli pilotova\u0165 na\u0161u my\u0161lienku. ktor\u00e1 bola navrhnut\u00e1 po vzore podobn\u00fdch in\u0161tit\u00fatov v zahrani\u010d\u00ed, ako napr\u00edklad v Rak\u00fasku a Nemecku, kde s\u00fa tak\u00e9to in\u0161tit\u00faty spravidla verejno-s\u00fakromn\u00fdmi partnerstvami.&nbsp;<\/p>\n<\/div>\n\n<div id=\"\" class=\"element core-paragraph\">\n<p>Na Slovensku sa odjak\u017eiva rozli\u0161oval pri v\u00fdskume a inov\u00e1ci\u00e1ch len verejn\u00fd akademick\u00fd sektor a podnikate\u013esk\u00fd sektor. Len\u017ee my sme chceli prepoji\u0165 tieto dva svety, \u010do sa d\u00e1 iba ak niekto rozumie obidvom. Potrebovali sme \u013eud\u00ed, ktor\u00ed s\u00fa ochotn\u00ed a schopn\u00ed sk\u00fa\u0161a\u0165 obe strany. Vedcov s podnikav\u00fdm nastaven\u00edm myslenia v in\u0161tit\u00fate a podnikate\u013eov dostato\u010dne zvedav\u00fdch na to, aby prispeli na tento projekt.&nbsp;<\/p>\n<\/div>\n\n<div id=\"\" class=\"element core-paragraph\">\n<p>Bolo jasn\u00e9, \u017ee na za\u010diatku financovanie dok\u00e1\u017eeme z\u00edska\u0165 iba zo s\u00fakromn\u00e9ho sektora. Na to treba d\u00f4veru, ale aj trochu \u0161tastia. \u0160\u0165astia na \u013eud\u00ed, ktor\u00ed maj\u00fa myse\u013e nastaven\u00fa na dlhodob\u00fa perspekt\u00edvu.&nbsp;Som ve\u013emi rada, \u017ee <a href=\"https:\/\/www.eset.com\/sk\/\">Eset<\/a>, <a href=\"https:\/\/www.tatrabanka.sk\/sk\/personal\/\">Tatra banka<\/a>, <a href=\"https:\/\/www.innovatrics.com\/\">Innovatrics<\/a>, <a href=\"https:\/\/www.seesame.com\/\">Seesame<\/a> a <a href=\"https:\/\/www.softec.sk\/\">Softec<\/a> boli t\u00fdmi firmami, ktor\u00e9 umo\u017enili, \u017ee sme mohli za\u010da\u0165, a \u017ee vtedy dali d\u00f4veru tomu, \u010domu sme my verili od za\u010diatku.<\/p>\n<\/div>\n\n<div id=\"\" class=\"element core-paragraph\">\n<p>\u010eal\u0161ia v\u00fdzva bola tak trochu skryt\u00e1 a nie ka\u017ed\u00fd si ju uvedomoval, ale pre m\u0148a bola obrovsk\u00e1. Ot\u00e1zkou bolo, ako bude Kempelenov in\u0161tit\u00fat prijat\u00fd okol\u00edm. Ke\u010f \u010dlovek za\u010dne nie\u010do \u00faplne nov\u00e9, ve\u013emi \u013eahko sa m\u00f4\u017ee sta\u0165, \u017ee \u013eudia sa toho prirodzene boja. Nevedeli sme, \u010do na to povedia podnikatelia a najm\u00e4, \u010do na to povie akademick\u00fd svet. Tam sa ale stalo nie\u010do \u00fa\u017easn\u00e9. Hne\u010f na druh\u00fd de\u0148 po ohl\u00e1sen\u00ed vzniku KInITu v auguste 2020, predseda Slovenskej akad\u00e9mie vied, p\u00e1n profesor \u0160ajgal\u00edk, odpovedal novin\u00e1rom.&nbsp;V novin\u00e1ch sa objavili ve\u013ek\u00e9 titulky \u201eOdv\u00e1\u017eny krok spr\u00e1vnym smerom\u201c. To bolo obrovsk\u00e9 povzbudenie.<\/p>\n<\/div>\n\n<div id=\"\" class=\"element core-paragraph\">\n<p>Mali sme teda nejak\u00fdch \u013eud\u00ed a nejak\u00e9 zdroje, mo\u017eno aj t\u00fa prv\u00fa akcept\u00e1ciu, a potom pri\u0161lo to hlavn\u00e9 &#8211; do \u010doho sa pusti\u0165, ako za\u010da\u0165. To bola naozaj ve\u013ek\u00e1 v\u00fdzva. Ka\u017ed\u00e1 v\u00fdskumn\u00e1 in\u0161tit\u00facia v z\u00e1sade funguje na dot\u00e1ci\u00e1ch, grantoch a hospod\u00e1rskej spolupr\u00e1ci. Za\u010dali sme grantami.&nbsp;<\/p>\n<\/div>\n\n<div id=\"\" class=\"element core-columns\">\n<div class=\"wp-block-columns is-layout-flex wp-container-core-columns-is-layout-9d6595d7 wp-block-columns-is-layout-flex\"><div id=\"\" class=\"element core-column\">\n<div class=\"wp-block-column is-layout-flow wp-block-column-is-layout-flow\" style=\"flex-basis:66.66%\"><div id=\"\" class=\"element core-paragraph\">\n<p>Slovensko je krajina, ktor\u00e1 na vedu a v\u00fdskum d\u00e1va ve\u013emi m\u00e1lo zdrojov v porovnan\u00ed s ostatn\u00fdmi krajinami. Ke\u010f nie s\u00fa zdroje doma, treba sa poobzera\u0165 vonku. Slovensko zaost\u00e1va aj v eur\u00f3pskych grantoch. Sk\u00fasili sme \u00eds\u0165 pr\u00e1ve t\u00fdmto smerom a mali sme op\u00e4\u0165 aj \u0161\u0165astie.&nbsp;<\/p>\n<\/div>\n\n<div id=\"\" class=\"element core-paragraph\">\n<p>Niektor\u00ed hovoria, \u017ee \u00faspech je o \u0161\u0165ast\u00ed. \u00c1no aj. Bez tvrdej pr\u00e1ce a discipl\u00edny sa m\u00e1lokedy podaria ve\u013ek\u00e9 veci. My sme si to tie\u017e ve\u013emi tvrdo odpracovali a v priebehu prv\u00fdch dvoch rokov fungovania KInITu sme sa v novej sch\u00e9me Horizon Europe z nuly dostali na tretie miesto v r\u00e1mci Slovenska.<\/p>\n<\/div>\n\n<div id=\"\" class=\"element core-paragraph\">\n<p>E\u0161te k t\u00e9me COVID-u. V prvej f\u00e1ze pri z\u00edskavan\u00ed financovania to bola ve\u013ek\u00e1 nev\u00fdhoda, lebo ke\u010f chcete z\u00edska\u0165 invest\u00edciu, robi\u0165 to cez Zoom a \u0161peci\u00e1lne e\u0161te v obdob\u00ed, ke\u010f sme na to neboli zvyknut\u00ed, nejde \u013eahko. Mali sme \u0161\u0165astie, \u017ee v lete 2020 sa tro\u0161ku uvo\u013enili pandemick\u00e9 opatrnia a dalo sa stret\u00e1va\u0165, ale aj tak to bolo naozaj \u0165a\u017ek\u00e9.&nbsp;Nesk\u00f4r n\u00e1m COVID paradoxne pomohol, lebo sme nemuseli hne\u010f nah\u00e1\u0148a\u0165 priestory a vedeli sme fungova\u0165 online. Hovor\u00ed sa, \u017ee ka\u017ed\u00e1 kr\u00edza nakoniec nie\u010do aj prinesie, tak\u017ee sme t\u00fato situ\u00e1ciu vyu\u017eili.<\/p>\n<\/div><\/div>\n<\/div>\n\n<div id=\"\" class=\"element core-column\">\n<div class=\"wp-block-column is-layout-flow wp-block-column-is-layout-flow\" style=\"flex-basis:33.33%\"><div id=\"\" class=\"element core-image\">\n<figure class=\"wp-block-image size-large\"><img decoding=\"async\" width=\"683\" height=\"1024\" data-src=\"https:\/\/kinit.sk\/wp-content\/uploads\/2025\/08\/FBF_BA_2025-276-683x1024.jpg\" alt=\"\" class=\"wp-image-37437 lazyload\" data-srcset=\"https:\/\/kinit.sk\/wp-content\/uploads\/2025\/08\/FBF_BA_2025-276-683x1024.jpg 683w, https:\/\/kinit.sk\/wp-content\/uploads\/2025\/08\/FBF_BA_2025-276-200x300.jpg 200w, https:\/\/kinit.sk\/wp-content\/uploads\/2025\/08\/FBF_BA_2025-276-768x1152.jpg 768w, https:\/\/kinit.sk\/wp-content\/uploads\/2025\/08\/FBF_BA_2025-276-1024x1536.jpg 1024w, https:\/\/kinit.sk\/wp-content\/uploads\/2025\/08\/FBF_BA_2025-276-1365x2048.jpg 1365w, https:\/\/kinit.sk\/wp-content\/uploads\/2025\/08\/FBF_BA_2025-276-scaled.jpg 1707w\" data-sizes=\"(max-width: 683px) 100vw, 683px\" src=\"data:image\/svg+xml;base64,PHN2ZyB3aWR0aD0iMSIgaGVpZ2h0PSIxIiB4bWxucz0iaHR0cDovL3d3dy53My5vcmcvMjAwMC9zdmciPjwvc3ZnPg==\" style=\"--smush-placeholder-width: 683px; --smush-placeholder-aspect-ratio: 683\/1024;\" \/><\/figure>\n<\/div><\/div>\n<\/div><\/div>\n<\/div>\n\n<div id=\"\" class=\"element core-heading wp-elements-fee86b0b0362c81cb578b36ff7171d8a\">\n<h5 class=\"wp-block-heading has-text-color has-link-color wp-elements-fee86b0b0362c81cb578b36ff7171d8a\" style=\"color:#bc3d50\">Boli aj nejak\u00e9 chv\u00edle pochybnost\u00ed? Momenty, kedy si si polo\u017eila ot\u00e1zku, \u010di to m\u00e1 zmysel?<\/h5>\n<\/div>\n\n<div id=\"\" class=\"element core-paragraph\">\n<p>Mysl\u00edm si, \u017ee nie. Nem\u00e1m a ver\u00edm, \u017ee ani nikdy nebudem ma\u0165, pochybnosti o zmysle tohto cel\u00e9ho. M\u00e1m sk\u00f4r pochybnosti o tom, \u010di sme zvolili dobr\u00fa cestu a \u010di po nej dobre ideme. Ke\u010f je ve\u013ea slep\u00fdch uli\u010diek, nejak\u00e9 pochybnosti musia pr\u00eds\u0165, najm\u00e4 ke\u010f \u010dlovek nie\u010do pilotuje. Ale ja sa aj zo slep\u00fdch uli\u010diek te\u0161\u00edm a hovor\u00edm, \u017ee t\u00fdch ch\u00fdb mus\u00edme robi\u0165 viac ako be\u017ene, ke\u010f sk\u00fa\u0161ame nov\u00e9 veci. Ale mus\u00edme sa z nich r\u00fdchlo u\u010di\u0165 a robi\u0165 veci \u010falej.<\/p>\n<\/div>\n\n<div id=\"\" class=\"element core-paragraph\">\n<p>A potom tu s\u00fa ani nie pochybnosti, ale sk\u00f4r ot\u00e1zky. O v\u0161etkom mo\u017enom, \u010do si viete predstavi\u0165: ako spravujeme in\u0161tit\u00fat, ak\u00fa m\u00e1me \u0161trukt\u00faru, procesy&#8230; \u00c1no, v zahrani\u010d\u00ed m\u00e1me kopu pr\u00edkladov, ale zis\u0165ujeme, \u017ee aj ke\u010f sa od nich vieme ve\u013emi ve\u013ea nau\u010di\u0165, maj\u00fa svoje vlastn\u00e9 probl\u00e9my a ve\u013emi z\u00e1visia od prostredia a krajiny, v ktorej s\u00fa. D\u00e1 sa odtia\u013e nie\u010do zobra\u0165, ale ur\u010dite nie v\u0161etko.&nbsp;<\/p>\n<\/div>\n\n<div id=\"\" class=\"element core-paragraph\">\n<p>\u010eal\u0161ou ot\u00e1zkou je, \u010di dok\u00e1\u017eeme pril\u00e1ka\u0165 dostatok talentu. Je to ve\u013emi \u0165a\u017ek\u00e9 a prostredie na Slovensku talentu neve\u013emi praje. Z\u00e1rove\u0148 chceme a v\u0161etko mus\u00edme robi\u0165 tak, aby sme neoslabili existuj\u00face akademick\u00e9 in\u0161tit\u00facie, ktor\u00e9 potrebujeme pr\u00e1ve\u017ee posilni\u0165.<\/p>\n<\/div>\n\n<div id=\"\" class=\"element core-paragraph\">\n<p><\/p>\n<\/div>\n\n<div id=\"\" class=\"element core-paragraph wp-elements-87fbcc296e0fe54cd0d4d23aca3c47e1\">\n<p class=\"has-text-align-center has-text-color has-background has-link-color wp-elements-87fbcc296e0fe54cd0d4d23aca3c47e1\" style=\"color:#466cb2;background-color:#ebf7f9;font-size:22px\"><strong><em>&#8222;Prep\u00e1janie a spolupr\u00e1cu pova\u017eujem za z\u00e1kladn\u00fa hodnotu. Chcela by som tu vidie\u0165 poprep\u00e1jan\u00e9 bubliny a \u013eud\u00ed, ktor\u00ed robia veci s v\u00e1\u0161\u0148ou. A to sa dar\u00ed.&#8220;<\/em><\/strong><\/p>\n<\/div>\n\n<div id=\"\" class=\"element core-paragraph\">\n<p><\/p>\n<\/div>\n\n<div id=\"\" class=\"element core-paragraph\">\n<p>Bud\u00facnos\u0165 je \u010fal\u0161ou ve\u013ekou ot\u00e1zkou. Kam a\u017e sa dok\u00e1\u017eeme dosta\u0165? Do akej miery sa n\u00e1m bude dari\u0165 fungova\u0165? Samozrejme, vstupuj\u00fa do toho aj extern\u00e9 faktory. Mnoho zn\u00e1mych zo zahrani\u010dia mi napr\u00edklad hovor\u00ed, \u017ee tak\u00e9to nie\u010do sa ned\u00e1 budova\u0165 bez podpory \u0161t\u00e1tu. No a vid\u00edte, na Slovensku to ide. Ale ide to preto, lebo \u013eudia zo s\u00fakromn\u00e9ho sektora si povedali, \u017ee tomu pom\u00f4\u017eu. Bez toho by to jednoducho ne\u0161lo. Dnes u\u017e KInIT dok\u00e1\u017ee takmer dve tretiny financi\u00ed z\u00edska\u0165 z in\u00fdch zdrojov.&nbsp;<\/p>\n<\/div>\n\n<div id=\"\" class=\"element core-heading wp-elements-c0d1bb85700606fbf102f714675c98f1\">\n<h5 class=\"wp-block-heading has-text-color has-link-color wp-elements-c0d1bb85700606fbf102f714675c98f1\" style=\"color:#bc3d50\">Pre\u010do si KInIT zvolil v\u00fdskumn\u00e9 t\u00e9my, ktor\u00e9 si zvolil?<\/h5>\n<\/div>\n\n<div id=\"\" class=\"element core-paragraph\">\n<p>To m\u00e1 viacero \u00farovn\u00ed. T\u00e9my sme si v KInITe zvolili tak, aby sme mohli naplni\u0165 na\u0161u v\u00edziu vytv\u00e1ra\u0165 inovuj\u00faci ekosyst\u00e9m zalo\u017een\u00fd na excelentnej vede. \u010ci\u017ee t\u00e1 prv\u00e1 ve\u013emi d\u00f4le\u017eit\u00e1 vec je, \u017ee mus\u00edme by\u0165 excelentn\u00ed vo v\u00fdskume. Mus\u00edme si zvoli\u0165 tak\u00e9 t\u00e9my, kde m\u00e1me \u0161ancu by\u0165 excelentn\u00ed celosvetovo.&nbsp;Na\u0161e v\u00fdskumn\u00e9 t\u00e9my v\u0161ak musia by\u0165 zauj\u00edmav\u00e9 nielen vo svete, ale z\u00e1rove\u0148 aj lok\u00e1lne pre n\u00e1\u0161 inova\u010dn\u00fd ekosyst\u00e9m. Preto, lebo hlavn\u00fd impakt chceme a u\u017e aj vytv\u00e1rame tu doma.<\/p>\n<\/div>\n\n<div id=\"\" class=\"element core-paragraph\">\n<p>\u010eal\u0161\u00ed aspekt pri v\u00fdbere t\u00e9m boli na\u0161e kompetencie. D\u00e1 sa budova\u0165 nie\u010do na zelenej l\u00fake v nov\u00fdch t\u00e9mach, ale to by znamenalo h\u013eada\u0165 hne\u010f v prvom kroku \u013eud\u00ed zo zahrani\u010dia. Mnoh\u00e9 in\u0161tit\u00faty v zahrani\u010d\u00ed takto vznikaj\u00fa. Ale do tak\u00fdchto projektov id\u00fa desiatky a\u017e stovky mili\u00f3nov eur a v takej situ\u00e1cii sme my neboli. Preto sme museli \u00eds\u0165 do t\u00e9m, na ktor\u00e9 sme u\u017e kompetencie mali. A tak sa n\u00e1m vykry\u0161talizovali dve siln\u00e9 t\u00e9my umelej inteligencie.<\/p>\n<\/div>\n\n<div id=\"\" class=\"element core-paragraph\">\n<p>Prvou bolo strojov\u00e9 spracovanie inform\u00e1ci\u00ed, preva\u017ene zameran\u00e9 na text. Spracovanie obrazu, zvuku, textu \u2013 to s\u00fa v\u0161etko samostatn\u00e9 ve\u013ek\u00e9 t\u00e9my, ktor\u00fdmi sa zaoberaj\u00fa tis\u00edcky \u013eud\u00ed po celom svete. Vzh\u013eadom na na\u0161u ve\u013ekos\u0165 a sk\u00fasenosti sme si vybrali text. A mali sme znova trochu \u0161\u0165astia. Dva roky po vzniku KInITu to cel\u00e9 vybuchlo a teraz u\u017e rob\u00ed spracovanie textu omnoho viac v\u00fdskumn\u00edkov ako ke\u010f sme my za\u010d\u00ednali. Druh\u00e1 t\u00e9ma bola predikt\u00edvne modelovanie v dom\u00e9ne \u017eivotn\u00e9ho prostredia. Za\u010dali sme s energetikou, ale u\u017e sme v r\u00e1mci nej posunuli aj k \u010fal\u0161\u00edm environment\u00e1lnym t\u00e9mam.<\/p>\n<\/div>\n\n<div id=\"\" class=\"element core-paragraph\">\n<p>Z\u00e1rove\u0148 ide o asi dve najd\u00f4le\u017eitej\u0161ie AI t\u00e9my s\u00fa\u010dasn\u00e9ho sveta v\u00f4bec \u2013 spracovanie a kvalita inform\u00e1ci\u00ed a na\u0161e \u017eivotn\u00e9 prostredie. Sna\u017e\u00edme sa motivova\u0165 \u013eud\u00ed, aby nasko\u010dili na n\u00e1\u0161 vlak a aspo\u0148 chv\u00ed\u013eu i\u0161li spolu s KInITom. Preto je d\u00f4le\u017eit\u00e9, aby na\u0161e t\u00e9my mali aj spolo\u010densk\u00fd presah, aby prispievali \u010do najviac priamo k lep\u0161iemu \u017eivotu. Ja ver\u00edm, \u017ee je \u00fa\u017easn\u00e9 venova\u0165 svoj \u017eivot tomu, aby sme po sebe zanechali nie\u010do lep\u0161ie ako sme mali na za\u010diatku. A to sa d\u00e1 s tak\u00fdmito t\u00e9mami.&nbsp;<\/p>\n<\/div>\n\n<div id=\"\" class=\"element core-paragraph\">\n<p>Tre\u0165ou na\u0161ou d\u00f4le\u017eitou t\u00e9mou je etika a hodnoty v technol\u00f3gi\u00e1ch, \u0161peci\u00e1lne v umelej inteligencii. Toto pova\u017eujem za ve\u013emi d\u00f4le\u017eit\u00e9. E\u0161te ke\u010f som bola na univerzite, mali sme nekone\u010dn\u00e9 rozhovory o tom, ko\u013eko m\u00e1 by\u0165 v technike humanitn\u00fdch predmetov. Nie v\u0161etci zdie\u013eali n\u00e1zor, \u017ee humanitn\u00e9 a spolo\u010denskovedn\u00e9 predmety s\u00fa pre technick\u00e9 vzdel\u00e1vanie d\u00f4le\u017eit\u00e9. Dnes u\u017e ich d\u00f4le\u017eitos\u0165 t\u00fdchto t\u00e9m zdie\u013ea o dos\u0165 viac \u013eud\u00ed a je viac a viac zrejm\u00e9, \u017ee technol\u00f3gie nie s\u00fa neutr\u00e1lne a je d\u00f4le\u017eit\u00e9 ch\u00e1pa\u0165 ich v celej \u0161\u00edrke, aby mohli sl\u00fa\u017ei\u0165 n\u00e1m \u013eu\u010fom.&nbsp;<\/p>\n<\/div>\n\n<div id=\"\" class=\"element core-paragraph\">\n<p>Tak\u017ee od za\u010diatku som vedela, \u017ee v KInITe potrebujeme prepoji\u0165 technick\u00e9 a humanitn\u00e9 a spolo\u010densk\u00e9 discipl\u00edny. Bolo skvel\u00e9, \u017ee sa k n\u00e1m pridal aj Juraja Podrou\u017eek u\u017e v pr\u00edpravnej f\u00e1ze KInITu a dnes u\u017e m\u00e1me na t\u00e9my spojen\u00e9 s etiku a regul\u00e1ciami umelej inteligencie skvel\u00fd t\u00edm, ktor\u00fd ned\u00e1vno z\u00edskal dva eur\u00f3pske projekty so spolo\u010densko-humanitn\u00fdm zameran\u00edm ako hlavn\u00fdm. To je pod\u013ea m\u0148a \u00fa\u017easn\u00e1 vec.<\/p>\n<\/div>\n\n<div id=\"\" class=\"element core-paragraph\">\n<p>To \u010do budujeme sa m\u00f4\u017ee t\u00fdka\u0165 akejko\u013evek oblasti v\u00fdskumu. My sa venujeme t\u00e9mam umelej inteligencie, kde je obrovsk\u00fd potenci\u00e1l, lebo sa do nej dnes ve\u013ea investuje a st\u00e1le viac a viac ovplyv\u0148uje na\u0161e \u017eivoty. A to n\u00e1m v na\u0161ej misii aj ve\u013emi pom\u00e1ha.<\/p>\n<\/div>\n\n<div class=\"wp-block-image\"><div id=\"\" class=\"element core-image\">\n<figure class=\"aligncenter size-large is-resized\"><img decoding=\"async\" width=\"1024\" height=\"683\" data-src=\"https:\/\/kinit.sk\/wp-content\/uploads\/2025\/08\/MNO_BIELIKOVA-MARIA_005-1024x683.jpg\" alt=\"\" class=\"wp-image-37435 lazyload\" style=\"--smush-placeholder-width: 1024px; --smush-placeholder-aspect-ratio: 1024\/683;width:622px;height:auto\" data-srcset=\"https:\/\/kinit.sk\/wp-content\/uploads\/2025\/08\/MNO_BIELIKOVA-MARIA_005-1024x683.jpg 1024w, https:\/\/kinit.sk\/wp-content\/uploads\/2025\/08\/MNO_BIELIKOVA-MARIA_005-300x200.jpg 300w, https:\/\/kinit.sk\/wp-content\/uploads\/2025\/08\/MNO_BIELIKOVA-MARIA_005-768x512.jpg 768w, https:\/\/kinit.sk\/wp-content\/uploads\/2025\/08\/MNO_BIELIKOVA-MARIA_005-1536x1024.jpg 1536w, https:\/\/kinit.sk\/wp-content\/uploads\/2025\/08\/MNO_BIELIKOVA-MARIA_005-2048x1365.jpg 2048w, https:\/\/kinit.sk\/wp-content\/uploads\/2025\/08\/MNO_BIELIKOVA-MARIA_005-600x400.jpg 600w, https:\/\/kinit.sk\/wp-content\/uploads\/2025\/08\/MNO_BIELIKOVA-MARIA_005-900x600.jpg 900w\" data-sizes=\"(max-width: 1024px) 100vw, 1024px\" src=\"data:image\/svg+xml;base64,PHN2ZyB3aWR0aD0iMSIgaGVpZ2h0PSIxIiB4bWxucz0iaHR0cDovL3d3dy53My5vcmcvMjAwMC9zdmciPjwvc3ZnPg==\" \/><\/figure>\n<\/div><\/div>\n\n<div id=\"\" class=\"element core-heading wp-elements-fa3cca61d96f60cb1c769c055b60ce09\">\n<h5 class=\"wp-block-heading has-text-color has-link-color wp-elements-fa3cca61d96f60cb1c769c055b60ce09\" style=\"color:#bc3d50\">Ke\u010f sa teraz obzrie\u0161 sp\u00e4\u0165, mali ste nejak\u00e9 predstavy o tom, ak\u00fd in\u0161tit\u00fat chcete vybudova\u0165?<\/h5>\n<\/div>\n\n<div id=\"\" class=\"element core-paragraph\">\n<p>Ja som nemala konkr\u00e9tne predstavy o tom, ak\u00fd in\u0161tit\u00fat chcem budova\u0165. A vlastne ani nebudujem in\u0161tit\u00fat, ale sk\u00f4r to prostredie a ten ekosyst\u00e9m, v ktorom sa KInIT nach\u00e1dza. Prep\u00e1janie a spolupr\u00e1cu pova\u017eujem za z\u00e1kladn\u00fa hodnotu. Chcela by som tu vidie\u0165 poprep\u00e1jan\u00e9 bubliny a \u013eud\u00ed, ktor\u00ed robia veci s v\u00e1\u0161\u0148ou. A to sa dar\u00ed.<\/p>\n<\/div>\n\n<div id=\"\" class=\"element core-paragraph\">\n<p>Beriem to ako nekone\u010dn\u00fa hru, a preto sa prim\u00e1rne nesna\u017e\u00edm dosahova\u0165 nejak\u00e9 konkr\u00e9tne ukazovatele, hoci d\u00e1ta pova\u017eujem za d\u00f4le\u017eit\u00e9 a vyu\u017e\u00edvam ich v\u0161ade, kde sa d\u00e1. Ide v\u0161ak sk\u00f4r o to, aby sa darilo motivova\u0165 \u013eud\u00ed v KInITe, motivova\u0165 partnerov a spolupracovn\u00edkov z in\u00fdch in\u0161tit\u00faci\u00ed aj zo zahrani\u010dia, aby chceli v z\u00e1ujme na\u0161ej bud\u00facnosti prispieva\u0165 k tejto v\u00edzii.&nbsp;<\/p>\n<\/div>\n\n<div id=\"\" class=\"element core-paragraph\">\n<p>My nepilotujeme veci pre in\u0161tit\u00fat, ale preto, aby sme ich vedeli posun\u00fa\u0165 \u010falej a zlep\u0161i\u0165 cel\u00fd ekosyst\u00e9m. M\u00f4j cie\u013e je zlep\u0161ova\u0165 svet najviac ako sa d\u00e1. Aj sa to asi dar\u00ed, aj ke\u010f to ide pomaly. Tak\u017ee sa u\u010d\u00edm by\u0165 trpezliv\u00e1.<\/p>\n<\/div>\n\n<div id=\"\" class=\"element core-heading wp-elements-e0d0d007ffd9a1800fcf94728c85ec93\">\n<h5 class=\"wp-block-heading has-text-color has-link-color wp-elements-e0d0d007ffd9a1800fcf94728c85ec93\" style=\"color:#bc3d50\">A bolo nie\u010do k\u013e\u00fa\u010dov\u00fdm momentom, kedy si si tak pomyslela, \u017ee sme to dok\u00e1zali?<\/h5>\n<\/div>\n\n<div id=\"\" class=\"element core-paragraph\">\n<p>T\u00fdm, \u017ee hr\u00e1me nekone\u010dn\u00fa hru, tak \u201edok\u00e1zali sme to\u201c pod\u013ea m\u0148a ani neexistuje. Samozrejme, bolo ve\u013ea momentov, ke\u010f sa nie\u010do podarilo.<\/p>\n<\/div>\n\n<div id=\"\" class=\"element core-paragraph\">\n<p>Napr\u00edklad, ke\u010f sme vznikli, potrebovali sme za 3 dni zamestna\u0165 24 \u013eud\u00ed. Nikto ve\u013emi neveril, \u017ee sa za tri dni podar\u00ed n\u00e1js\u0165 firmu, dohodn\u00fa\u0165 sa, ohl\u00e1si\u0165 zamestnancov pois\u0165ovni\u2026 No a nakoniec sa to podarilo. To bolo tak\u00e9 \u201ewow\u201c, lebo v\u0161etci boli pripraven\u00ed na to, \u017ee sa to nepodar\u00ed.&nbsp;<\/p>\n<\/div>\n\n<div id=\"\" class=\"element core-paragraph\">\n<p><\/p>\n<\/div>\n\n<div id=\"\" class=\"element core-paragraph wp-elements-a89897e74cbf28282a64831f5bf91395\">\n<p class=\"has-text-align-center has-text-color has-background has-link-color wp-elements-a89897e74cbf28282a64831f5bf91395\" style=\"color:#466cb2;background-color:#ebf7f9;font-size:22px\"><strong><em>&#8222;Dnes u\u017e viac ako \u0161tyri p\u00e4tiny s\u00fa \u013eudia, ktor\u00ed do KInITu pri\u0161li a \u017eij\u00fa spolu s nami na\u0161u v\u00edziu. A to je pre m\u0148a najv\u00e4\u010d\u0161ie \u201ewow\u201c, lebo to je nie\u010do, \u010do \u010dlovek chce \u017ei\u0165.&#8220;<\/em><\/strong><\/p>\n<\/div>\n\n<div id=\"\" class=\"element core-paragraph\">\n<p><\/p>\n<\/div>\n\n<div id=\"\" class=\"element core-paragraph\">\n<p>Potom sme za\u010dali p\u00edsa\u0165 eur\u00f3pske granty. Prv\u00fd sme podali 5. novembra, mesiac a k\u00fasok po za\u010diatku fungovania. A op\u00e4\u0165 \u201ewow\u201c \u2013 dostali sme ho. Medzit\u00fdm sme za\u010dali p\u00edsa\u0165 \u010fal\u0161ie granty. Treba poveda\u0165, \u017ee bez externej pomoci by sme z\u010faleka neboli tam, kde sme. A to je aj rada pre v\u0161etk\u00fdch, ktor\u00ed sa o to bud\u00fa pok\u00fa\u0161a\u0165. Ve\u013emi n\u00e1m pomohla Civitta, konkr\u00e9tne Peter Koles\u00e1r a Eva \u0160imekov\u00e1 a ich est\u00f3nski kolegovia, ktor\u00ed n\u00e1m jednak pomohli zorientova\u0165 sa, ale z\u00e1rove\u0148 n\u00e1m dodali gur\u00e1\u017e, napr\u00edklad \u00eds\u0165 a pok\u00fasi\u0165 sa vytvori\u0165 konzorcium.&nbsp;<\/p>\n<\/div>\n\n<div id=\"\" class=\"element core-paragraph\">\n<p>Samozrejme, nebolo to \u013eahk\u00e9. Mali sme aj trochu \u0161\u0165astia, lebo tie prv\u00e9 projekty sme v\u0161etky z\u00edskali. Dnes sa dar\u00ed aj nedar\u00ed z\u00edskava\u0165 projekty v takom miernom nad\u0161tandarde s oh\u013eadom na eur\u00f3psku \u00faspe\u0161nos\u0165. Ve\u013ea grantov sme nedostali, aj ke\u010f viac menej v\u0161etky boli vyhodnoten\u00e9 nad hranicou pre financovanie. Bolo a je v tom ve\u013ea pr\u00e1ce a trochu \u0161\u0165astia.&nbsp;<\/p>\n<\/div>\n\n<div id=\"\" class=\"element core-columns\">\n<div class=\"wp-block-columns is-layout-flex wp-container-core-columns-is-layout-9d6595d7 wp-block-columns-is-layout-flex\"><div id=\"\" class=\"element core-column\">\n<div class=\"wp-block-column is-layout-flow wp-block-column-is-layout-flow\" style=\"flex-basis:33.33%\"><div id=\"\" class=\"element core-paragraph\">\n<p>Ve\u013emi siln\u00e9 \u201ewow\u201c pre m\u0148a bolo, ke\u010f sme z\u00edskali grant vo v\u00fdzve Teaming for excellence. Ide o projekt <a href=\"https:\/\/kinit.sk\/project\/lorai-advancing-kinit-into-a-leading-research-and-innovation-hub\/\">lorAI &#8211; Low resource AI<\/a>, ktor\u00fd sa za\u010dal tento rok v marci. Cie\u013eom lorAI je vybudovanie eur\u00f3pskeho centra excelencie v t\u00e9me umelej inteligencie s obmedzen\u00fdmi zdrojmi. Z\u00edskali sme pre\u0148 podporn\u00e9 listy od viac ako 50 in\u0161tit\u00faci\u00ed. Z\u00edskali sme aj podporu kompletne celej akademickej obce na Slovensku aj v \u010cesku, mnoh\u00fdch firiem a priemyseln\u00fdch zdru\u017een\u00ed. Bolo to pre m\u0148a ve\u013emi siln\u00e9, lebo to je sign\u00e1l, \u017ee to, \u010do rob\u00edme, rob\u00edme dobre.&nbsp;<\/p>\n<\/div><\/div>\n<\/div>\n\n<div id=\"\" class=\"element core-column\">\n<div class=\"wp-block-column is-layout-flow wp-block-column-is-layout-flow\" style=\"flex-basis:66.66%\"><div id=\"\" class=\"element core-image\">\n<figure class=\"wp-block-image size-large\"><img decoding=\"async\" width=\"1024\" height=\"683\" data-src=\"https:\/\/kinit.sk\/wp-content\/uploads\/2025\/08\/kinit-3roky-14_53282548839_o-1024x683.jpg\" alt=\"\" class=\"wp-image-37450 lazyload\" data-srcset=\"https:\/\/kinit.sk\/wp-content\/uploads\/2025\/08\/kinit-3roky-14_53282548839_o-1024x683.jpg 1024w, https:\/\/kinit.sk\/wp-content\/uploads\/2025\/08\/kinit-3roky-14_53282548839_o-300x200.jpg 300w, https:\/\/kinit.sk\/wp-content\/uploads\/2025\/08\/kinit-3roky-14_53282548839_o-768x512.jpg 768w, https:\/\/kinit.sk\/wp-content\/uploads\/2025\/08\/kinit-3roky-14_53282548839_o-1536x1024.jpg 1536w, https:\/\/kinit.sk\/wp-content\/uploads\/2025\/08\/kinit-3roky-14_53282548839_o-2048x1366.jpg 2048w, https:\/\/kinit.sk\/wp-content\/uploads\/2025\/08\/kinit-3roky-14_53282548839_o-600x400.jpg 600w, https:\/\/kinit.sk\/wp-content\/uploads\/2025\/08\/kinit-3roky-14_53282548839_o-900x600.jpg 900w\" data-sizes=\"(max-width: 1024px) 100vw, 1024px\" src=\"data:image\/svg+xml;base64,PHN2ZyB3aWR0aD0iMSIgaGVpZ2h0PSIxIiB4bWxucz0iaHR0cDovL3d3dy53My5vcmcvMjAwMC9zdmciPjwvc3ZnPg==\" style=\"--smush-placeholder-width: 1024px; --smush-placeholder-aspect-ratio: 1024\/683;\" \/><\/figure>\n<\/div><\/div>\n<\/div><\/div>\n<\/div>\n\n<div id=\"\" class=\"element core-paragraph\">\n<p>Ale tak\u00e9 mo\u017eno najsilnej\u0161ie uvedomenie je, \u017ee t\u00ed p\u00f4vodn\u00ed KInIT\u00e1ci dnes tvoria asi jednu p\u00e4tinu. \u010ci\u017ee viac ako \u0161tyri p\u00e4tiny s\u00fa \u013eudia, ktor\u00ed do KInITu pri\u0161li a \u017eij\u00fa spolu s nami na\u0161u v\u00edziu. A to je pre m\u0148a najv\u00e4\u010d\u0161ie \u201ewow\u201c, lebo to je nie\u010do, \u010do \u010dlovek chce \u017ei\u0165.<\/p>\n<\/div>\n\n<div id=\"\" class=\"element core-heading wp-elements-30418ed27b4fceb07b3476519e525bf4\">\n<h5 class=\"wp-block-heading has-text-color has-link-color wp-elements-30418ed27b4fceb07b3476519e525bf4\" style=\"color:#bc3d50\">Tak to pekne nadv\u00e4zujeme \u2013 \u010do sa ti bude u\u017e nav\u017edy sp\u00e1ja\u0165 s t\u00edmom KInITu? Mo\u017eno nejak\u00fd z\u00e1\u017eitok z t\u00fdch piatich rokov, ktor\u00fd by si chcela za\u017ei\u0165 e\u0161te raz?<\/h5>\n<\/div>\n\n<div id=\"\" class=\"element core-paragraph\">\n<p>U\u017e som to vlastne povedala. To, \u010do si s KInITom sp\u00e1jam, s\u00fa \u013eudia. A z\u00e1rove\u0148, ke\u010f\u017ee sme v\u00fdskumn\u00fd in\u0161tit\u00fat, tak prirodzene aj zvedavos\u0165 a, viackr\u00e1t som u\u017e spom\u00ednala, excelentnos\u0165.<\/p>\n<\/div>\n\n<div id=\"\" class=\"element core-paragraph\">\n<p>Ale to, \u010do je najsilnej\u0161ie a \u010do sa mi s KInITom najviac sp\u00e1ja s\u00fa spolupr\u00e1ca a zdie\u013eanie. A to nakoniec s\u00favis\u00ed aj s t\u00fdm, pre\u010do to je v KInITe tak trochu in\u00e9.&nbsp;Toto s\u00fa hodnoty, ktor\u00e9 s\u00fa nevyhnutn\u00e9 na to, aby sme mohli hra\u0165 nekone\u010dn\u00fa hru. Na\u0161e nastavenie je, \u017ee nepotrebujeme by\u0165 lep\u0161\u00ed ako in\u00ed, ale chceme robi\u0165 veci \u010do najlep\u0161ie. Najlep\u0161ie ako vieme, aby sme nap\u013a\u0148ali na\u0161u v\u00edziu. To sa bez spolupr\u00e1ce a zdie\u013eania ned\u00e1.<\/p>\n<\/div>\n\n<div id=\"\" class=\"element core-paragraph\">\n<p>A z\u00e1\u017eitkov je ve\u013ea, od tak\u00fdch anekdotick\u00fdch a\u017e po ka\u017edodenn\u00e9 situ\u00e1cie. Niekedy si u\u017e\u00edvam aj r\u00f4zne nedorozumenia, lebo na nich sa \u010dlovek v\u017edy nie\u010do nau\u010d\u00ed. Ke\u010f veci id\u00fa st\u00e1le dobre, za\u010dne to by\u0165 nudn\u00e9.<\/p>\n<\/div>\n\n<div id=\"\" class=\"element core-heading wp-elements-c233a3d7c355ab0742c82ae9bcf184c2\">\n<h5 class=\"wp-block-heading has-text-color has-link-color wp-elements-c233a3d7c355ab0742c82ae9bcf184c2\" style=\"color:#bc3d50\">Posledn\u00e1 ot\u00e1zka. Kam smerujeme? Ako pod\u013ea teba vyzer\u00e1 bud\u00facnos\u0165 KInITu?<\/h5>\n<\/div>\n\n<div id=\"\" class=\"element core-paragraph\">\n<p>Iba dobre. \u0160peci\u00e1lne preto, \u017ee v\u010faka ve\u013ek\u00e9mu eur\u00f3pskemu projektu lorAI sa st\u00e1va smerovanie k uzn\u00e1van\u00e9mu centru excelentnosti konkr\u00e9tnej\u0161ie. Dostali sme invest\u00edciu na to, aby sme pre Slovensko tak\u00e9to nie\u010do mohli urobi\u0165. Tak\u017ee na\u0161a bud\u00facnos\u0165 stavia na tom, \u010do u\u017e m\u00e1me, ako napr\u00edklad excelentn\u00e9 v\u00fdsledky vo vede, skvel\u00fd network, prv\u00e9 kr\u00f4\u010dky v tech transfere&#8230;<\/p>\n<\/div>\n\n<div id=\"\" class=\"element core-paragraph\">\n<p>Ver\u00edm, \u017ee bud\u00facnos\u0165 tkvie v tom, \u017ee budeme siln\u00fdm hr\u00e1\u010dom vo v\u00fdskumno-inova\u010dnom ekosyst\u00e9me.<strong><em> <\/em><\/strong>Jednak ako pr\u00edklad pre in\u00e9 in\u0161tit\u00facie v r\u00f4znych oblastiach, ktor\u00e9 by takto mohli vznika\u0165 a by\u0165 na\u0161imi partnermi pri v\u00fdvoji, vyu\u017e\u00edvan\u00ed a v\u00fdskume AI. A ur\u010dite aj ako miesto, kde sa koncentruje talent a \u013eudia, ktor\u00ed chc\u00fa robi\u0165 nie\u010do zauj\u00edmav\u00e9, \u010do d\u00e1va zmysel.<\/p>\n<\/div>\n\n<div class=\"wp-block-image\"><div id=\"\" class=\"element core-image\">\n<figure class=\"aligncenter size-large is-resized\"><img decoding=\"async\" width=\"1024\" height=\"683\" data-src=\"https:\/\/kinit.sk\/wp-content\/uploads\/2025\/08\/DSC5393-1024x683.jpg\" alt=\"\" class=\"wp-image-37429 lazyload\" style=\"--smush-placeholder-width: 1024px; --smush-placeholder-aspect-ratio: 1024\/683;width:622px\" data-srcset=\"https:\/\/kinit.sk\/wp-content\/uploads\/2025\/08\/DSC5393-1024x683.jpg 1024w, https:\/\/kinit.sk\/wp-content\/uploads\/2025\/08\/DSC5393-300x200.jpg 300w, https:\/\/kinit.sk\/wp-content\/uploads\/2025\/08\/DSC5393-768x512.jpg 768w, https:\/\/kinit.sk\/wp-content\/uploads\/2025\/08\/DSC5393-1536x1024.jpg 1536w, https:\/\/kinit.sk\/wp-content\/uploads\/2025\/08\/DSC5393-2048x1365.jpg 2048w, https:\/\/kinit.sk\/wp-content\/uploads\/2025\/08\/DSC5393-600x400.jpg 600w, https:\/\/kinit.sk\/wp-content\/uploads\/2025\/08\/DSC5393-900x600.jpg 900w\" data-sizes=\"(max-width: 1024px) 100vw, 1024px\" src=\"data:image\/svg+xml;base64,PHN2ZyB3aWR0aD0iMSIgaGVpZ2h0PSIxIiB4bWxucz0iaHR0cDovL3d3dy53My5vcmcvMjAwMC9zdmciPjwvc3ZnPg==\" \/><\/figure>\n<\/div><\/div>","protected":false},"excerpt":{"rendered":"<p>S\u00e9ria Gamechangers predstavuje pr\u00edbehy \u013eud\u00ed, ktor\u00ed st\u00e1li pri zrode Kempelenovho in\u0161tit\u00fatu inteligentn\u00fdch technol\u00f3gi\u00ed. Svojou v\u00edziou a odhodlan\u00edm pretvorili odv\u00e1\u017eny n\u00e1pad na realitu \u2013 vytvorili nov\u00e9 miesto pre excelentn\u00fa vedu prepojen\u00fa&#8230;<\/p>\n","protected":false},"author":34,"featured_media":37380,"comment_status":"closed","ping_status":"closed","sticky":false,"template":"","format":"standard","meta":{"_acf_changed":false,"footnotes":""},"categories":[83,520],"tags":[378,537],"class_list":["post-37407","post","type-post","status-publish","format-standard","has-post-thumbnail","hentry","category-news-sk","category-2025-sk","tag-interview-2","tag-kinit"],"acf":[],"yoast_head":"<!-- This site is optimized with the Yoast SEO plugin v27.4 - https:\/\/yoast.com\/product\/yoast-seo-wordpress\/ -->\n<title>Meet M\u00e1ria Bielikov\u00e1 - KInIT<\/title>\n<meta name=\"description\" content=\"S\u00e9ria Gamechangers predstavuje pr\u00edbehy \u013eud\u00ed, ktor\u00ed st\u00e1li pri zrode Kempelenovho in\u0161tit\u00fatu inteligentn\u00fdch technol\u00f3gi\u00ed. Svojou v\u00edziou a...\" \/>\n<meta name=\"robots\" content=\"index, follow, max-snippet:-1, max-image-preview:large, max-video-preview:-1\" \/>\n<link rel=\"canonical\" href=\"https:\/\/kinit.sk\/sk\/gamechangers-meet-maria-bielikova\/\" \/>\n<meta property=\"og:locale\" content=\"sk_SK\" \/>\n<meta property=\"og:type\" content=\"article\" \/>\n<meta property=\"og:title\" content=\"Meet M\u00e1ria Bielikov\u00e1 - KInIT\" \/>\n<meta property=\"og:description\" content=\"S\u00e9ria Gamechangers predstavuje pr\u00edbehy \u013eud\u00ed, ktor\u00ed st\u00e1li pri zrode Kempelenovho in\u0161tit\u00fatu inteligentn\u00fdch technol\u00f3gi\u00ed. Svojou v\u00edziou a...\" \/>\n<meta property=\"og:url\" content=\"https:\/\/kinit.sk\/sk\/gamechangers-meet-maria-bielikova\/\" \/>\n<meta property=\"og:site_name\" content=\"KInIT\" \/>\n<meta property=\"article:published_time\" content=\"2025-08-19T09:38:24+00:00\" \/>\n<meta property=\"article:modified_time\" content=\"2025-08-19T13:46:58+00:00\" \/>\n<meta property=\"og:image\" content=\"https:\/\/kinit.sk\/wp-content\/uploads\/2025\/08\/GAME-CHANGERS_Majka-scaled.png\" \/>\n\t<meta property=\"og:image:width\" content=\"2560\" \/>\n\t<meta property=\"og:image:height\" content=\"1340\" \/>\n\t<meta property=\"og:image:type\" content=\"image\/png\" \/>\n<meta name=\"author\" content=\"Wanda Pribylincova\" \/>\n<meta name=\"twitter:card\" content=\"summary_large_image\" \/>\n<meta name=\"twitter:creator\" content=\"@kinit\" \/>\n<meta name=\"twitter:site\" content=\"@kinit\" \/>\n<meta name=\"twitter:label1\" content=\"Autor\" \/>\n\t<meta name=\"twitter:data1\" content=\"Wanda Pribylincova\" \/>\n<script type=\"application\/ld+json\" class=\"yoast-schema-graph\">{\"@context\":\"https:\\\/\\\/schema.org\",\"@graph\":[{\"@type\":\"Article\",\"@id\":\"https:\\\/\\\/kinit.sk\\\/sk\\\/gamechangers-meet-maria-bielikova\\\/#article\",\"isPartOf\":{\"@id\":\"https:\\\/\\\/kinit.sk\\\/sk\\\/gamechangers-meet-maria-bielikova\\\/\"},\"author\":{\"name\":\"Wanda Pribylincova\",\"@id\":\"https:\\\/\\\/kinit.sk\\\/#\\\/schema\\\/person\\\/64db52a830dcb6d4df386e78e7eb748b\"},\"headline\":\"Meet M\u00e1ria Bielikov\u00e1\",\"datePublished\":\"2025-08-19T09:38:24+00:00\",\"dateModified\":\"2025-08-19T13:46:58+00:00\",\"mainEntityOfPage\":{\"@id\":\"https:\\\/\\\/kinit.sk\\\/sk\\\/gamechangers-meet-maria-bielikova\\\/\"},\"wordCount\":3743,\"image\":{\"@id\":\"https:\\\/\\\/kinit.sk\\\/sk\\\/gamechangers-meet-maria-bielikova\\\/#primaryimage\"},\"thumbnailUrl\":\"https:\\\/\\\/kinit.sk\\\/wp-content\\\/uploads\\\/2025\\\/08\\\/GAME-CHANGERS_Majka-scaled.png\",\"keywords\":[\"interview\",\"kinit\"],\"articleSection\":[\"News\",\"2025\"],\"inLanguage\":\"sk-SK\"},{\"@type\":\"WebPage\",\"@id\":\"https:\\\/\\\/kinit.sk\\\/sk\\\/gamechangers-meet-maria-bielikova\\\/\",\"url\":\"https:\\\/\\\/kinit.sk\\\/sk\\\/gamechangers-meet-maria-bielikova\\\/\",\"name\":\"Meet M\u00e1ria Bielikov\u00e1 - KInIT\",\"isPartOf\":{\"@id\":\"https:\\\/\\\/kinit.sk\\\/#website\"},\"primaryImageOfPage\":{\"@id\":\"https:\\\/\\\/kinit.sk\\\/sk\\\/gamechangers-meet-maria-bielikova\\\/#primaryimage\"},\"image\":{\"@id\":\"https:\\\/\\\/kinit.sk\\\/sk\\\/gamechangers-meet-maria-bielikova\\\/#primaryimage\"},\"thumbnailUrl\":\"https:\\\/\\\/kinit.sk\\\/wp-content\\\/uploads\\\/2025\\\/08\\\/GAME-CHANGERS_Majka-scaled.png\",\"datePublished\":\"2025-08-19T09:38:24+00:00\",\"dateModified\":\"2025-08-19T13:46:58+00:00\",\"author\":{\"@id\":\"https:\\\/\\\/kinit.sk\\\/#\\\/schema\\\/person\\\/64db52a830dcb6d4df386e78e7eb748b\"},\"description\":\"S\u00e9ria Gamechangers predstavuje pr\u00edbehy \u013eud\u00ed, ktor\u00ed st\u00e1li pri zrode Kempelenovho in\u0161tit\u00fatu inteligentn\u00fdch technol\u00f3gi\u00ed. Svojou v\u00edziou a...\",\"breadcrumb\":{\"@id\":\"https:\\\/\\\/kinit.sk\\\/sk\\\/gamechangers-meet-maria-bielikova\\\/#breadcrumb\"},\"inLanguage\":\"sk-SK\",\"potentialAction\":[{\"@type\":\"ReadAction\",\"target\":[\"https:\\\/\\\/kinit.sk\\\/sk\\\/gamechangers-meet-maria-bielikova\\\/\"]}]},{\"@type\":\"ImageObject\",\"inLanguage\":\"sk-SK\",\"@id\":\"https:\\\/\\\/kinit.sk\\\/sk\\\/gamechangers-meet-maria-bielikova\\\/#primaryimage\",\"url\":\"https:\\\/\\\/kinit.sk\\\/wp-content\\\/uploads\\\/2025\\\/08\\\/GAME-CHANGERS_Majka-scaled.png\",\"contentUrl\":\"https:\\\/\\\/kinit.sk\\\/wp-content\\\/uploads\\\/2025\\\/08\\\/GAME-CHANGERS_Majka-scaled.png\",\"width\":2560,\"height\":1340},{\"@type\":\"BreadcrumbList\",\"@id\":\"https:\\\/\\\/kinit.sk\\\/sk\\\/gamechangers-meet-maria-bielikova\\\/#breadcrumb\",\"itemListElement\":[{\"@type\":\"ListItem\",\"position\":1,\"name\":\"Home\",\"item\":\"https:\\\/\\\/kinit.sk\\\/sk\\\/\"},{\"@type\":\"ListItem\",\"position\":2,\"name\":\"News\",\"item\":\"https:\\\/\\\/kinit.sk\\\/sk\\\/category\\\/news-sk\\\/\"},{\"@type\":\"ListItem\",\"position\":3,\"name\":\"Meet M\u00e1ria Bielikov\u00e1\"}]},{\"@type\":\"WebSite\",\"@id\":\"https:\\\/\\\/kinit.sk\\\/#website\",\"url\":\"https:\\\/\\\/kinit.sk\\\/\",\"name\":\"KInIT\",\"description\":\"Vyu\u017e\u00edvame v\u00fdskum pre \u013eud\u00ed a priemysel\",\"potentialAction\":[{\"@type\":\"SearchAction\",\"target\":{\"@type\":\"EntryPoint\",\"urlTemplate\":\"https:\\\/\\\/kinit.sk\\\/?s={search_term_string}\"},\"query-input\":{\"@type\":\"PropertyValueSpecification\",\"valueRequired\":true,\"valueName\":\"search_term_string\"}}],\"inLanguage\":\"sk-SK\"},{\"@type\":\"Person\",\"@id\":\"https:\\\/\\\/kinit.sk\\\/#\\\/schema\\\/person\\\/64db52a830dcb6d4df386e78e7eb748b\",\"name\":\"Wanda Pribylincova\"}]}<\/script>\n<!-- \/ Yoast SEO plugin. -->","yoast_head_json":{"title":"Meet M\u00e1ria Bielikov\u00e1 - KInIT","description":"S\u00e9ria Gamechangers predstavuje pr\u00edbehy \u013eud\u00ed, ktor\u00ed st\u00e1li pri zrode Kempelenovho in\u0161tit\u00fatu inteligentn\u00fdch technol\u00f3gi\u00ed. Svojou v\u00edziou a...","robots":{"index":"index","follow":"follow","max-snippet":"max-snippet:-1","max-image-preview":"max-image-preview:large","max-video-preview":"max-video-preview:-1"},"canonical":"https:\/\/kinit.sk\/sk\/gamechangers-meet-maria-bielikova\/","og_locale":"sk_SK","og_type":"article","og_title":"Meet M\u00e1ria Bielikov\u00e1 - KInIT","og_description":"S\u00e9ria Gamechangers predstavuje pr\u00edbehy \u013eud\u00ed, ktor\u00ed st\u00e1li pri zrode Kempelenovho in\u0161tit\u00fatu inteligentn\u00fdch technol\u00f3gi\u00ed. Svojou v\u00edziou a...","og_url":"https:\/\/kinit.sk\/sk\/gamechangers-meet-maria-bielikova\/","og_site_name":"KInIT","article_published_time":"2025-08-19T09:38:24+00:00","article_modified_time":"2025-08-19T13:46:58+00:00","og_image":[{"width":2560,"height":1340,"url":"https:\/\/kinit.sk\/wp-content\/uploads\/2025\/08\/GAME-CHANGERS_Majka-scaled.png","type":"image\/png"}],"author":"Wanda Pribylincova","twitter_card":"summary_large_image","twitter_creator":"@kinit","twitter_site":"@kinit","twitter_misc":{"Autor":"Wanda Pribylincova"},"schema":{"@context":"https:\/\/schema.org","@graph":[{"@type":"Article","@id":"https:\/\/kinit.sk\/sk\/gamechangers-meet-maria-bielikova\/#article","isPartOf":{"@id":"https:\/\/kinit.sk\/sk\/gamechangers-meet-maria-bielikova\/"},"author":{"name":"Wanda Pribylincova","@id":"https:\/\/kinit.sk\/#\/schema\/person\/64db52a830dcb6d4df386e78e7eb748b"},"headline":"Meet M\u00e1ria Bielikov\u00e1","datePublished":"2025-08-19T09:38:24+00:00","dateModified":"2025-08-19T13:46:58+00:00","mainEntityOfPage":{"@id":"https:\/\/kinit.sk\/sk\/gamechangers-meet-maria-bielikova\/"},"wordCount":3743,"image":{"@id":"https:\/\/kinit.sk\/sk\/gamechangers-meet-maria-bielikova\/#primaryimage"},"thumbnailUrl":"https:\/\/kinit.sk\/wp-content\/uploads\/2025\/08\/GAME-CHANGERS_Majka-scaled.png","keywords":["interview","kinit"],"articleSection":["News","2025"],"inLanguage":"sk-SK"},{"@type":"WebPage","@id":"https:\/\/kinit.sk\/sk\/gamechangers-meet-maria-bielikova\/","url":"https:\/\/kinit.sk\/sk\/gamechangers-meet-maria-bielikova\/","name":"Meet M\u00e1ria Bielikov\u00e1 - KInIT","isPartOf":{"@id":"https:\/\/kinit.sk\/#website"},"primaryImageOfPage":{"@id":"https:\/\/kinit.sk\/sk\/gamechangers-meet-maria-bielikova\/#primaryimage"},"image":{"@id":"https:\/\/kinit.sk\/sk\/gamechangers-meet-maria-bielikova\/#primaryimage"},"thumbnailUrl":"https:\/\/kinit.sk\/wp-content\/uploads\/2025\/08\/GAME-CHANGERS_Majka-scaled.png","datePublished":"2025-08-19T09:38:24+00:00","dateModified":"2025-08-19T13:46:58+00:00","author":{"@id":"https:\/\/kinit.sk\/#\/schema\/person\/64db52a830dcb6d4df386e78e7eb748b"},"description":"S\u00e9ria Gamechangers predstavuje pr\u00edbehy \u013eud\u00ed, ktor\u00ed st\u00e1li pri zrode Kempelenovho in\u0161tit\u00fatu inteligentn\u00fdch technol\u00f3gi\u00ed. Svojou v\u00edziou a...","breadcrumb":{"@id":"https:\/\/kinit.sk\/sk\/gamechangers-meet-maria-bielikova\/#breadcrumb"},"inLanguage":"sk-SK","potentialAction":[{"@type":"ReadAction","target":["https:\/\/kinit.sk\/sk\/gamechangers-meet-maria-bielikova\/"]}]},{"@type":"ImageObject","inLanguage":"sk-SK","@id":"https:\/\/kinit.sk\/sk\/gamechangers-meet-maria-bielikova\/#primaryimage","url":"https:\/\/kinit.sk\/wp-content\/uploads\/2025\/08\/GAME-CHANGERS_Majka-scaled.png","contentUrl":"https:\/\/kinit.sk\/wp-content\/uploads\/2025\/08\/GAME-CHANGERS_Majka-scaled.png","width":2560,"height":1340},{"@type":"BreadcrumbList","@id":"https:\/\/kinit.sk\/sk\/gamechangers-meet-maria-bielikova\/#breadcrumb","itemListElement":[{"@type":"ListItem","position":1,"name":"Home","item":"https:\/\/kinit.sk\/sk\/"},{"@type":"ListItem","position":2,"name":"News","item":"https:\/\/kinit.sk\/sk\/category\/news-sk\/"},{"@type":"ListItem","position":3,"name":"Meet M\u00e1ria Bielikov\u00e1"}]},{"@type":"WebSite","@id":"https:\/\/kinit.sk\/#website","url":"https:\/\/kinit.sk\/","name":"KInIT","description":"Vyu\u017e\u00edvame v\u00fdskum pre \u013eud\u00ed a priemysel","potentialAction":[{"@type":"SearchAction","target":{"@type":"EntryPoint","urlTemplate":"https:\/\/kinit.sk\/?s={search_term_string}"},"query-input":{"@type":"PropertyValueSpecification","valueRequired":true,"valueName":"search_term_string"}}],"inLanguage":"sk-SK"},{"@type":"Person","@id":"https:\/\/kinit.sk\/#\/schema\/person\/64db52a830dcb6d4df386e78e7eb748b","name":"Wanda Pribylincova"}]}},"_links":{"self":[{"href":"https:\/\/kinit.sk\/sk\/wp-json\/wp\/v2\/posts\/37407","targetHints":{"allow":["GET"]}}],"collection":[{"href":"https:\/\/kinit.sk\/sk\/wp-json\/wp\/v2\/posts"}],"about":[{"href":"https:\/\/kinit.sk\/sk\/wp-json\/wp\/v2\/types\/post"}],"author":[{"embeddable":true,"href":"https:\/\/kinit.sk\/sk\/wp-json\/wp\/v2\/users\/34"}],"replies":[{"embeddable":true,"href":"https:\/\/kinit.sk\/sk\/wp-json\/wp\/v2\/comments?post=37407"}],"version-history":[{"count":56,"href":"https:\/\/kinit.sk\/sk\/wp-json\/wp\/v2\/posts\/37407\/revisions"}],"predecessor-version":[{"id":37485,"href":"https:\/\/kinit.sk\/sk\/wp-json\/wp\/v2\/posts\/37407\/revisions\/37485"}],"wp:featuredmedia":[{"embeddable":true,"href":"https:\/\/kinit.sk\/sk\/wp-json\/wp\/v2\/media\/37380"}],"wp:attachment":[{"href":"https:\/\/kinit.sk\/sk\/wp-json\/wp\/v2\/media?parent=37407"}],"wp:term":[{"taxonomy":"category","embeddable":true,"href":"https:\/\/kinit.sk\/sk\/wp-json\/wp\/v2\/categories?post=37407"},{"taxonomy":"post_tag","embeddable":true,"href":"https:\/\/kinit.sk\/sk\/wp-json\/wp\/v2\/tags?post=37407"}],"curies":[{"name":"wp","href":"https:\/\/api.w.org\/{rel}","templated":true}]}}