{"id":36638,"date":"2025-06-20T11:31:05","date_gmt":"2025-06-20T09:31:05","guid":{"rendered":"https:\/\/kinit.sk\/slovaks-ai-forum-2025-connecting-global-slovak-expertise-in-artificial-intelligence\/"},"modified":"2025-06-24T09:06:17","modified_gmt":"2025-06-24T07:06:17","slug":"slovaks-ai-forum-2025-connecting-global-slovak-expertise-in-artificial-intelligence","status":"publish","type":"post","link":"https:\/\/kinit.sk\/sk\/slovaks-ai-forum-2025-connecting-global-slovak-expertise-in-artificial-intelligence\/","title":{"rendered":"Slovaks AI Forum 2025: Connecting Global Slovak Expertise in Artificial Intelligence"},"content":{"rendered":"<div id=\"\" class=\"element core-paragraph\">\n<p><strong>Bratislava, 19 June 2025<\/strong> \u2013 This week\u2019s <em>Slovaks AI Forum 2025<\/em> marked a significant milestone in strengthening connections among Slovak professionals in the field of AI, both at home and abroad. Organized by KInIT as part of the <a href=\"https:\/\/kinit.sk\/project\/slovaksai\/\">Slovak Diaspora Project<\/a>, the event aimed to foster international collaboration, share knowledge, and strengthen connections between experts abroad.<\/p>\n<\/div>\n\n<div id=\"\" class=\"element core-paragraph\">\n<p>Supported by the Recovery and Resilience Plan, the forum brought together more than <strong>80 Slovak AI experts from 20 countries<\/strong>, spanning academia, industry, and the public and non-profit sectors.<\/p>\n<\/div>\n\n<div id=\"\" class=\"element core-paragraph\">\n<p>The forum was honored by the participation of <strong>President Zuzana \u010caputov\u00e1<\/strong>, whose commitment to inclusion and support for the Slovak diaspora continues to inspire Slovaks around the world. In her opening remarks, President \u010caputov\u00e1 emphasized the strategic value of global collaboration, highlighting the potential of Slovak diaspora expertise to contribute meaningfully to Slovakia&#8217;s development.<\/p>\n<\/div>\n\n<div id=\"\" class=\"element core-columns\">\n<div class=\"wp-block-columns is-layout-flex wp-container-core-columns-is-layout-9d6595d7 wp-block-columns-is-layout-flex\"><div id=\"\" class=\"element core-column\">\n<div class=\"wp-block-column is-layout-flow wp-block-column-is-layout-flow\"><div id=\"\" class=\"element core-image\">\n<figure class=\"wp-block-image size-large\"><img decoding=\"async\" width=\"1024\" height=\"683\" data-src=\"https:\/\/kinit.sk\/wp-content\/uploads\/2025\/06\/Image_20250620_110055_799-1024x683.jpeg\" alt=\"\" class=\"wp-image-36621 lazyload\" data-srcset=\"https:\/\/kinit.sk\/wp-content\/uploads\/2025\/06\/Image_20250620_110055_799-1024x683.jpeg 1024w, https:\/\/kinit.sk\/wp-content\/uploads\/2025\/06\/Image_20250620_110055_799-300x200.jpeg 300w, https:\/\/kinit.sk\/wp-content\/uploads\/2025\/06\/Image_20250620_110055_799-768x512.jpeg 768w, https:\/\/kinit.sk\/wp-content\/uploads\/2025\/06\/Image_20250620_110055_799-1536x1024.jpeg 1536w, https:\/\/kinit.sk\/wp-content\/uploads\/2025\/06\/Image_20250620_110055_799-2048x1365.jpeg 2048w, https:\/\/kinit.sk\/wp-content\/uploads\/2025\/06\/Image_20250620_110055_799-600x400.jpeg 600w, https:\/\/kinit.sk\/wp-content\/uploads\/2025\/06\/Image_20250620_110055_799-900x600.jpeg 900w\" data-sizes=\"(max-width: 1024px) 100vw, 1024px\" src=\"data:image\/svg+xml;base64,PHN2ZyB3aWR0aD0iMSIgaGVpZ2h0PSIxIiB4bWxucz0iaHR0cDovL3d3dy53My5vcmcvMjAwMC9zdmciPjwvc3ZnPg==\" style=\"--smush-placeholder-width: 1024px; --smush-placeholder-aspect-ratio: 1024\/683;\" \/><\/figure>\n<\/div><\/div>\n<\/div>\n\n<div id=\"\" class=\"element core-column\">\n<div class=\"wp-block-column is-layout-flow wp-block-column-is-layout-flow\"><div id=\"\" class=\"element core-image\">\n<figure class=\"wp-block-image size-large\"><img decoding=\"async\" width=\"1024\" height=\"683\" data-src=\"https:\/\/kinit.sk\/wp-content\/uploads\/2025\/06\/Image_20250620_110531_543-1024x683.jpeg\" alt=\"\" class=\"wp-image-36624 lazyload\" data-srcset=\"https:\/\/kinit.sk\/wp-content\/uploads\/2025\/06\/Image_20250620_110531_543-1024x683.jpeg 1024w, https:\/\/kinit.sk\/wp-content\/uploads\/2025\/06\/Image_20250620_110531_543-300x200.jpeg 300w, https:\/\/kinit.sk\/wp-content\/uploads\/2025\/06\/Image_20250620_110531_543-768x512.jpeg 768w, https:\/\/kinit.sk\/wp-content\/uploads\/2025\/06\/Image_20250620_110531_543-1536x1024.jpeg 1536w, https:\/\/kinit.sk\/wp-content\/uploads\/2025\/06\/Image_20250620_110531_543-2048x1366.jpeg 2048w, https:\/\/kinit.sk\/wp-content\/uploads\/2025\/06\/Image_20250620_110531_543-600x400.jpeg 600w, https:\/\/kinit.sk\/wp-content\/uploads\/2025\/06\/Image_20250620_110531_543-900x600.jpeg 900w\" data-sizes=\"(max-width: 1024px) 100vw, 1024px\" src=\"data:image\/svg+xml;base64,PHN2ZyB3aWR0aD0iMSIgaGVpZ2h0PSIxIiB4bWxucz0iaHR0cDovL3d3dy53My5vcmcvMjAwMC9zdmciPjwvc3ZnPg==\" style=\"--smush-placeholder-width: 1024px; --smush-placeholder-aspect-ratio: 1024\/683;\" \/><\/figure>\n<\/div><\/div>\n<\/div><\/div>\n<\/div>\n\n<div id=\"\" class=\"element core-paragraph\">\n<p>She addressed the broader context of today\u2019s global challenges, including the ongoing crisis of democracy, which is evident even in countries with longstanding democratic traditions. According to the President, this is not a recent phenomenon but a gradual process, to which the rise of new technologies has significantly contributed.&nbsp;<\/p>\n<\/div>\n\n<div id=\"\" class=\"element core-paragraph\">\n<p>President \u010caputov\u00e1 also pointed out that humanity often invents and adopts innovations before fully understanding their long-term social and ethical impacts, technology including artificial intelligence being no exception. For this reason, she considers the topic of regulation and ethics in AI highly relevant, and welcomed the idea that Slovak experts abroad might contribute to this agenda by sharing experience and know-how from various parts of the world towards trustworthy AI that is balanced with innovations. Such collaboration, she believes, could benefit Slovakia significantly.<\/p>\n<\/div>\n\n<div id=\"\" class=\"element core-paragraph\">\n<p><strong>A Platform for Dialogue and Collaboration<\/strong><\/p>\n<\/div>\n\n<div id=\"\" class=\"element core-paragraph\">\n<p>At the heart of the Slovak AI Forum 2025 were <strong>structured breakout room discussions<\/strong>, designed to promote meaningful engagement among participants. Across <strong>13 moderated groups, participants<\/strong> collaborated to explore concrete actions to strengthen the Slovaks AI community.<\/p>\n<\/div>\n\n<div id=\"\" class=\"element core-columns\">\n<div class=\"wp-block-columns is-layout-flex wp-container-core-columns-is-layout-9d6595d7 wp-block-columns-is-layout-flex\"><div id=\"\" class=\"element core-column\">\n<div class=\"wp-block-column is-layout-flow wp-block-column-is-layout-flow\"><div id=\"\" class=\"element core-image\">\n<figure class=\"wp-block-image size-large\"><img decoding=\"async\" width=\"1024\" height=\"559\" data-src=\"https:\/\/kinit.sk\/wp-content\/uploads\/2025\/06\/ALL1-1024x559.png\" alt=\"\" class=\"wp-image-36633 lazyload\" data-srcset=\"https:\/\/kinit.sk\/wp-content\/uploads\/2025\/06\/ALL1-1024x559.png 1024w, https:\/\/kinit.sk\/wp-content\/uploads\/2025\/06\/ALL1-300x164.png 300w, https:\/\/kinit.sk\/wp-content\/uploads\/2025\/06\/ALL1-768x419.png 768w, https:\/\/kinit.sk\/wp-content\/uploads\/2025\/06\/ALL1-1536x839.png 1536w, https:\/\/kinit.sk\/wp-content\/uploads\/2025\/06\/ALL1-2048x1118.png 2048w\" data-sizes=\"(max-width: 1024px) 100vw, 1024px\" src=\"data:image\/svg+xml;base64,PHN2ZyB3aWR0aD0iMSIgaGVpZ2h0PSIxIiB4bWxucz0iaHR0cDovL3d3dy53My5vcmcvMjAwMC9zdmciPjwvc3ZnPg==\" style=\"--smush-placeholder-width: 1024px; --smush-placeholder-aspect-ratio: 1024\/559;\" \/><\/figure>\n<\/div><\/div>\n<\/div>\n\n<div id=\"\" class=\"element core-column\">\n<div class=\"wp-block-column is-layout-flow wp-block-column-is-layout-flow\"><div id=\"\" class=\"element core-image\">\n<figure class=\"wp-block-image size-large\"><img decoding=\"async\" width=\"1024\" height=\"557\" data-src=\"https:\/\/kinit.sk\/wp-content\/uploads\/2025\/06\/ALL2-1024x557.png\" alt=\"\" class=\"wp-image-36635 lazyload\" data-srcset=\"https:\/\/kinit.sk\/wp-content\/uploads\/2025\/06\/ALL2-1024x557.png 1024w, https:\/\/kinit.sk\/wp-content\/uploads\/2025\/06\/ALL2-300x163.png 300w, https:\/\/kinit.sk\/wp-content\/uploads\/2025\/06\/ALL2-768x418.png 768w, https:\/\/kinit.sk\/wp-content\/uploads\/2025\/06\/ALL2-1536x835.png 1536w, https:\/\/kinit.sk\/wp-content\/uploads\/2025\/06\/ALL2-2048x1114.png 2048w\" data-sizes=\"(max-width: 1024px) 100vw, 1024px\" src=\"data:image\/svg+xml;base64,PHN2ZyB3aWR0aD0iMSIgaGVpZ2h0PSIxIiB4bWxucz0iaHR0cDovL3d3dy53My5vcmcvMjAwMC9zdmciPjwvc3ZnPg==\" style=\"--smush-placeholder-width: 1024px; --smush-placeholder-aspect-ratio: 1024\/557;\" \/><\/figure>\n<\/div><\/div>\n<\/div><\/div>\n<\/div>\n\n<div id=\"\" class=\"element core-paragraph\">\n<p>The discussions produced a set of<strong> ideas<\/strong> aimed at catalyzing community growth and sustained engagement. The ideas and insights generated during these sessions will be used to shape the next phase of community-building efforts under the Slovak Diaspora Project.<\/p>\n<\/div>\n\n<div id=\"\" class=\"element core-paragraph\">\n<p><strong>Next steps for the <\/strong><a href=\"https:\/\/slovaks.ai\/\" target=\"_blank\" rel=\"noreferrer noopener\"><strong>slovaks.ai<\/strong><\/a><strong> map<\/strong><\/p>\n<\/div>\n\n<div id=\"\" class=\"element core-paragraph\">\n<p>As part of the forum, participants were also presented with an overview of the <strong>planned update of the slovaks.ai map<\/strong>, which currently includes more than 90 Slovak professionals working in or adjacent to artificial intelligence abroad.<\/p>\n<\/div>\n\n<div id=\"\" class=\"element core-paragraph\">\n<p>The update is already in progress and will focus on:<\/p>\n<\/div>\n\n<div id=\"\" class=\"element core-list\">\n<ul class=\"wp-block-list\"><div id=\"\" class=\"element core-list-item\">\n<li>Updating existing entries,<\/li>\n<\/div>\n\n<div id=\"\" class=\"element core-list-item\">\n<li>Adding newly identified experts,<\/li>\n<\/div>\n\n<div id=\"\" class=\"element core-list-item\">\n<li>Improving the structure and usability of the map<\/li>\n<\/div><\/ul>\n<\/div>\n\n<div id=\"\" class=\"element core-paragraph\">\n<p><strong>Leadership Perspective<\/strong><\/p>\n<\/div>\n\n<div id=\"\" class=\"element core-paragraph\">\n<p>Reflecting on the event\u2019s impact, our CEO <strong>M\u00e1ria Bielikov\u00e1<\/strong> highlighted the significance of building long-term connections within the Slovak AI ecosystem.<\/p>\n<\/div>\n\n<div id=\"\" class=\"element acf-memberquote\"><section class=\"memberquote \" style=\"background-color: #ebf7f9;\">\n\t<div class=\"wrapper-out\">\n\t\t<div class=\"in cf\">\n\t\t\t<div class=\"inner cf\">\n                                                                    <div class=\"photo Small\">\n                            <img decoding=\"async\" data-src=\"https:\/\/kinit.sk\/wp-content\/uploads\/2021\/02\/Maria_Bielikova-2.png\" alt=\"Maria_Bielikova\" src=\"data:image\/svg+xml;base64,PHN2ZyB3aWR0aD0iMSIgaGVpZ2h0PSIxIiB4bWxucz0iaHR0cDovL3d3dy53My5vcmcvMjAwMC9zdmciPjwvc3ZnPg==\" class=\"lazyload\" style=\"--smush-placeholder-width: 569px; --smush-placeholder-aspect-ratio: 569\/853;\">\n                        <\/div>\n                                <div class=\"text\">\n                    <h4>\u201cWhat we witnessed today was not just networking, it was a community in the making. These discussions have revealed a shared will to contribute back to Slovakia in meaningful ways. We are committed to supporting this momentum and ensuring that Slovak AI talent, wherever it is in the world, has opportunities to collaborate and lead.\u201d<\/h4>                    <p class=\"name\">M\u00e1ria Bielikov\u00e1, CEO<\/p>                    <p class=\"position\">CEO at Kempelen Institute of Intelligent Technologies<\/p>                <\/div>\n                        \t\t\t<\/div>\n\t\t<\/div>\n\t<\/div>\n<\/section>\n<\/div>\n\n<div id=\"\" class=\"element core-paragraph\">\n<p>In closing, the President Zuzana \u010caputov\u00e1 thanked the participants for their engagement, openness, and willingness to collaborate in ways that support Slovakia\u2019s development. She also appreciated the diversity of perspectives and the originality of ideas presented during the forum.<\/p>\n<\/div>\n\n<div id=\"\" class=\"element core-image\">\n<figure class=\"wp-block-image size-large\"><img decoding=\"async\" width=\"1024\" height=\"513\" data-src=\"https:\/\/kinit.sk\/wp-content\/uploads\/2025\/06\/Image_20250620_105544_412-1024x513.jpeg\" alt=\"\" class=\"wp-image-36618 lazyload\" data-srcset=\"https:\/\/kinit.sk\/wp-content\/uploads\/2025\/06\/Image_20250620_105544_412-1024x513.jpeg 1024w, https:\/\/kinit.sk\/wp-content\/uploads\/2025\/06\/Image_20250620_105544_412-300x150.jpeg 300w, https:\/\/kinit.sk\/wp-content\/uploads\/2025\/06\/Image_20250620_105544_412-768x385.jpeg 768w, https:\/\/kinit.sk\/wp-content\/uploads\/2025\/06\/Image_20250620_105544_412-1536x770.jpeg 1536w, https:\/\/kinit.sk\/wp-content\/uploads\/2025\/06\/Image_20250620_105544_412-2048x1027.jpeg 2048w\" data-sizes=\"(max-width: 1024px) 100vw, 1024px\" src=\"data:image\/svg+xml;base64,PHN2ZyB3aWR0aD0iMSIgaGVpZ2h0PSIxIiB4bWxucz0iaHR0cDovL3d3dy53My5vcmcvMjAwMC9zdmciPjwvc3ZnPg==\" style=\"--smush-placeholder-width: 1024px; --smush-placeholder-aspect-ratio: 1024\/513;\" \/><\/figure>\n<\/div>\n\n<div id=\"\" class=\"element core-columns\">\n<div class=\"wp-block-columns is-layout-flex wp-container-core-columns-is-layout-9d6595d7 wp-block-columns-is-layout-flex\"><div id=\"\" class=\"element core-column\">\n<div class=\"wp-block-column is-layout-flow wp-block-column-is-layout-flow\"><div id=\"\" class=\"element core-image\">\n<figure class=\"wp-block-image size-medium\"><img decoding=\"async\" width=\"300\" height=\"75\" data-src=\"https:\/\/kinit.sk\/wp-content\/uploads\/2025\/02\/SK-Financovan\u201a-Eur\u00a2pskou-niou_POS-300x75.png\" alt=\"\" class=\"wp-image-35236 lazyload\" data-srcset=\"https:\/\/kinit.sk\/wp-content\/uploads\/2025\/02\/SK-Financovan\u201a-Eur\u00a2pskou-niou_POS-300x75.png 300w, https:\/\/kinit.sk\/wp-content\/uploads\/2025\/02\/SK-Financovan\u201a-Eur\u00a2pskou-niou_POS-1024x257.png 1024w, https:\/\/kinit.sk\/wp-content\/uploads\/2025\/02\/SK-Financovan\u201a-Eur\u00a2pskou-niou_POS-768x193.png 768w, https:\/\/kinit.sk\/wp-content\/uploads\/2025\/02\/SK-Financovan\u201a-Eur\u00a2pskou-niou_POS-1536x386.png 1536w, https:\/\/kinit.sk\/wp-content\/uploads\/2025\/02\/SK-Financovan\u201a-Eur\u00a2pskou-niou_POS-2048x515.png 2048w\" data-sizes=\"(max-width: 300px) 100vw, 300px\" src=\"data:image\/svg+xml;base64,PHN2ZyB3aWR0aD0iMSIgaGVpZ2h0PSIxIiB4bWxucz0iaHR0cDovL3d3dy53My5vcmcvMjAwMC9zdmciPjwvc3ZnPg==\" style=\"--smush-placeholder-width: 300px; --smush-placeholder-aspect-ratio: 300\/75;\" \/><\/figure>\n<\/div><\/div>\n<\/div>\n\n<div id=\"\" class=\"element core-column\">\n<div class=\"wp-block-column is-layout-flow wp-block-column-is-layout-flow\"><div id=\"\" class=\"element core-image\">\n<figure class=\"wp-block-image size-medium\"><img decoding=\"async\" width=\"300\" height=\"102\" data-src=\"https:\/\/kinit.sk\/wp-content\/uploads\/2022\/09\/POO_logo_modre-1024x500-edited-2-300x102.png\" alt=\"\" class=\"wp-image-34735 lazyload\" data-srcset=\"https:\/\/kinit.sk\/wp-content\/uploads\/2022\/09\/POO_logo_modre-1024x500-edited-2-300x102.png 300w, https:\/\/kinit.sk\/wp-content\/uploads\/2022\/09\/POO_logo_modre-1024x500-edited-2-768x262.png 768w, https:\/\/kinit.sk\/wp-content\/uploads\/2022\/09\/POO_logo_modre-1024x500-edited-2.png 1024w\" data-sizes=\"(max-width: 300px) 100vw, 300px\" src=\"data:image\/svg+xml;base64,PHN2ZyB3aWR0aD0iMSIgaGVpZ2h0PSIxIiB4bWxucz0iaHR0cDovL3d3dy53My5vcmcvMjAwMC9zdmciPjwvc3ZnPg==\" style=\"--smush-placeholder-width: 300px; --smush-placeholder-aspect-ratio: 300\/102;\" \/><\/figure>\n<\/div><\/div>\n<\/div><\/div>\n<\/div>","protected":false},"excerpt":{"rendered":"<p>Bratislava, 19 June 2025 \u2013 This week\u2019s Slovaks AI Forum 2025 marked a significant milestone in strengthening connections among Slovak professionals in the field of AI, both at home and&#8230;<\/p>\n","protected":false},"author":26,"featured_media":36831,"comment_status":"closed","ping_status":"closed","sticky":false,"template":"","format":"standard","meta":{"_acf_changed":false,"footnotes":""},"categories":[83,520],"tags":[511],"class_list":["post-36638","post","type-post","status-publish","format-standard","has-post-thumbnail","hentry","category-news-sk","category-2025-sk","tag-podujatie-promo"],"acf":[],"yoast_head":"<!-- This site is optimized with the Yoast SEO plugin v27.4 - https:\/\/yoast.com\/product\/yoast-seo-wordpress\/ -->\n<title>Slovaks AI Forum 2025: Connecting Global Slovak Expertise in Artificial Intelligence - KInIT<\/title>\n<meta name=\"description\" content=\"Bratislava, 19 June 2025 \u2013 This week\u2019s Slovaks AI Forum 2025 marked a significant milestone in strengthening connections among Slovak professionals in the field of AI, both at home and abroad. Organized by KInIT as part of the Slovak Diaspora Project, the event aimed to foster international collaboration, share knowledge, and strengthen connections between experts abroad.\" \/>\n<meta name=\"robots\" content=\"index, follow, max-snippet:-1, max-image-preview:large, max-video-preview:-1\" \/>\n<link rel=\"canonical\" href=\"https:\/\/kinit.sk\/sk\/slovaks-ai-forum-2025-connecting-global-slovak-expertise-in-artificial-intelligence\/\" \/>\n<meta property=\"og:locale\" content=\"sk_SK\" \/>\n<meta property=\"og:type\" content=\"article\" \/>\n<meta property=\"og:title\" content=\"Slovaks AI Forum 2025: Connecting Global Slovak Expertise in Artificial Intelligence - KInIT\" \/>\n<meta property=\"og:description\" content=\"Bratislava, 19 June 2025 \u2013 This week\u2019s Slovaks AI Forum 2025 marked a significant milestone in strengthening connections among Slovak professionals in the field of AI, both at home and abroad. Organized by KInIT as part of the Slovak Diaspora Project, the event aimed to foster international collaboration, share knowledge, and strengthen connections between experts abroad.\" \/>\n<meta property=\"og:url\" content=\"https:\/\/kinit.sk\/sk\/slovaks-ai-forum-2025-connecting-global-slovak-expertise-in-artificial-intelligence\/\" \/>\n<meta property=\"og:site_name\" content=\"KInIT\" \/>\n<meta property=\"article:published_time\" content=\"2025-06-20T09:31:05+00:00\" \/>\n<meta property=\"article:modified_time\" content=\"2025-06-24T07:06:17+00:00\" \/>\n<meta property=\"og:image\" content=\"https:\/\/kinit.sk\/wp-content\/uploads\/2025\/06\/Slovaks-AI-Forum-2025-scaled.png\" \/>\n\t<meta property=\"og:image:width\" content=\"2560\" \/>\n\t<meta property=\"og:image:height\" content=\"1340\" \/>\n\t<meta property=\"og:image:type\" content=\"image\/png\" \/>\n<meta name=\"author\" content=\"Marianna Palkova\" \/>\n<meta name=\"twitter:card\" content=\"summary_large_image\" \/>\n<meta name=\"twitter:creator\" content=\"@kinit\" \/>\n<meta name=\"twitter:site\" content=\"@kinit\" \/>\n<meta name=\"twitter:label1\" content=\"Autor\" \/>\n\t<meta name=\"twitter:data1\" content=\"Marianna Palkova\" \/>\n\t<meta name=\"twitter:label2\" content=\"Predpokladan\u00fd \u010das \u010d\u00edtania\" \/>\n\t<meta name=\"twitter:data2\" content=\"4 min\u00faty\" \/>\n<script type=\"application\/ld+json\" class=\"yoast-schema-graph\">{\"@context\":\"https:\\\/\\\/schema.org\",\"@graph\":[{\"@type\":\"Article\",\"@id\":\"https:\\\/\\\/kinit.sk\\\/sk\\\/slovaks-ai-forum-2025-connecting-global-slovak-expertise-in-artificial-intelligence\\\/#article\",\"isPartOf\":{\"@id\":\"https:\\\/\\\/kinit.sk\\\/sk\\\/slovaks-ai-forum-2025-connecting-global-slovak-expertise-in-artificial-intelligence\\\/\"},\"author\":{\"name\":\"Marianna Palkova\",\"@id\":\"https:\\\/\\\/kinit.sk\\\/#\\\/schema\\\/person\\\/8b175aaaf3267b5bbbbb97e4a6db8cea\"},\"headline\":\"Slovaks AI Forum 2025: Connecting Global Slovak Expertise in Artificial Intelligence\",\"datePublished\":\"2025-06-20T09:31:05+00:00\",\"dateModified\":\"2025-06-24T07:06:17+00:00\",\"mainEntityOfPage\":{\"@id\":\"https:\\\/\\\/kinit.sk\\\/sk\\\/slovaks-ai-forum-2025-connecting-global-slovak-expertise-in-artificial-intelligence\\\/\"},\"wordCount\":492,\"image\":{\"@id\":\"https:\\\/\\\/kinit.sk\\\/sk\\\/slovaks-ai-forum-2025-connecting-global-slovak-expertise-in-artificial-intelligence\\\/#primaryimage\"},\"thumbnailUrl\":\"https:\\\/\\\/kinit.sk\\\/wp-content\\\/uploads\\\/2025\\\/06\\\/Slovak-AI-Forum-2025-scaled.png\",\"keywords\":[\"podujatie\"],\"articleSection\":[\"News\",\"2025\"],\"inLanguage\":\"sk-SK\"},{\"@type\":\"WebPage\",\"@id\":\"https:\\\/\\\/kinit.sk\\\/sk\\\/slovaks-ai-forum-2025-connecting-global-slovak-expertise-in-artificial-intelligence\\\/\",\"url\":\"https:\\\/\\\/kinit.sk\\\/sk\\\/slovaks-ai-forum-2025-connecting-global-slovak-expertise-in-artificial-intelligence\\\/\",\"name\":\"Slovaks AI Forum 2025: Connecting Global Slovak Expertise in Artificial Intelligence - KInIT\",\"isPartOf\":{\"@id\":\"https:\\\/\\\/kinit.sk\\\/#website\"},\"primaryImageOfPage\":{\"@id\":\"https:\\\/\\\/kinit.sk\\\/sk\\\/slovaks-ai-forum-2025-connecting-global-slovak-expertise-in-artificial-intelligence\\\/#primaryimage\"},\"image\":{\"@id\":\"https:\\\/\\\/kinit.sk\\\/sk\\\/slovaks-ai-forum-2025-connecting-global-slovak-expertise-in-artificial-intelligence\\\/#primaryimage\"},\"thumbnailUrl\":\"https:\\\/\\\/kinit.sk\\\/wp-content\\\/uploads\\\/2025\\\/06\\\/Slovak-AI-Forum-2025-scaled.png\",\"datePublished\":\"2025-06-20T09:31:05+00:00\",\"dateModified\":\"2025-06-24T07:06:17+00:00\",\"author\":{\"@id\":\"https:\\\/\\\/kinit.sk\\\/#\\\/schema\\\/person\\\/8b175aaaf3267b5bbbbb97e4a6db8cea\"},\"description\":\"Bratislava, 19 June 2025 \u2013 This week\u2019s Slovaks AI Forum 2025 marked a significant milestone in strengthening connections among Slovak professionals in the field of AI, both at home and abroad. Organized by KInIT as part of the Slovak Diaspora Project, the event aimed to foster international collaboration, share knowledge, and strengthen connections between experts abroad.\",\"breadcrumb\":{\"@id\":\"https:\\\/\\\/kinit.sk\\\/sk\\\/slovaks-ai-forum-2025-connecting-global-slovak-expertise-in-artificial-intelligence\\\/#breadcrumb\"},\"inLanguage\":\"sk-SK\",\"potentialAction\":[{\"@type\":\"ReadAction\",\"target\":[\"https:\\\/\\\/kinit.sk\\\/sk\\\/slovaks-ai-forum-2025-connecting-global-slovak-expertise-in-artificial-intelligence\\\/\"]}]},{\"@type\":\"ImageObject\",\"inLanguage\":\"sk-SK\",\"@id\":\"https:\\\/\\\/kinit.sk\\\/sk\\\/slovaks-ai-forum-2025-connecting-global-slovak-expertise-in-artificial-intelligence\\\/#primaryimage\",\"url\":\"https:\\\/\\\/kinit.sk\\\/wp-content\\\/uploads\\\/2025\\\/06\\\/Slovak-AI-Forum-2025-scaled.png\",\"contentUrl\":\"https:\\\/\\\/kinit.sk\\\/wp-content\\\/uploads\\\/2025\\\/06\\\/Slovak-AI-Forum-2025-scaled.png\",\"width\":2560,\"height\":1340},{\"@type\":\"BreadcrumbList\",\"@id\":\"https:\\\/\\\/kinit.sk\\\/sk\\\/slovaks-ai-forum-2025-connecting-global-slovak-expertise-in-artificial-intelligence\\\/#breadcrumb\",\"itemListElement\":[{\"@type\":\"ListItem\",\"position\":1,\"name\":\"Home\",\"item\":\"https:\\\/\\\/kinit.sk\\\/sk\\\/uvod\\\/\"},{\"@type\":\"ListItem\",\"position\":2,\"name\":\"News\",\"item\":\"https:\\\/\\\/kinit.sk\\\/category\\\/news\\\/\"},{\"@type\":\"ListItem\",\"position\":3,\"name\":\"Slovaks AI Forum 2025: Connecting Global Slovak Expertise in Artificial Intelligence\"}]},{\"@type\":\"WebSite\",\"@id\":\"https:\\\/\\\/kinit.sk\\\/#website\",\"url\":\"https:\\\/\\\/kinit.sk\\\/\",\"name\":\"KInIT\",\"description\":\"Vyu\u017e\u00edvame v\u00fdskum pre \u013eud\u00ed a priemysel\",\"potentialAction\":[{\"@type\":\"SearchAction\",\"target\":{\"@type\":\"EntryPoint\",\"urlTemplate\":\"https:\\\/\\\/kinit.sk\\\/?s={search_term_string}\"},\"query-input\":{\"@type\":\"PropertyValueSpecification\",\"valueRequired\":true,\"valueName\":\"search_term_string\"}}],\"inLanguage\":\"sk-SK\"},{\"@type\":\"Person\",\"@id\":\"https:\\\/\\\/kinit.sk\\\/#\\\/schema\\\/person\\\/8b175aaaf3267b5bbbbb97e4a6db8cea\",\"name\":\"Marianna Palkova\"}]}<\/script>\n<!-- \/ Yoast SEO plugin. -->","yoast_head_json":{"title":"Slovaks AI Forum 2025: Connecting Global Slovak Expertise in Artificial Intelligence - KInIT","description":"Bratislava, 19 June 2025 \u2013 This week\u2019s Slovaks AI Forum 2025 marked a significant milestone in strengthening connections among Slovak professionals in the field of AI, both at home and abroad. Organized by KInIT as part of the Slovak Diaspora Project, the event aimed to foster international collaboration, share knowledge, and strengthen connections between experts abroad.","robots":{"index":"index","follow":"follow","max-snippet":"max-snippet:-1","max-image-preview":"max-image-preview:large","max-video-preview":"max-video-preview:-1"},"canonical":"https:\/\/kinit.sk\/sk\/slovaks-ai-forum-2025-connecting-global-slovak-expertise-in-artificial-intelligence\/","og_locale":"sk_SK","og_type":"article","og_title":"Slovaks AI Forum 2025: Connecting Global Slovak Expertise in Artificial Intelligence - KInIT","og_description":"Bratislava, 19 June 2025 \u2013 This week\u2019s Slovaks AI Forum 2025 marked a significant milestone in strengthening connections among Slovak professionals in the field of AI, both at home and abroad. Organized by KInIT as part of the Slovak Diaspora Project, the event aimed to foster international collaboration, share knowledge, and strengthen connections between experts abroad.","og_url":"https:\/\/kinit.sk\/sk\/slovaks-ai-forum-2025-connecting-global-slovak-expertise-in-artificial-intelligence\/","og_site_name":"KInIT","article_published_time":"2025-06-20T09:31:05+00:00","article_modified_time":"2025-06-24T07:06:17+00:00","og_image":[{"width":2560,"height":1340,"url":"https:\/\/kinit.sk\/wp-content\/uploads\/2025\/06\/Slovaks-AI-Forum-2025-scaled.png","type":"image\/png"}],"author":"Marianna Palkova","twitter_card":"summary_large_image","twitter_creator":"@kinit","twitter_site":"@kinit","twitter_misc":{"Autor":"Marianna Palkova","Predpokladan\u00fd \u010das \u010d\u00edtania":"4 min\u00faty"},"schema":{"@context":"https:\/\/schema.org","@graph":[{"@type":"Article","@id":"https:\/\/kinit.sk\/sk\/slovaks-ai-forum-2025-connecting-global-slovak-expertise-in-artificial-intelligence\/#article","isPartOf":{"@id":"https:\/\/kinit.sk\/sk\/slovaks-ai-forum-2025-connecting-global-slovak-expertise-in-artificial-intelligence\/"},"author":{"name":"Marianna Palkova","@id":"https:\/\/kinit.sk\/#\/schema\/person\/8b175aaaf3267b5bbbbb97e4a6db8cea"},"headline":"Slovaks AI Forum 2025: Connecting Global Slovak Expertise in Artificial Intelligence","datePublished":"2025-06-20T09:31:05+00:00","dateModified":"2025-06-24T07:06:17+00:00","mainEntityOfPage":{"@id":"https:\/\/kinit.sk\/sk\/slovaks-ai-forum-2025-connecting-global-slovak-expertise-in-artificial-intelligence\/"},"wordCount":492,"image":{"@id":"https:\/\/kinit.sk\/sk\/slovaks-ai-forum-2025-connecting-global-slovak-expertise-in-artificial-intelligence\/#primaryimage"},"thumbnailUrl":"https:\/\/kinit.sk\/wp-content\/uploads\/2025\/06\/Slovak-AI-Forum-2025-scaled.png","keywords":["podujatie"],"articleSection":["News","2025"],"inLanguage":"sk-SK"},{"@type":"WebPage","@id":"https:\/\/kinit.sk\/sk\/slovaks-ai-forum-2025-connecting-global-slovak-expertise-in-artificial-intelligence\/","url":"https:\/\/kinit.sk\/sk\/slovaks-ai-forum-2025-connecting-global-slovak-expertise-in-artificial-intelligence\/","name":"Slovaks AI Forum 2025: Connecting Global Slovak Expertise in Artificial Intelligence - KInIT","isPartOf":{"@id":"https:\/\/kinit.sk\/#website"},"primaryImageOfPage":{"@id":"https:\/\/kinit.sk\/sk\/slovaks-ai-forum-2025-connecting-global-slovak-expertise-in-artificial-intelligence\/#primaryimage"},"image":{"@id":"https:\/\/kinit.sk\/sk\/slovaks-ai-forum-2025-connecting-global-slovak-expertise-in-artificial-intelligence\/#primaryimage"},"thumbnailUrl":"https:\/\/kinit.sk\/wp-content\/uploads\/2025\/06\/Slovak-AI-Forum-2025-scaled.png","datePublished":"2025-06-20T09:31:05+00:00","dateModified":"2025-06-24T07:06:17+00:00","author":{"@id":"https:\/\/kinit.sk\/#\/schema\/person\/8b175aaaf3267b5bbbbb97e4a6db8cea"},"description":"Bratislava, 19 June 2025 \u2013 This week\u2019s Slovaks AI Forum 2025 marked a significant milestone in strengthening connections among Slovak professionals in the field of AI, both at home and abroad. Organized by KInIT as part of the Slovak Diaspora Project, the event aimed to foster international collaboration, share knowledge, and strengthen connections between experts abroad.","breadcrumb":{"@id":"https:\/\/kinit.sk\/sk\/slovaks-ai-forum-2025-connecting-global-slovak-expertise-in-artificial-intelligence\/#breadcrumb"},"inLanguage":"sk-SK","potentialAction":[{"@type":"ReadAction","target":["https:\/\/kinit.sk\/sk\/slovaks-ai-forum-2025-connecting-global-slovak-expertise-in-artificial-intelligence\/"]}]},{"@type":"ImageObject","inLanguage":"sk-SK","@id":"https:\/\/kinit.sk\/sk\/slovaks-ai-forum-2025-connecting-global-slovak-expertise-in-artificial-intelligence\/#primaryimage","url":"https:\/\/kinit.sk\/wp-content\/uploads\/2025\/06\/Slovak-AI-Forum-2025-scaled.png","contentUrl":"https:\/\/kinit.sk\/wp-content\/uploads\/2025\/06\/Slovak-AI-Forum-2025-scaled.png","width":2560,"height":1340},{"@type":"BreadcrumbList","@id":"https:\/\/kinit.sk\/sk\/slovaks-ai-forum-2025-connecting-global-slovak-expertise-in-artificial-intelligence\/#breadcrumb","itemListElement":[{"@type":"ListItem","position":1,"name":"Home","item":"https:\/\/kinit.sk\/sk\/uvod\/"},{"@type":"ListItem","position":2,"name":"News","item":"https:\/\/kinit.sk\/category\/news\/"},{"@type":"ListItem","position":3,"name":"Slovaks AI Forum 2025: Connecting Global Slovak Expertise in Artificial Intelligence"}]},{"@type":"WebSite","@id":"https:\/\/kinit.sk\/#website","url":"https:\/\/kinit.sk\/","name":"KInIT","description":"Vyu\u017e\u00edvame v\u00fdskum pre \u013eud\u00ed a priemysel","potentialAction":[{"@type":"SearchAction","target":{"@type":"EntryPoint","urlTemplate":"https:\/\/kinit.sk\/?s={search_term_string}"},"query-input":{"@type":"PropertyValueSpecification","valueRequired":true,"valueName":"search_term_string"}}],"inLanguage":"sk-SK"},{"@type":"Person","@id":"https:\/\/kinit.sk\/#\/schema\/person\/8b175aaaf3267b5bbbbb97e4a6db8cea","name":"Marianna Palkova"}]}},"_links":{"self":[{"href":"https:\/\/kinit.sk\/sk\/wp-json\/wp\/v2\/posts\/36638","targetHints":{"allow":["GET"]}}],"collection":[{"href":"https:\/\/kinit.sk\/sk\/wp-json\/wp\/v2\/posts"}],"about":[{"href":"https:\/\/kinit.sk\/sk\/wp-json\/wp\/v2\/types\/post"}],"author":[{"embeddable":true,"href":"https:\/\/kinit.sk\/sk\/wp-json\/wp\/v2\/users\/26"}],"replies":[{"embeddable":true,"href":"https:\/\/kinit.sk\/sk\/wp-json\/wp\/v2\/comments?post=36638"}],"version-history":[{"count":4,"href":"https:\/\/kinit.sk\/sk\/wp-json\/wp\/v2\/posts\/36638\/revisions"}],"predecessor-version":[{"id":36673,"href":"https:\/\/kinit.sk\/sk\/wp-json\/wp\/v2\/posts\/36638\/revisions\/36673"}],"wp:featuredmedia":[{"embeddable":true,"href":"https:\/\/kinit.sk\/sk\/wp-json\/wp\/v2\/media\/36831"}],"wp:attachment":[{"href":"https:\/\/kinit.sk\/sk\/wp-json\/wp\/v2\/media?parent=36638"}],"wp:term":[{"taxonomy":"category","embeddable":true,"href":"https:\/\/kinit.sk\/sk\/wp-json\/wp\/v2\/categories?post=36638"},{"taxonomy":"post_tag","embeddable":true,"href":"https:\/\/kinit.sk\/sk\/wp-json\/wp\/v2\/tags?post=36638"}],"curies":[{"name":"wp","href":"https:\/\/api.w.org\/{rel}","templated":true}]}}