{"id":34193,"date":"2024-11-04T12:54:59","date_gmt":"2024-11-04T11:54:59","guid":{"rendered":"https:\/\/kinit.sk\/european_researchers_night_from_the_perspective_of_our_phd_student\/"},"modified":"2024-11-04T12:57:38","modified_gmt":"2024-11-04T11:57:38","slug":"europska_noc_vedy_z_pohladu_nasho_doktoranda","status":"publish","type":"post","link":"https:\/\/kinit.sk\/sk\/europska_noc_vedy_z_pohladu_nasho_doktoranda\/","title":{"rendered":"Eur\u00f3pska noc vedy z poh\u013eadu n\u00e1\u0161ho doktoranda"},"content":{"rendered":"<div id=\"\" class=\"element core-paragraph\">\n<p><strong>Posledn\u00fd septembrov\u00fd piatok je u\u017e tradi\u010dne venovan\u00fd <\/strong><a href=\"https:\/\/www.nocvedy.sk\/\"><strong>Eur\u00f3pskej noci vedy<\/strong><\/a><strong>. Na tomto podujat\u00ed sa stret\u00e1vaj\u00fa v\u00fdskumn\u00edci a inov\u00e1tori s nad\u0161encami vedy. V\u010faka tak\u00fdmto eventom sa m\u00f4\u017eete stretn\u00fa\u0165 aj s na\u0161imi talentovan\u00fdmi v\u00fdskumn\u00edkmi a doktorantami. <\/strong><a href=\"https:\/\/kinit.sk\/member\/santiago-de-leon\/\"><strong>Santiago de Leon<\/strong><\/a><strong> je jedn\u00fdm z nich. V r\u00e1mci svojho PhD \u0161t\u00fadia sk\u00fama ako pou\u017e\u00edvatelia naviguj\u00fa r\u00f4zne rozhrania podobn\u00e9 Netflixu pomocou sledovania o\u010d\u00ed. Viac o jeho z\u00e1\u017eitkoch z podujatia si m\u00f4\u017eete pre\u010d\u00edta\u0165 v Santiagovom blogu.<\/strong><\/p>\n<\/div>\n\n<div id=\"\" class=\"element core-paragraph\">\n<p>Mal som t\u00fa \u010des\u0165 pripoji\u0165 sa ku kolegom, ktor\u00ed reprezentovali KInIT na Eur\u00f3pskej noci v\u00fdskumn\u00edkov v Bratislave. Ako cudzinec a zahrani\u010dn\u00fd \u0161tudent neo\u010dak\u00e1vam, \u017ee sa budem m\u00f4c\u0165 v\u017edy z\u00fa\u010dastni\u0165 na t\u00fdchto aktivit\u00e1ch, tak\u017ee ke\u010f sa mi to podar\u00ed, je to ve\u013emi vzru\u0161uj\u00face. Na\u0161\u0165astie som sa nemusel ob\u00e1va\u0165 jazykovej bari\u00e9ry. Moji kolegovia r\u00fdchlo presmerovali anglicky hovoriacich \u00fa\u010dastn\u00edkov na m\u0148a, tak\u017ee som sa mohol s\u00fastredi\u0165 len na vysvet\u013eovanie m\u00f4jho v\u00fdskumu.<\/p>\n<\/div>\n\n<div id=\"\" class=\"element core-paragraph\">\n<p>V\u010faka tomu som si mohol t\u00fato akciu vychutna\u0165 naplno. Najlep\u0161ie na Eur\u00f3pskej noci vedy je to, \u017ee som s\u00fa\u010das\u0165ou miestnej komunity, a m\u00f4\u017eem diskutova\u0165 so \u0161tudentmi, rodi\u010dmi, de\u0165mi alebo dospel\u00fdmi, ktor\u00ed sa zauj\u00edmaj\u00fa o vedu. Ako v\u00fdskumn\u00edci chceme, aby na\u0161a pr\u00e1ca ovplyvnila svet. Av\u0161ak na\u0161e v\u00fdskumn\u00e9 aktivity <em>(konferencie alebo publik\u00e1cie v \u010dasopisoch) <\/em>b\u00fdvaj\u00fa \u010dasto vzdialen\u00e9 od ka\u017edodenn\u00e9ho \u017eivota. Aj ke\u010f m\u00e1 na\u0161a pr\u00e1ca vplyv na be\u017en\u00fd \u017eivot, st\u00e1va sa, \u017ee to osobne neza\u017eijeme. <em>Napr\u00edklad lek\u00e1r vid\u00ed pacienta pred a po jeho lie\u010dbe, a pre lek\u00e1ra je to ove\u013ea osobnej\u0161\u00ed, bli\u017e\u0161\u00ed z\u00e1\u017eitok.<\/em> Dopad ich pr\u00e1ce je hmatate\u013en\u00fd a maj\u00fa ho priamo pred o\u010dami, \u010do sa vo v\u00fdskume \u010dasto nest\u00e1va.&nbsp;<\/p>\n<\/div>\n\n<div id=\"\" class=\"element core-paragraph\">\n<p>Eur\u00f3pska noc vedy je pre n\u00e1s pr\u00edle\u017eitos\u0165ou hovori\u0165 s \u013eu\u010fmi a d\u00fafa\u0165, \u017ee ich zaujme n\u00e1\u0161 v\u00fdskum a zamyslia sa nad n\u00edm.&nbsp; Ide ale hlavne o to, aby ich nadchla veda a p\u00fdtali sa ot\u00e1zky s cie\u013eom objavi\u0165 nie\u010do nov\u00e9. Bez oh\u013eadu na to, \u010di je niekto vedec alebo nie, je pod\u013ea m\u0148a jednou z najd\u00f4le\u017eitej\u0161\u00edch vec\u00ed v \u017eivote kladenie si ot\u00e1zok a prem\u00fd\u0161\u013eanie, ktor\u00e9 vedie k rastu <em>(\u010di u\u017e osobn\u00e9mu alebo akademick\u00e9mu\/vedeck\u00e9mu)<\/em>.<\/p>\n<\/div>\n\n<div id=\"\" class=\"element core-paragraph\">\n<p>Ke\u010f som teda \u0161tudentov a ostatn\u00fdch \u00fa\u010dastn\u00edkov po\u017eiadal, aby si predstavili, ako by si prezerali rozhranie podobn\u00e9 Netflixu, zamysleli sa, podelili sa o svoj n\u00e1pad so mnou a ostatn\u00fdmi, no a potom sa p\u00fdtali \u010fal\u0161ie ot\u00e1zky. Pr\u00e1ve tak\u00e1to sk\u00fasenos\u0165 je neuverite\u013ene obohacuj\u00faca. Jednou z najlep\u0161\u00edch \u010dast\u00ed v\u00fdskumu je<em> \u201eaha\u201c<\/em> alebo <em>\u201eheur\u00e9ka\u201c <\/em>moment, ke\u010f objav\u00edte nie\u010do, \u010do prin\u00e1\u0161a \u0161\u0165astie, \u00faspech, a \u010dasto aj nad\u0161enie podeli\u0165 sa o o\u0148 s in\u00fdmi. Mysl\u00edm, \u017ee by sme sa mali sna\u017ei\u0165, aby tak\u00fdchto momentov bolo na svete viac.&nbsp;<\/p>\n<\/div>\n\n<div id=\"\" class=\"element core-paragraph\">\n<p>Osobne si nemysl\u00edm, \u017ee tento pocit mus\u00ed by\u0165 len v tradi\u010dnej vede, ale v\u0161etko, na \u010dom metodologicky pracujeme s cie\u013eom zlep\u0161i\u0165 a objavi\u0165 nepoznan\u00e9, je veda, \u010di u\u017e je to:<\/p>\n<\/div>\n\n<div id=\"\" class=\"element core-list\">\n<ul class=\"wp-block-list\"><div id=\"\" class=\"element core-list-item\">\n<li>sk\u00famanie nov\u00fdch zmes\u00ed koren\u00edn alebo nov\u00fd recept pri varen\u00ed,\u00a0<\/li>\n<\/div>\n\n<div id=\"\" class=\"element core-list-item\">\n<li>pozn\u00e1vanie farieb\/vzorov\/materi\u00e1lov, ktor\u00e9 spolu funguj\u00fa, aby vytvorili m\u00f3dne oble\u010denie,<\/li>\n<\/div>\n\n<div id=\"\" class=\"element core-list-item\">\n<li>alebo zis\u0165ovanie, ako sa \u013eudia skuto\u010dne pohybuj\u00fa v slu\u017ebe Neftlix pomocou sledovania o\u010d\u00ed, aby sme vytvorili lep\u0161\u00ed syst\u00e9m odpor\u00fa\u010dan\u00ed, v\u010faka ktor\u00e9mu m\u00f4\u017eu \u013eudia str\u00e1vi\u0165 menej \u010dasu h\u013eadan\u00edm a viac \u010dasu vychutn\u00e1van\u00edm dobr\u00e9ho filmu.<\/li>\n<\/div><\/ul>\n<\/div>\n\n<div id=\"\" class=\"element core-paragraph\">\n<p>Tak\u017ee ka\u017ed\u00e9mu, koho zauj\u00edma veda, by som povedal, aby si na\u0161iel nie\u010do, z \u010doho chce vytvori\u0165 vedu.<\/p>\n<\/div>","protected":false},"excerpt":{"rendered":"<p>Posledn\u00fd septembrov\u00fd piatok je u\u017e tradi\u010dne venovan\u00fd Eur\u00f3pskej noci vedy. Na tomto podujat\u00ed sa stret\u00e1vaj\u00fa v\u00fdskumn\u00edci a inov\u00e1tori s nad\u0161encami vedy. V\u010faka tak\u00fdmto eventom sa m\u00f4\u017eete stretn\u00fa\u0165 aj s na\u0161imi&#8230;<\/p>\n","protected":false},"author":26,"featured_media":34191,"comment_status":"closed","ping_status":"closed","sticky":false,"template":"","format":"standard","meta":{"_acf_changed":false,"footnotes":""},"categories":[78,83,442],"tags":[511],"class_list":["post-34193","post","type-post","status-publish","format-standard","has-post-thumbnail","hentry","category-web-user-data-processing-sk","category-news-sk","category-2024-sk","tag-podujatie-promo"],"acf":[],"yoast_head":"<!-- This site is optimized with the Yoast SEO plugin v27.4 - https:\/\/yoast.com\/product\/yoast-seo-wordpress\/ -->\n<title>Eur\u00f3pska noc vedy z poh\u013eadu n\u00e1\u0161ho doktoranda - KInIT<\/title>\n<meta name=\"description\" content=\"Posledn\u00fd septembrov\u00fd piatok je u\u017e tradi\u010dne venovan\u00fd Eur\u00f3pskej noci vedy. Na tomto podujat\u00ed sa stret\u00e1vaj\u00fa v\u00fdskumn\u00edci a inov\u00e1tori s nad\u0161encami vedy. V\u010faka tak\u00fdmto eventom sa m\u00f4\u017eete stretn\u00fa\u0165 aj s na\u0161imi talentovan\u00fdmi v\u00fdskumn\u00edkmi a doktorantami. Santiago de Leon je jedn\u00fdm z nich. V r\u00e1mci svojho PhD \u0161t\u00fadia sk\u00fama ako pou\u017e\u00edvatelia naviguj\u00fa r\u00f4zne rozhrania podobn\u00e9 Netflixu pomocou sledovania o\u010d\u00ed. Viac o jeho z\u00e1\u017eitkoch z podujatia si m\u00f4\u017eete pre\u010d\u00edta\u0165 v Santiagovom blogu.\" \/>\n<meta name=\"robots\" content=\"index, follow, max-snippet:-1, max-image-preview:large, max-video-preview:-1\" \/>\n<link rel=\"canonical\" href=\"https:\/\/kinit.sk\/sk\/europska_noc_vedy_z_pohladu_nasho_doktoranda\/\" \/>\n<meta property=\"og:locale\" content=\"sk_SK\" \/>\n<meta property=\"og:type\" content=\"article\" \/>\n<meta property=\"og:title\" content=\"Eur\u00f3pska noc vedy z poh\u013eadu n\u00e1\u0161ho doktoranda - KInIT\" \/>\n<meta property=\"og:description\" content=\"Posledn\u00fd septembrov\u00fd piatok je u\u017e tradi\u010dne venovan\u00fd Eur\u00f3pskej noci vedy. Na tomto podujat\u00ed sa stret\u00e1vaj\u00fa v\u00fdskumn\u00edci a inov\u00e1tori s nad\u0161encami vedy. V\u010faka tak\u00fdmto eventom sa m\u00f4\u017eete stretn\u00fa\u0165 aj s na\u0161imi talentovan\u00fdmi v\u00fdskumn\u00edkmi a doktorantami. Santiago de Leon je jedn\u00fdm z nich. V r\u00e1mci svojho PhD \u0161t\u00fadia sk\u00fama ako pou\u017e\u00edvatelia naviguj\u00fa r\u00f4zne rozhrania podobn\u00e9 Netflixu pomocou sledovania o\u010d\u00ed. Viac o jeho z\u00e1\u017eitkoch z podujatia si m\u00f4\u017eete pre\u010d\u00edta\u0165 v Santiagovom blogu.\" \/>\n<meta property=\"og:url\" content=\"https:\/\/kinit.sk\/sk\/europska_noc_vedy_z_pohladu_nasho_doktoranda\/\" \/>\n<meta property=\"og:site_name\" content=\"KInIT\" \/>\n<meta property=\"article:published_time\" content=\"2024-11-04T11:54:59+00:00\" \/>\n<meta property=\"article:modified_time\" content=\"2024-11-04T11:57:38+00:00\" \/>\n<meta property=\"og:image\" content=\"https:\/\/kinit.sk\/wp-content\/uploads\/2024\/11\/202410_Santiago_web.png\" \/>\n\t<meta property=\"og:image:width\" content=\"900\" \/>\n\t<meta property=\"og:image:height\" content=\"471\" \/>\n\t<meta property=\"og:image:type\" content=\"image\/png\" \/>\n<meta name=\"author\" content=\"Marianna Palkova\" \/>\n<meta name=\"twitter:card\" content=\"summary_large_image\" \/>\n<meta name=\"twitter:creator\" content=\"@kinit\" \/>\n<meta name=\"twitter:site\" content=\"@kinit\" \/>\n<meta name=\"twitter:label1\" content=\"Autor\" \/>\n\t<meta name=\"twitter:data1\" content=\"Marianna Palkova\" \/>\n\t<meta name=\"twitter:label2\" content=\"Predpokladan\u00fd \u010das \u010d\u00edtania\" \/>\n\t<meta name=\"twitter:data2\" content=\"3 min\u00faty\" \/>\n<script type=\"application\/ld+json\" class=\"yoast-schema-graph\">{\"@context\":\"https:\\\/\\\/schema.org\",\"@graph\":[{\"@type\":\"Article\",\"@id\":\"https:\\\/\\\/kinit.sk\\\/sk\\\/europska_noc_vedy_z_pohladu_nasho_doktoranda\\\/#article\",\"isPartOf\":{\"@id\":\"https:\\\/\\\/kinit.sk\\\/sk\\\/europska_noc_vedy_z_pohladu_nasho_doktoranda\\\/\"},\"author\":{\"name\":\"Marianna Palkova\",\"@id\":\"https:\\\/\\\/kinit.sk\\\/#\\\/schema\\\/person\\\/8b175aaaf3267b5bbbbb97e4a6db8cea\"},\"headline\":\"Eur\u00f3pska noc vedy z poh\u013eadu n\u00e1\u0161ho doktoranda\",\"datePublished\":\"2024-11-04T11:54:59+00:00\",\"dateModified\":\"2024-11-04T11:57:38+00:00\",\"mainEntityOfPage\":{\"@id\":\"https:\\\/\\\/kinit.sk\\\/sk\\\/europska_noc_vedy_z_pohladu_nasho_doktoranda\\\/\"},\"wordCount\":682,\"image\":{\"@id\":\"https:\\\/\\\/kinit.sk\\\/sk\\\/europska_noc_vedy_z_pohladu_nasho_doktoranda\\\/#primaryimage\"},\"thumbnailUrl\":\"https:\\\/\\\/kinit.sk\\\/wp-content\\\/uploads\\\/2024\\\/11\\\/202410_Santiago_web.png\",\"keywords\":[\"podujatie\"],\"articleSection\":[\"Web &amp; User Data Processing\",\"News\",\"2024\"],\"inLanguage\":\"sk-SK\"},{\"@type\":\"WebPage\",\"@id\":\"https:\\\/\\\/kinit.sk\\\/sk\\\/europska_noc_vedy_z_pohladu_nasho_doktoranda\\\/\",\"url\":\"https:\\\/\\\/kinit.sk\\\/sk\\\/europska_noc_vedy_z_pohladu_nasho_doktoranda\\\/\",\"name\":\"Eur\u00f3pska noc vedy z poh\u013eadu n\u00e1\u0161ho doktoranda - KInIT\",\"isPartOf\":{\"@id\":\"https:\\\/\\\/kinit.sk\\\/#website\"},\"primaryImageOfPage\":{\"@id\":\"https:\\\/\\\/kinit.sk\\\/sk\\\/europska_noc_vedy_z_pohladu_nasho_doktoranda\\\/#primaryimage\"},\"image\":{\"@id\":\"https:\\\/\\\/kinit.sk\\\/sk\\\/europska_noc_vedy_z_pohladu_nasho_doktoranda\\\/#primaryimage\"},\"thumbnailUrl\":\"https:\\\/\\\/kinit.sk\\\/wp-content\\\/uploads\\\/2024\\\/11\\\/202410_Santiago_web.png\",\"datePublished\":\"2024-11-04T11:54:59+00:00\",\"dateModified\":\"2024-11-04T11:57:38+00:00\",\"author\":{\"@id\":\"https:\\\/\\\/kinit.sk\\\/#\\\/schema\\\/person\\\/8b175aaaf3267b5bbbbb97e4a6db8cea\"},\"description\":\"Posledn\u00fd septembrov\u00fd piatok je u\u017e tradi\u010dne venovan\u00fd Eur\u00f3pskej noci vedy. Na tomto podujat\u00ed sa stret\u00e1vaj\u00fa v\u00fdskumn\u00edci a inov\u00e1tori s nad\u0161encami vedy. V\u010faka tak\u00fdmto eventom sa m\u00f4\u017eete stretn\u00fa\u0165 aj s na\u0161imi talentovan\u00fdmi v\u00fdskumn\u00edkmi a doktorantami. Santiago de Leon je jedn\u00fdm z nich. V r\u00e1mci svojho PhD \u0161t\u00fadia sk\u00fama ako pou\u017e\u00edvatelia naviguj\u00fa r\u00f4zne rozhrania podobn\u00e9 Netflixu pomocou sledovania o\u010d\u00ed. Viac o jeho z\u00e1\u017eitkoch z podujatia si m\u00f4\u017eete pre\u010d\u00edta\u0165 v Santiagovom blogu.\",\"breadcrumb\":{\"@id\":\"https:\\\/\\\/kinit.sk\\\/sk\\\/europska_noc_vedy_z_pohladu_nasho_doktoranda\\\/#breadcrumb\"},\"inLanguage\":\"sk-SK\",\"potentialAction\":[{\"@type\":\"ReadAction\",\"target\":[\"https:\\\/\\\/kinit.sk\\\/sk\\\/europska_noc_vedy_z_pohladu_nasho_doktoranda\\\/\"]}]},{\"@type\":\"ImageObject\",\"inLanguage\":\"sk-SK\",\"@id\":\"https:\\\/\\\/kinit.sk\\\/sk\\\/europska_noc_vedy_z_pohladu_nasho_doktoranda\\\/#primaryimage\",\"url\":\"https:\\\/\\\/kinit.sk\\\/wp-content\\\/uploads\\\/2024\\\/11\\\/202410_Santiago_web.png\",\"contentUrl\":\"https:\\\/\\\/kinit.sk\\\/wp-content\\\/uploads\\\/2024\\\/11\\\/202410_Santiago_web.png\",\"width\":900,\"height\":471},{\"@type\":\"BreadcrumbList\",\"@id\":\"https:\\\/\\\/kinit.sk\\\/sk\\\/europska_noc_vedy_z_pohladu_nasho_doktoranda\\\/#breadcrumb\",\"itemListElement\":[{\"@type\":\"ListItem\",\"position\":1,\"name\":\"Home\",\"item\":\"https:\\\/\\\/kinit.sk\\\/sk\\\/\"},{\"@type\":\"ListItem\",\"position\":2,\"name\":\"News\",\"item\":\"https:\\\/\\\/kinit.sk\\\/category\\\/news\\\/\"},{\"@type\":\"ListItem\",\"position\":3,\"name\":\"Eur\u00f3pska noc vedy z poh\u013eadu n\u00e1\u0161ho doktoranda\"}]},{\"@type\":\"WebSite\",\"@id\":\"https:\\\/\\\/kinit.sk\\\/#website\",\"url\":\"https:\\\/\\\/kinit.sk\\\/\",\"name\":\"KInIT\",\"description\":\"Vyu\u017e\u00edvame v\u00fdskum pre \u013eud\u00ed a priemysel\",\"potentialAction\":[{\"@type\":\"SearchAction\",\"target\":{\"@type\":\"EntryPoint\",\"urlTemplate\":\"https:\\\/\\\/kinit.sk\\\/?s={search_term_string}\"},\"query-input\":{\"@type\":\"PropertyValueSpecification\",\"valueRequired\":true,\"valueName\":\"search_term_string\"}}],\"inLanguage\":\"sk-SK\"},{\"@type\":\"Person\",\"@id\":\"https:\\\/\\\/kinit.sk\\\/#\\\/schema\\\/person\\\/8b175aaaf3267b5bbbbb97e4a6db8cea\",\"name\":\"Marianna Palkova\"}]}<\/script>\n<!-- \/ Yoast SEO plugin. -->","yoast_head_json":{"title":"Eur\u00f3pska noc vedy z poh\u013eadu n\u00e1\u0161ho doktoranda - KInIT","description":"Posledn\u00fd septembrov\u00fd piatok je u\u017e tradi\u010dne venovan\u00fd Eur\u00f3pskej noci vedy. Na tomto podujat\u00ed sa stret\u00e1vaj\u00fa v\u00fdskumn\u00edci a inov\u00e1tori s nad\u0161encami vedy. V\u010faka tak\u00fdmto eventom sa m\u00f4\u017eete stretn\u00fa\u0165 aj s na\u0161imi talentovan\u00fdmi v\u00fdskumn\u00edkmi a doktorantami. Santiago de Leon je jedn\u00fdm z nich. V r\u00e1mci svojho PhD \u0161t\u00fadia sk\u00fama ako pou\u017e\u00edvatelia naviguj\u00fa r\u00f4zne rozhrania podobn\u00e9 Netflixu pomocou sledovania o\u010d\u00ed. Viac o jeho z\u00e1\u017eitkoch z podujatia si m\u00f4\u017eete pre\u010d\u00edta\u0165 v Santiagovom blogu.","robots":{"index":"index","follow":"follow","max-snippet":"max-snippet:-1","max-image-preview":"max-image-preview:large","max-video-preview":"max-video-preview:-1"},"canonical":"https:\/\/kinit.sk\/sk\/europska_noc_vedy_z_pohladu_nasho_doktoranda\/","og_locale":"sk_SK","og_type":"article","og_title":"Eur\u00f3pska noc vedy z poh\u013eadu n\u00e1\u0161ho doktoranda - KInIT","og_description":"Posledn\u00fd septembrov\u00fd piatok je u\u017e tradi\u010dne venovan\u00fd Eur\u00f3pskej noci vedy. Na tomto podujat\u00ed sa stret\u00e1vaj\u00fa v\u00fdskumn\u00edci a inov\u00e1tori s nad\u0161encami vedy. V\u010faka tak\u00fdmto eventom sa m\u00f4\u017eete stretn\u00fa\u0165 aj s na\u0161imi talentovan\u00fdmi v\u00fdskumn\u00edkmi a doktorantami. Santiago de Leon je jedn\u00fdm z nich. V r\u00e1mci svojho PhD \u0161t\u00fadia sk\u00fama ako pou\u017e\u00edvatelia naviguj\u00fa r\u00f4zne rozhrania podobn\u00e9 Netflixu pomocou sledovania o\u010d\u00ed. Viac o jeho z\u00e1\u017eitkoch z podujatia si m\u00f4\u017eete pre\u010d\u00edta\u0165 v Santiagovom blogu.","og_url":"https:\/\/kinit.sk\/sk\/europska_noc_vedy_z_pohladu_nasho_doktoranda\/","og_site_name":"KInIT","article_published_time":"2024-11-04T11:54:59+00:00","article_modified_time":"2024-11-04T11:57:38+00:00","og_image":[{"width":900,"height":471,"url":"https:\/\/kinit.sk\/wp-content\/uploads\/2024\/11\/202410_Santiago_web.png","type":"image\/png"}],"author":"Marianna Palkova","twitter_card":"summary_large_image","twitter_creator":"@kinit","twitter_site":"@kinit","twitter_misc":{"Autor":"Marianna Palkova","Predpokladan\u00fd \u010das \u010d\u00edtania":"3 min\u00faty"},"schema":{"@context":"https:\/\/schema.org","@graph":[{"@type":"Article","@id":"https:\/\/kinit.sk\/sk\/europska_noc_vedy_z_pohladu_nasho_doktoranda\/#article","isPartOf":{"@id":"https:\/\/kinit.sk\/sk\/europska_noc_vedy_z_pohladu_nasho_doktoranda\/"},"author":{"name":"Marianna Palkova","@id":"https:\/\/kinit.sk\/#\/schema\/person\/8b175aaaf3267b5bbbbb97e4a6db8cea"},"headline":"Eur\u00f3pska noc vedy z poh\u013eadu n\u00e1\u0161ho doktoranda","datePublished":"2024-11-04T11:54:59+00:00","dateModified":"2024-11-04T11:57:38+00:00","mainEntityOfPage":{"@id":"https:\/\/kinit.sk\/sk\/europska_noc_vedy_z_pohladu_nasho_doktoranda\/"},"wordCount":682,"image":{"@id":"https:\/\/kinit.sk\/sk\/europska_noc_vedy_z_pohladu_nasho_doktoranda\/#primaryimage"},"thumbnailUrl":"https:\/\/kinit.sk\/wp-content\/uploads\/2024\/11\/202410_Santiago_web.png","keywords":["podujatie"],"articleSection":["Web &amp; User Data Processing","News","2024"],"inLanguage":"sk-SK"},{"@type":"WebPage","@id":"https:\/\/kinit.sk\/sk\/europska_noc_vedy_z_pohladu_nasho_doktoranda\/","url":"https:\/\/kinit.sk\/sk\/europska_noc_vedy_z_pohladu_nasho_doktoranda\/","name":"Eur\u00f3pska noc vedy z poh\u013eadu n\u00e1\u0161ho doktoranda - KInIT","isPartOf":{"@id":"https:\/\/kinit.sk\/#website"},"primaryImageOfPage":{"@id":"https:\/\/kinit.sk\/sk\/europska_noc_vedy_z_pohladu_nasho_doktoranda\/#primaryimage"},"image":{"@id":"https:\/\/kinit.sk\/sk\/europska_noc_vedy_z_pohladu_nasho_doktoranda\/#primaryimage"},"thumbnailUrl":"https:\/\/kinit.sk\/wp-content\/uploads\/2024\/11\/202410_Santiago_web.png","datePublished":"2024-11-04T11:54:59+00:00","dateModified":"2024-11-04T11:57:38+00:00","author":{"@id":"https:\/\/kinit.sk\/#\/schema\/person\/8b175aaaf3267b5bbbbb97e4a6db8cea"},"description":"Posledn\u00fd septembrov\u00fd piatok je u\u017e tradi\u010dne venovan\u00fd Eur\u00f3pskej noci vedy. Na tomto podujat\u00ed sa stret\u00e1vaj\u00fa v\u00fdskumn\u00edci a inov\u00e1tori s nad\u0161encami vedy. V\u010faka tak\u00fdmto eventom sa m\u00f4\u017eete stretn\u00fa\u0165 aj s na\u0161imi talentovan\u00fdmi v\u00fdskumn\u00edkmi a doktorantami. Santiago de Leon je jedn\u00fdm z nich. V r\u00e1mci svojho PhD \u0161t\u00fadia sk\u00fama ako pou\u017e\u00edvatelia naviguj\u00fa r\u00f4zne rozhrania podobn\u00e9 Netflixu pomocou sledovania o\u010d\u00ed. Viac o jeho z\u00e1\u017eitkoch z podujatia si m\u00f4\u017eete pre\u010d\u00edta\u0165 v Santiagovom blogu.","breadcrumb":{"@id":"https:\/\/kinit.sk\/sk\/europska_noc_vedy_z_pohladu_nasho_doktoranda\/#breadcrumb"},"inLanguage":"sk-SK","potentialAction":[{"@type":"ReadAction","target":["https:\/\/kinit.sk\/sk\/europska_noc_vedy_z_pohladu_nasho_doktoranda\/"]}]},{"@type":"ImageObject","inLanguage":"sk-SK","@id":"https:\/\/kinit.sk\/sk\/europska_noc_vedy_z_pohladu_nasho_doktoranda\/#primaryimage","url":"https:\/\/kinit.sk\/wp-content\/uploads\/2024\/11\/202410_Santiago_web.png","contentUrl":"https:\/\/kinit.sk\/wp-content\/uploads\/2024\/11\/202410_Santiago_web.png","width":900,"height":471},{"@type":"BreadcrumbList","@id":"https:\/\/kinit.sk\/sk\/europska_noc_vedy_z_pohladu_nasho_doktoranda\/#breadcrumb","itemListElement":[{"@type":"ListItem","position":1,"name":"Home","item":"https:\/\/kinit.sk\/sk\/"},{"@type":"ListItem","position":2,"name":"News","item":"https:\/\/kinit.sk\/category\/news\/"},{"@type":"ListItem","position":3,"name":"Eur\u00f3pska noc vedy z poh\u013eadu n\u00e1\u0161ho doktoranda"}]},{"@type":"WebSite","@id":"https:\/\/kinit.sk\/#website","url":"https:\/\/kinit.sk\/","name":"KInIT","description":"Vyu\u017e\u00edvame v\u00fdskum pre \u013eud\u00ed a priemysel","potentialAction":[{"@type":"SearchAction","target":{"@type":"EntryPoint","urlTemplate":"https:\/\/kinit.sk\/?s={search_term_string}"},"query-input":{"@type":"PropertyValueSpecification","valueRequired":true,"valueName":"search_term_string"}}],"inLanguage":"sk-SK"},{"@type":"Person","@id":"https:\/\/kinit.sk\/#\/schema\/person\/8b175aaaf3267b5bbbbb97e4a6db8cea","name":"Marianna Palkova"}]}},"_links":{"self":[{"href":"https:\/\/kinit.sk\/sk\/wp-json\/wp\/v2\/posts\/34193","targetHints":{"allow":["GET"]}}],"collection":[{"href":"https:\/\/kinit.sk\/sk\/wp-json\/wp\/v2\/posts"}],"about":[{"href":"https:\/\/kinit.sk\/sk\/wp-json\/wp\/v2\/types\/post"}],"author":[{"embeddable":true,"href":"https:\/\/kinit.sk\/sk\/wp-json\/wp\/v2\/users\/26"}],"replies":[{"embeddable":true,"href":"https:\/\/kinit.sk\/sk\/wp-json\/wp\/v2\/comments?post=34193"}],"version-history":[{"count":1,"href":"https:\/\/kinit.sk\/sk\/wp-json\/wp\/v2\/posts\/34193\/revisions"}],"predecessor-version":[{"id":34195,"href":"https:\/\/kinit.sk\/sk\/wp-json\/wp\/v2\/posts\/34193\/revisions\/34195"}],"wp:featuredmedia":[{"embeddable":true,"href":"https:\/\/kinit.sk\/sk\/wp-json\/wp\/v2\/media\/34191"}],"wp:attachment":[{"href":"https:\/\/kinit.sk\/sk\/wp-json\/wp\/v2\/media?parent=34193"}],"wp:term":[{"taxonomy":"category","embeddable":true,"href":"https:\/\/kinit.sk\/sk\/wp-json\/wp\/v2\/categories?post=34193"},{"taxonomy":"post_tag","embeddable":true,"href":"https:\/\/kinit.sk\/sk\/wp-json\/wp\/v2\/tags?post=34193"}],"curies":[{"name":"wp","href":"https:\/\/api.w.org\/{rel}","templated":true}]}}