{"id":34089,"date":"2024-10-24T16:03:51","date_gmt":"2024-10-24T14:03:51","guid":{"rendered":"https:\/\/kinit.sk\/kinit-at-the-european-researchers-night\/"},"modified":"2024-11-04T13:02:03","modified_gmt":"2024-11-04T12:02:03","slug":"kinit-na-europskej-noci-vedy","status":"publish","type":"post","link":"https:\/\/kinit.sk\/sk\/kinit-na-europskej-noci-vedy\/","title":{"rendered":"KInIT na Eur\u00f3pskej noci vedy 2024"},"content":{"rendered":"<div id=\"\" class=\"element core-paragraph\">\n<p><strong>Star\u00e1 tr\u017enica v Bratislave sa 27. septembra stala domovom vedy po\u010das podujatia Eur\u00f3pska noc vedy. Ide o najv\u00e4\u010d\u0161\u00ed festival vedy na Slovensku, ktor\u00fd in\u0161pirat\u00edvnym a jedine\u010dn\u00fdm sp\u00f4sobom sp\u00e1ja v\u00fdskumn\u00edkov a inov\u00e1torov s verejnos\u0165ou. Festival sa tradi\u010dne kon\u00e1 posledn\u00fd septembrov\u00fd piatok v Bratislave, Ko\u0161iciach, Banskej Bystrici, \u017diline, Poprade a \u010fal\u0161\u00edch sprievodn\u00fdch lokalit\u00e1ch. Celodenn\u00fd program pon\u00faka s\u00e9riu vedeck\u00fdch prezent\u00e1ci\u00ed, diskusi\u00ed, workshopov a \u010fal\u0161\u00edch aktiv\u00edt.<\/strong><\/p>\n<\/div>\n\n<div id=\"\" class=\"element core-paragraph\">\n<p>Sme v\u010fa\u010dn\u00ed, \u017ee sa rok \u010do rok m\u00f4\u017eeme z\u00fa\u010dastni\u0165 tohto podujatia a v\u017edy sa v\u00fdborne bav\u00edme! Aj tento rok bol KInIT akt\u00edvnou s\u00fa\u010das\u0165ou programu na hlavnom p\u00f3diu. N\u00e1\u0161 v\u00fdskumn\u00edk a ved\u00faci t\u00edmu NLP <a href=\"https:\/\/kinit.sk\/sk\/clen\/marian-simko\/\">Mari\u00e1n \u0160imko<\/a> otvoril podujatie predn\u00e1\u0161kou o chatbotoch a v\u00fdvoji umelej inteligencie. Po\u010das jeho vyst\u00fapenia hovoril aj o n\u00e1strah\u00e1ch pri vyu\u017e\u00edvan\u00ed chatbotov. Okrem toho spomenul aj probl\u00e9m \u0161\u00edrenia dezinform\u00e1ci\u00ed na soci\u00e1lnych sie\u0165ach a strat\u00e9gie, ako sa im vyhn\u00fa\u0165.<\/p>\n<\/div>\n\n<div id=\"\" class=\"element core-paragraph\">\n<p>Jednou z prior\u00edt n\u00e1\u0161ho in\u0161tit\u00fatu je aj vzdel\u00e1vanie mlad\u00fdch \u013eud\u00ed v oblasti modern\u00fdch technol\u00f3gi\u00ed a syst\u00e9mov umelej inteligencie. Preto n\u00e1s pote\u0161ilo, \u017ee publikum tvorili najm\u00e4 \u0161tudenti, ktor\u00ed vytvorili vesel\u00fa&nbsp; a in\u0161pirat\u00edvnu atmosf\u00e9ru. \u010eakujeme im za akt\u00edvnu \u00fa\u010das\u0165 po\u010das celej predn\u00e1\u0161ky.<\/p>\n<\/div>\n\n<div id=\"\" class=\"element core-image\">\n<figure class=\"wp-block-image size-large is-resized\"><img decoding=\"async\" width=\"1024\" height=\"1024\" data-src=\"https:\/\/kinit.sk\/wp-content\/uploads\/2024\/10\/202410_noc_vedy_foto_post_6-1024x1024.png\" alt=\"\" class=\"wp-image-34078 lazyload\" style=\"--smush-placeholder-width: 1024px; --smush-placeholder-aspect-ratio: 1024\/1024;width:749px\" data-srcset=\"https:\/\/kinit.sk\/wp-content\/uploads\/2024\/10\/202410_noc_vedy_foto_post_6-1024x1024.png 1024w, https:\/\/kinit.sk\/wp-content\/uploads\/2024\/10\/202410_noc_vedy_foto_post_6-300x300.png 300w, https:\/\/kinit.sk\/wp-content\/uploads\/2024\/10\/202410_noc_vedy_foto_post_6-768x768.png 768w, https:\/\/kinit.sk\/wp-content\/uploads\/2024\/10\/202410_noc_vedy_foto_post_6-150x150.png 150w, https:\/\/kinit.sk\/wp-content\/uploads\/2024\/10\/202410_noc_vedy_foto_post_6.png 1080w\" data-sizes=\"(max-width: 1024px) 100vw, 1024px\" src=\"data:image\/svg+xml;base64,PHN2ZyB3aWR0aD0iMSIgaGVpZ2h0PSIxIiB4bWxucz0iaHR0cDovL3d3dy53My5vcmcvMjAwMC9zdmciPjwvc3ZnPg==\" \/><\/figure>\n<\/div>\n\n<div id=\"\" class=\"element core-paragraph\">\n<p>O umelej inteligencii sme sa rozpr\u00e1vali aj mimo p\u00f3dia, na\u0161a v\u00fdskumn\u00ed\u010dka <a href=\"https:\/\/kinit.sk\/sk\/clen\/andrea-hrckova\/\">Andrea Hr\u010dkov\u00e1<\/a> zorganizovala pre n\u00e1v\u0161tevn\u00edkov workshop kritick\u00e9ho myslenia. Pripravili sme si v\u00fdzvu, s ktorou sa profesion\u00e1lni fact-checkeri stret\u00e1vaj\u00fa ka\u017ed\u00fd de\u0148: \u201c<em>Je tento \u010dl\u00e1nok pravdiv\u00fd? V \u010dom sa m\u00fdli?\u201d <\/em>V\u0161etci \u00fa\u010dastn\u00edci pracovali v t\u00edmoch a na hodnotenie pou\u017e\u00edvali ve\u013ek\u00e9 jazykov\u00e9 modely. T\u00e1to interakt\u00edvna aktivita viedla k anal\u00fdze v\u00fdsledkov pomocou n\u00e1stroja pre profesion\u00e1lnych fact-checkerov.<\/p>\n<\/div>\n\n<div id=\"\" class=\"element core-image\">\n<figure class=\"wp-block-image size-large is-resized\"><img decoding=\"async\" width=\"1024\" height=\"1024\" data-src=\"https:\/\/kinit.sk\/wp-content\/uploads\/2024\/10\/202410_noc_vedy_foto_post_2-1024x1024.png\" alt=\"\" class=\"wp-image-34080 lazyload\" style=\"--smush-placeholder-width: 1024px; --smush-placeholder-aspect-ratio: 1024\/1024;width:749px\" data-srcset=\"https:\/\/kinit.sk\/wp-content\/uploads\/2024\/10\/202410_noc_vedy_foto_post_2-1024x1024.png 1024w, https:\/\/kinit.sk\/wp-content\/uploads\/2024\/10\/202410_noc_vedy_foto_post_2-300x300.png 300w, https:\/\/kinit.sk\/wp-content\/uploads\/2024\/10\/202410_noc_vedy_foto_post_2-768x768.png 768w, https:\/\/kinit.sk\/wp-content\/uploads\/2024\/10\/202410_noc_vedy_foto_post_2-150x150.png 150w, https:\/\/kinit.sk\/wp-content\/uploads\/2024\/10\/202410_noc_vedy_foto_post_2.png 1080w\" data-sizes=\"(max-width: 1024px) 100vw, 1024px\" src=\"data:image\/svg+xml;base64,PHN2ZyB3aWR0aD0iMSIgaGVpZ2h0PSIxIiB4bWxucz0iaHR0cDovL3d3dy53My5vcmcvMjAwMC9zdmciPjwvc3ZnPg==\" \/><\/figure>\n<\/div>\n\n<div id=\"\" class=\"element core-paragraph\">\n<p>St\u00e1nok KInITu naplnil v\u00fdskumn\u00edcky duch a pon\u00fakol n\u00e1v\u0161tevn\u00edkom mo\u017enos\u0165 presk\u00fama\u0165 a vysk\u00fa\u0161a\u0165 si \u0161irok\u00fa \u0161k\u00e1lu na\u0161ich aktiv\u00edt, ako napr\u00edklad: slovn\u00fa hru: <a href=\"https:\/\/hadai.kinit.sk\/game\" target=\"_blank\" rel=\"noreferrer noopener\">H\u00e1dAI<\/a>, n\u00e1stroj na automatick\u00e9 dop\u013a\u0148anie diakritiky pomocou umelej inteligencie <a href=\"https:\/\/diakritikovac.kinit.sk\/\" target=\"_blank\" rel=\"noreferrer noopener\">Diakritikova\u010d<\/a>, n\u00e1stroj na vyh\u013ead\u00e1vanie u\u017e overen\u00fdch faktov <a href=\"https:\/\/fact-check-finder.kinit.sk\/search\/q\" target=\"_blank\" rel=\"noreferrer noopener\">Fact-checker finder<\/a>, <a href=\"https:\/\/huggingface.co\/spaces\/DominikMacko\/KInIT_Multilingual_Machine-Generated_Text_Detector\" target=\"_blank\" rel=\"noreferrer noopener\">detektor generovan\u00e9ho textu<\/a> alebo n\u00e1stroj na vytvorenie pr\u00edspevku na soci\u00e1lnych sie\u0165ach z v\u00fdskumn\u00e9ho \u010dl\u00e1nku <a href=\"https:\/\/demo.quickrepost.kinit.sk\/\" target=\"_blank\" rel=\"noreferrer noopener\">Quickrepost<\/a>. Nad\u0161encov AI zauj\u00edmalo aj to, ak\u00e9 je to pracova\u0165 v na\u0161om in\u0161tit\u00fate, mo\u017enosti st\u00e1\u017e\u00ed a inform\u00e1cie o na\u0161ich eur\u00f3pskych projektoch.<\/p>\n<\/div>\n\n<div id=\"\" class=\"element core-image\">\n<figure class=\"wp-block-image size-large is-resized\"><img decoding=\"async\" width=\"1024\" height=\"1024\" data-src=\"https:\/\/kinit.sk\/wp-content\/uploads\/2024\/10\/202410_noc_vedy_foto_post_5-1024x1024.png\" alt=\"\" class=\"wp-image-34082 lazyload\" style=\"--smush-placeholder-width: 1024px; --smush-placeholder-aspect-ratio: 1024\/1024;width:749px\" data-srcset=\"https:\/\/kinit.sk\/wp-content\/uploads\/2024\/10\/202410_noc_vedy_foto_post_5-1024x1024.png 1024w, https:\/\/kinit.sk\/wp-content\/uploads\/2024\/10\/202410_noc_vedy_foto_post_5-300x300.png 300w, https:\/\/kinit.sk\/wp-content\/uploads\/2024\/10\/202410_noc_vedy_foto_post_5-768x768.png 768w, https:\/\/kinit.sk\/wp-content\/uploads\/2024\/10\/202410_noc_vedy_foto_post_5-150x150.png 150w, https:\/\/kinit.sk\/wp-content\/uploads\/2024\/10\/202410_noc_vedy_foto_post_5.png 1080w\" data-sizes=\"(max-width: 1024px) 100vw, 1024px\" src=\"data:image\/svg+xml;base64,PHN2ZyB3aWR0aD0iMSIgaGVpZ2h0PSIxIiB4bWxucz0iaHR0cDovL3d3dy53My5vcmcvMjAwMC9zdmciPjwvc3ZnPg==\" \/><\/figure>\n<\/div>\n\n<div id=\"\" class=\"element core-image\">\n<figure class=\"wp-block-image size-large is-resized\"><img decoding=\"async\" width=\"1024\" height=\"759\" data-src=\"https:\/\/kinit.sk\/wp-content\/uploads\/2024\/10\/20240927_114240-1024x759.jpg\" alt=\"\" class=\"wp-image-34084 lazyload\" style=\"--smush-placeholder-width: 1024px; --smush-placeholder-aspect-ratio: 1024\/759;width:749px\" data-srcset=\"https:\/\/kinit.sk\/wp-content\/uploads\/2024\/10\/20240927_114240-1024x759.jpg 1024w, https:\/\/kinit.sk\/wp-content\/uploads\/2024\/10\/20240927_114240-300x222.jpg 300w, https:\/\/kinit.sk\/wp-content\/uploads\/2024\/10\/20240927_114240-768x569.jpg 768w, https:\/\/kinit.sk\/wp-content\/uploads\/2024\/10\/20240927_114240-1536x1138.jpg 1536w, https:\/\/kinit.sk\/wp-content\/uploads\/2024\/10\/20240927_114240-2048x1517.jpg 2048w\" data-sizes=\"(max-width: 1024px) 100vw, 1024px\" src=\"data:image\/svg+xml;base64,PHN2ZyB3aWR0aD0iMSIgaGVpZ2h0PSIxIiB4bWxucz0iaHR0cDovL3d3dy53My5vcmcvMjAwMC9zdmciPjwvc3ZnPg==\" \/><\/figure>\n<\/div>\n\n<div id=\"\" class=\"element core-paragraph\">\n<p>Eur\u00f3pska noc v\u00fdskumn\u00edkov je skvel\u00fdm priestorom na odprezentovanie na\u0161ich v\u00fdskumn\u00fdch projektov. Na\u0161i v\u00fdskumn\u00edci hovorili o ich prelomov\u00fdch objavoch v t\u00fdchto projektoch:<\/p>\n<\/div>\n\n<div id=\"\" class=\"element core-list\">\n<ul class=\"wp-block-list\"><div id=\"\" class=\"element core-list-item\">\n<li><a href=\"https:\/\/kinit.sk\/project\/cedmo-2-0-central-european-digital-media-observatory\/\">CEDMO 2.0<\/a> vyu\u017e\u00edva umel\u00fa inteligenciu na rie\u0161enie informa\u010dn\u00e9ho chaosu v \u010ceskej republike, Po\u013esku a na Slovensku.<\/li>\n<\/div>\n\n<div id=\"\" class=\"element core-list-item\">\n<li><a href=\"https:\/\/kinit.sk\/project\/ai-auditology-social-media-ai-algorithms-auditing\/\">AI-Auditology<\/a>, ktor\u00e9ho cie\u013eom je vytvori\u0165 v\u00fdkonn\u00fd n\u00e1stroj na monitorovanie a vyhodnocovanie toho, ako soci\u00e1lne m\u00e9di\u00e1 sprac\u00favaj\u00fa \u0161kodliv\u00fd obsah.<\/li>\n<\/div>\n\n<div id=\"\" class=\"element core-list-item\">\n<li><a href=\"https:\/\/kinit.sk\/project\/ai-code\/\">AI-CODE<\/a> vyv\u00edja ekosyst\u00e9m pokro\u010dil\u00fdch n\u00e1strojov zalo\u017een\u00fdch na umelej inteligencii, ktor\u00e9 pom\u00e1haj\u00fa medi\u00e1lnym profesion\u00e1lom orientova\u0165 sa a prosperova\u0165 v digit\u00e1lnom veku.<\/li>\n<\/div>\n\n<div id=\"\" class=\"element core-list-item\">\n<li><a href=\"https:\/\/kinit.sk\/project\/vera-ai-verification-assisted-by-artificial-intelligence\/\">Vera.ai<\/a> sa zameriava na boj proti falo\u0161n\u00fdm inform\u00e1ci\u00e1m t\u00fdm, \u017ee sa orientuje na r\u00f4zne druhy obsahu s ve\u013ek\u00fdm d\u00f4razom na kontext a vz\u0165ahy medzi nimi.<\/li>\n<\/div>\n\n<div id=\"\" class=\"element core-list-item\">\n<li>Projekt <a href=\"https:\/\/kinit.sk\/project\/vigilant-vital-intelligence-to-investigate-illegal-disinformation\/\">VIGILANT<\/a> vyu\u017e\u00edva met\u00f3dy zberu \u00fadajov a anal\u00fdzy webov\u00e9ho obsahu na b\u00e1ze umelej inteligencie na podporu policajn\u00fdch org\u00e1nov pri vy\u0161etrovan\u00ed trestn\u00fdch \u010dinov s\u00favisiacich s dezinform\u00e1ciami.<\/li>\n<\/div>\n\n<div id=\"\" class=\"element core-list-item\">\n<li><a href=\"https:\/\/kinit.sk\/project\/eyes4icu-eyes-for-information-communication-and-understanding\/\">Eyes4ICU<\/a> je doktorandsk\u00e1 sie\u0165 siedmich univerz\u00edt a v\u00fdskumn\u00fdch in\u0161tit\u00faci\u00ed, ktor\u00e1 \u0161kol\u00ed 12 doktorandov.<\/li>\n<\/div>\n\n<div id=\"\" class=\"element core-list-item\">\n<li>N\u00e1\u0161 projekt <a href=\"https:\/\/kinit.sk\/project\/hopero-ai-european-digital-innovation-hub\/\">Hopero.ai<\/a> podporuje digit\u00e1lnu transform\u00e1ciu slovensk\u00fdch podnikov prostredn\u00edctvom technol\u00f3gi\u00ed umelej inteligencie.<\/li>\n<\/div>\n\n<div id=\"\" class=\"element core-list-item\">\n<li><a href=\"https:\/\/kinit.sk\/project\/exu-ai-models-for-examining-multilingual-disinformation-narratives-and-understanding-their-spread\/\">ExU<\/a> je iniciat\u00edva zameran\u00e1 na v\u00fdvoj modelov zalo\u017een\u00fdch na umelej inteligencii na anal\u00fdzu a rie\u0161enie online dezinform\u00e1ci\u00ed vo viacer\u00fdch jazykoch.<\/li>\n<\/div>\n\n<div id=\"\" class=\"element core-list-item\">\n<li><a href=\"https:\/\/kinit.sk\/project\/alfie-enhancing-ethical-ai-through-dialogue-and-innovation\/\">ALFIE<\/a> sa venuje sk\u00famaniu ot\u00e1zok s\u00favisiacich s v\u00fdvojom a nasaden\u00edm pokro\u010dil\u00fdch syst\u00e9mov AI s d\u00f4razom na automatizovan\u00e9 strojov\u00e9 u\u010denie (AutoML) a jeho vplyv na r\u00f4zne oblasti \u017eivota.<\/li>\n<\/div>\n\n<div id=\"\" class=\"element core-list-item\">\n<li>Cie\u013eom inovat\u00edvneho medzin\u00e1rodn\u00e9ho projektu <a href=\"https:\/\/kinit.sk\/project\/v4grid-the-visegrad-group-for-vehicle-to-x\/\">V4Grid<\/a> je optimalizova\u0165 vyu\u017e\u00edvanie energie ulo\u017eenej v bat\u00e9ri\u00e1ch elektrick\u00fdch vozidiel pre slu\u017eby typu V2X, \u010d\u00edm prispieva k udr\u017eate\u013enej\u0161iemu a efekt\u00edvnej\u0161iemu energetick\u00e9mu ekosyst\u00e9mu.<\/li>\n<\/div>\n\n<div id=\"\" class=\"element core-list-item\">\n<li><a href=\"https:\/\/kinit.sk\/project\/disai-improving-scientific-excellence-of-kinit\/\">DisAI<\/a> posil\u0148uje vedeck\u00fa excelentnos\u0165 KInITu v oblasti umelej inteligencie a jazykov\u00fdch technol\u00f3gi\u00ed na boj proti dezinform\u00e1ci\u00e1m.<\/li>\n<\/div>\n\n<div id=\"\" class=\"element core-list-item\">\n<li><a href=\"https:\/\/kinit.sk\/project\/ai4europe-the-unified-platform-for-boosting-european-ai-academic-and-industrial-research\/\">AI4Europe<\/a> je jednotn\u00e1 platforma na podporu eur\u00f3pskeho akademick\u00e9ho a priemyseln\u00e9ho v\u00fdskumu v oblasti umelej inteligencie.<\/li>\n<\/div><\/ul>\n<\/div>\n\n<div id=\"\" class=\"element core-paragraph\">\n<p>Organiz\u00e1torom \u010fakujeme za podporu vedy a v\u00fdskumu na Slovensku a v\u0161etk\u00fdm n\u00e1v\u0161tevn\u00edkom za ich z\u00e1ujem o na\u0161u pr\u00e1cu. U\u017e teraz sa nevieme do\u010dka\u0165, ako spolu osl\u00e1vime Eur\u00f3psku noc vedy op\u00e4\u0165 o rok!<\/p>\n<\/div>","protected":false},"excerpt":{"rendered":"<p>Star\u00e1 tr\u017enica v Bratislave sa 27. septembra stala domovom vedy po\u010das podujatia Eur\u00f3pska noc vedy. Ide o najv\u00e4\u010d\u0161\u00ed festival vedy na Slovensku, ktor\u00fd in\u0161pirat\u00edvnym a jedine\u010dn\u00fdm sp\u00f4sobom sp\u00e1ja v\u00fdskumn\u00edkov a&#8230;<\/p>\n","protected":false},"author":26,"featured_media":34087,"comment_status":"closed","ping_status":"closed","sticky":false,"template":"","format":"standard","meta":{"_acf_changed":false,"footnotes":""},"categories":[83,442],"tags":[250,511],"class_list":["post-34089","post","type-post","status-publish","format-standard","has-post-thumbnail","hentry","category-news-sk","category-2024-sk","tag-pop-science-2-sk","tag-podujatie-promo"],"acf":[],"yoast_head":"<!-- This site is optimized with the Yoast SEO plugin v27.4 - https:\/\/yoast.com\/product\/yoast-seo-wordpress\/ -->\n<title>KInIT na Eur\u00f3pskej noci vedy 2024 - KInIT<\/title>\n<meta name=\"description\" content=\"Star\u00e1 tr\u017enica v Bratislave sa 27. septembra stala domovom vedy po\u010das podujatia Eur\u00f3pska noc vedy. Ide o najv\u00e4\u010d\u0161\u00ed festival vedy na Slovensku, ktor\u00fd in\u0161pirat\u00edvnym a jedine\u010dn\u00fdm sp\u00f4sobom sp\u00e1ja v\u00fdskumn\u00edkov a inov\u00e1torov s verejnos\u0165ou. Festival sa tradi\u010dne kon\u00e1 posledn\u00fd septembrov\u00fd piatok v Bratislave, Ko\u0161iciach, Banskej Bystrici, \u017diline, Poprade a \u010fal\u0161\u00edch sprievodn\u00fdch lokalit\u00e1ch. Celodenn\u00fd program pon\u00faka s\u00e9riu vedeck\u00fdch prezent\u00e1ci\u00ed, diskusi\u00ed, workshopov a \u010fal\u0161\u00edch aktiv\u00edt.\" \/>\n<meta name=\"robots\" content=\"index, follow, max-snippet:-1, max-image-preview:large, max-video-preview:-1\" \/>\n<link rel=\"canonical\" href=\"https:\/\/kinit.sk\/sk\/kinit-na-europskej-noci-vedy\/\" \/>\n<meta property=\"og:locale\" content=\"sk_SK\" \/>\n<meta property=\"og:type\" content=\"article\" \/>\n<meta property=\"og:title\" content=\"KInIT na Eur\u00f3pskej noci vedy 2024 - KInIT\" \/>\n<meta property=\"og:description\" content=\"Star\u00e1 tr\u017enica v Bratislave sa 27. septembra stala domovom vedy po\u010das podujatia Eur\u00f3pska noc vedy. Ide o najv\u00e4\u010d\u0161\u00ed festival vedy na Slovensku, ktor\u00fd in\u0161pirat\u00edvnym a jedine\u010dn\u00fdm sp\u00f4sobom sp\u00e1ja v\u00fdskumn\u00edkov a inov\u00e1torov s verejnos\u0165ou. Festival sa tradi\u010dne kon\u00e1 posledn\u00fd septembrov\u00fd piatok v Bratislave, Ko\u0161iciach, Banskej Bystrici, \u017diline, Poprade a \u010fal\u0161\u00edch sprievodn\u00fdch lokalit\u00e1ch. Celodenn\u00fd program pon\u00faka s\u00e9riu vedeck\u00fdch prezent\u00e1ci\u00ed, diskusi\u00ed, workshopov a \u010fal\u0161\u00edch aktiv\u00edt.\" \/>\n<meta property=\"og:url\" content=\"https:\/\/kinit.sk\/sk\/kinit-na-europskej-noci-vedy\/\" \/>\n<meta property=\"og:site_name\" content=\"KInIT\" \/>\n<meta property=\"article:published_time\" content=\"2024-10-24T14:03:51+00:00\" \/>\n<meta property=\"article:modified_time\" content=\"2024-11-04T12:02:03+00:00\" \/>\n<meta property=\"og:image\" content=\"https:\/\/kinit.sk\/wp-content\/uploads\/2024\/10\/202410_noc_vedy_feature.png\" \/>\n\t<meta property=\"og:image:width\" content=\"1500\" \/>\n\t<meta property=\"og:image:height\" content=\"785\" \/>\n\t<meta property=\"og:image:type\" content=\"image\/png\" \/>\n<meta name=\"author\" content=\"Marianna Palkova\" \/>\n<meta name=\"twitter:card\" content=\"summary_large_image\" \/>\n<meta name=\"twitter:creator\" content=\"@kinit\" \/>\n<meta name=\"twitter:site\" content=\"@kinit\" \/>\n<meta name=\"twitter:label1\" content=\"Autor\" \/>\n\t<meta name=\"twitter:data1\" content=\"Marianna Palkova\" \/>\n\t<meta name=\"twitter:label2\" content=\"Predpokladan\u00fd \u010das \u010d\u00edtania\" \/>\n\t<meta name=\"twitter:data2\" content=\"4 min\u00faty\" \/>\n<script type=\"application\/ld+json\" class=\"yoast-schema-graph\">{\"@context\":\"https:\\\/\\\/schema.org\",\"@graph\":[{\"@type\":\"Article\",\"@id\":\"https:\\\/\\\/kinit.sk\\\/sk\\\/kinit-na-europskej-noci-vedy\\\/#article\",\"isPartOf\":{\"@id\":\"https:\\\/\\\/kinit.sk\\\/sk\\\/kinit-na-europskej-noci-vedy\\\/\"},\"author\":{\"name\":\"Marianna Palkova\",\"@id\":\"https:\\\/\\\/kinit.sk\\\/#\\\/schema\\\/person\\\/8b175aaaf3267b5bbbbb97e4a6db8cea\"},\"headline\":\"KInIT na Eur\u00f3pskej noci vedy 2024\",\"datePublished\":\"2024-10-24T14:03:51+00:00\",\"dateModified\":\"2024-11-04T12:02:03+00:00\",\"mainEntityOfPage\":{\"@id\":\"https:\\\/\\\/kinit.sk\\\/sk\\\/kinit-na-europskej-noci-vedy\\\/\"},\"wordCount\":863,\"image\":{\"@id\":\"https:\\\/\\\/kinit.sk\\\/sk\\\/kinit-na-europskej-noci-vedy\\\/#primaryimage\"},\"thumbnailUrl\":\"https:\\\/\\\/kinit.sk\\\/wp-content\\\/uploads\\\/2024\\\/10\\\/202410_noc_vedy_feature.png\",\"keywords\":[\"pop science\",\"podujatie\"],\"articleSection\":[\"News\",\"2024\"],\"inLanguage\":\"sk-SK\"},{\"@type\":\"WebPage\",\"@id\":\"https:\\\/\\\/kinit.sk\\\/sk\\\/kinit-na-europskej-noci-vedy\\\/\",\"url\":\"https:\\\/\\\/kinit.sk\\\/sk\\\/kinit-na-europskej-noci-vedy\\\/\",\"name\":\"KInIT na Eur\u00f3pskej noci vedy 2024 - KInIT\",\"isPartOf\":{\"@id\":\"https:\\\/\\\/kinit.sk\\\/#website\"},\"primaryImageOfPage\":{\"@id\":\"https:\\\/\\\/kinit.sk\\\/sk\\\/kinit-na-europskej-noci-vedy\\\/#primaryimage\"},\"image\":{\"@id\":\"https:\\\/\\\/kinit.sk\\\/sk\\\/kinit-na-europskej-noci-vedy\\\/#primaryimage\"},\"thumbnailUrl\":\"https:\\\/\\\/kinit.sk\\\/wp-content\\\/uploads\\\/2024\\\/10\\\/202410_noc_vedy_feature.png\",\"datePublished\":\"2024-10-24T14:03:51+00:00\",\"dateModified\":\"2024-11-04T12:02:03+00:00\",\"author\":{\"@id\":\"https:\\\/\\\/kinit.sk\\\/#\\\/schema\\\/person\\\/8b175aaaf3267b5bbbbb97e4a6db8cea\"},\"description\":\"Star\u00e1 tr\u017enica v Bratislave sa 27. septembra stala domovom vedy po\u010das podujatia Eur\u00f3pska noc vedy. Ide o najv\u00e4\u010d\u0161\u00ed festival vedy na Slovensku, ktor\u00fd in\u0161pirat\u00edvnym a jedine\u010dn\u00fdm sp\u00f4sobom sp\u00e1ja v\u00fdskumn\u00edkov a inov\u00e1torov s verejnos\u0165ou. Festival sa tradi\u010dne kon\u00e1 posledn\u00fd septembrov\u00fd piatok v Bratislave, Ko\u0161iciach, Banskej Bystrici, \u017diline, Poprade a \u010fal\u0161\u00edch sprievodn\u00fdch lokalit\u00e1ch. Celodenn\u00fd program pon\u00faka s\u00e9riu vedeck\u00fdch prezent\u00e1ci\u00ed, diskusi\u00ed, workshopov a \u010fal\u0161\u00edch aktiv\u00edt.\",\"breadcrumb\":{\"@id\":\"https:\\\/\\\/kinit.sk\\\/sk\\\/kinit-na-europskej-noci-vedy\\\/#breadcrumb\"},\"inLanguage\":\"sk-SK\",\"potentialAction\":[{\"@type\":\"ReadAction\",\"target\":[\"https:\\\/\\\/kinit.sk\\\/sk\\\/kinit-na-europskej-noci-vedy\\\/\"]}]},{\"@type\":\"ImageObject\",\"inLanguage\":\"sk-SK\",\"@id\":\"https:\\\/\\\/kinit.sk\\\/sk\\\/kinit-na-europskej-noci-vedy\\\/#primaryimage\",\"url\":\"https:\\\/\\\/kinit.sk\\\/wp-content\\\/uploads\\\/2024\\\/10\\\/202410_noc_vedy_feature.png\",\"contentUrl\":\"https:\\\/\\\/kinit.sk\\\/wp-content\\\/uploads\\\/2024\\\/10\\\/202410_noc_vedy_feature.png\",\"width\":1500,\"height\":785},{\"@type\":\"BreadcrumbList\",\"@id\":\"https:\\\/\\\/kinit.sk\\\/sk\\\/kinit-na-europskej-noci-vedy\\\/#breadcrumb\",\"itemListElement\":[{\"@type\":\"ListItem\",\"position\":1,\"name\":\"Home\",\"item\":\"https:\\\/\\\/kinit.sk\\\/sk\\\/\"},{\"@type\":\"ListItem\",\"position\":2,\"name\":\"2024\",\"item\":\"https:\\\/\\\/kinit.sk\\\/sk\\\/category\\\/2024-sk\\\/\"},{\"@type\":\"ListItem\",\"position\":3,\"name\":\"KInIT na Eur\u00f3pskej noci vedy 2024\"}]},{\"@type\":\"WebSite\",\"@id\":\"https:\\\/\\\/kinit.sk\\\/#website\",\"url\":\"https:\\\/\\\/kinit.sk\\\/\",\"name\":\"KInIT\",\"description\":\"Vyu\u017e\u00edvame v\u00fdskum pre \u013eud\u00ed a priemysel\",\"potentialAction\":[{\"@type\":\"SearchAction\",\"target\":{\"@type\":\"EntryPoint\",\"urlTemplate\":\"https:\\\/\\\/kinit.sk\\\/?s={search_term_string}\"},\"query-input\":{\"@type\":\"PropertyValueSpecification\",\"valueRequired\":true,\"valueName\":\"search_term_string\"}}],\"inLanguage\":\"sk-SK\"},{\"@type\":\"Person\",\"@id\":\"https:\\\/\\\/kinit.sk\\\/#\\\/schema\\\/person\\\/8b175aaaf3267b5bbbbb97e4a6db8cea\",\"name\":\"Marianna Palkova\"}]}<\/script>\n<!-- \/ Yoast SEO plugin. -->","yoast_head_json":{"title":"KInIT na Eur\u00f3pskej noci vedy 2024 - KInIT","description":"Star\u00e1 tr\u017enica v Bratislave sa 27. septembra stala domovom vedy po\u010das podujatia Eur\u00f3pska noc vedy. Ide o najv\u00e4\u010d\u0161\u00ed festival vedy na Slovensku, ktor\u00fd in\u0161pirat\u00edvnym a jedine\u010dn\u00fdm sp\u00f4sobom sp\u00e1ja v\u00fdskumn\u00edkov a inov\u00e1torov s verejnos\u0165ou. Festival sa tradi\u010dne kon\u00e1 posledn\u00fd septembrov\u00fd piatok v Bratislave, Ko\u0161iciach, Banskej Bystrici, \u017diline, Poprade a \u010fal\u0161\u00edch sprievodn\u00fdch lokalit\u00e1ch. Celodenn\u00fd program pon\u00faka s\u00e9riu vedeck\u00fdch prezent\u00e1ci\u00ed, diskusi\u00ed, workshopov a \u010fal\u0161\u00edch aktiv\u00edt.","robots":{"index":"index","follow":"follow","max-snippet":"max-snippet:-1","max-image-preview":"max-image-preview:large","max-video-preview":"max-video-preview:-1"},"canonical":"https:\/\/kinit.sk\/sk\/kinit-na-europskej-noci-vedy\/","og_locale":"sk_SK","og_type":"article","og_title":"KInIT na Eur\u00f3pskej noci vedy 2024 - KInIT","og_description":"Star\u00e1 tr\u017enica v Bratislave sa 27. septembra stala domovom vedy po\u010das podujatia Eur\u00f3pska noc vedy. Ide o najv\u00e4\u010d\u0161\u00ed festival vedy na Slovensku, ktor\u00fd in\u0161pirat\u00edvnym a jedine\u010dn\u00fdm sp\u00f4sobom sp\u00e1ja v\u00fdskumn\u00edkov a inov\u00e1torov s verejnos\u0165ou. Festival sa tradi\u010dne kon\u00e1 posledn\u00fd septembrov\u00fd piatok v Bratislave, Ko\u0161iciach, Banskej Bystrici, \u017diline, Poprade a \u010fal\u0161\u00edch sprievodn\u00fdch lokalit\u00e1ch. Celodenn\u00fd program pon\u00faka s\u00e9riu vedeck\u00fdch prezent\u00e1ci\u00ed, diskusi\u00ed, workshopov a \u010fal\u0161\u00edch aktiv\u00edt.","og_url":"https:\/\/kinit.sk\/sk\/kinit-na-europskej-noci-vedy\/","og_site_name":"KInIT","article_published_time":"2024-10-24T14:03:51+00:00","article_modified_time":"2024-11-04T12:02:03+00:00","og_image":[{"width":1500,"height":785,"url":"https:\/\/kinit.sk\/wp-content\/uploads\/2024\/10\/202410_noc_vedy_feature.png","type":"image\/png"}],"author":"Marianna Palkova","twitter_card":"summary_large_image","twitter_creator":"@kinit","twitter_site":"@kinit","twitter_misc":{"Autor":"Marianna Palkova","Predpokladan\u00fd \u010das \u010d\u00edtania":"4 min\u00faty"},"schema":{"@context":"https:\/\/schema.org","@graph":[{"@type":"Article","@id":"https:\/\/kinit.sk\/sk\/kinit-na-europskej-noci-vedy\/#article","isPartOf":{"@id":"https:\/\/kinit.sk\/sk\/kinit-na-europskej-noci-vedy\/"},"author":{"name":"Marianna Palkova","@id":"https:\/\/kinit.sk\/#\/schema\/person\/8b175aaaf3267b5bbbbb97e4a6db8cea"},"headline":"KInIT na Eur\u00f3pskej noci vedy 2024","datePublished":"2024-10-24T14:03:51+00:00","dateModified":"2024-11-04T12:02:03+00:00","mainEntityOfPage":{"@id":"https:\/\/kinit.sk\/sk\/kinit-na-europskej-noci-vedy\/"},"wordCount":863,"image":{"@id":"https:\/\/kinit.sk\/sk\/kinit-na-europskej-noci-vedy\/#primaryimage"},"thumbnailUrl":"https:\/\/kinit.sk\/wp-content\/uploads\/2024\/10\/202410_noc_vedy_feature.png","keywords":["pop science","podujatie"],"articleSection":["News","2024"],"inLanguage":"sk-SK"},{"@type":"WebPage","@id":"https:\/\/kinit.sk\/sk\/kinit-na-europskej-noci-vedy\/","url":"https:\/\/kinit.sk\/sk\/kinit-na-europskej-noci-vedy\/","name":"KInIT na Eur\u00f3pskej noci vedy 2024 - KInIT","isPartOf":{"@id":"https:\/\/kinit.sk\/#website"},"primaryImageOfPage":{"@id":"https:\/\/kinit.sk\/sk\/kinit-na-europskej-noci-vedy\/#primaryimage"},"image":{"@id":"https:\/\/kinit.sk\/sk\/kinit-na-europskej-noci-vedy\/#primaryimage"},"thumbnailUrl":"https:\/\/kinit.sk\/wp-content\/uploads\/2024\/10\/202410_noc_vedy_feature.png","datePublished":"2024-10-24T14:03:51+00:00","dateModified":"2024-11-04T12:02:03+00:00","author":{"@id":"https:\/\/kinit.sk\/#\/schema\/person\/8b175aaaf3267b5bbbbb97e4a6db8cea"},"description":"Star\u00e1 tr\u017enica v Bratislave sa 27. septembra stala domovom vedy po\u010das podujatia Eur\u00f3pska noc vedy. Ide o najv\u00e4\u010d\u0161\u00ed festival vedy na Slovensku, ktor\u00fd in\u0161pirat\u00edvnym a jedine\u010dn\u00fdm sp\u00f4sobom sp\u00e1ja v\u00fdskumn\u00edkov a inov\u00e1torov s verejnos\u0165ou. Festival sa tradi\u010dne kon\u00e1 posledn\u00fd septembrov\u00fd piatok v Bratislave, Ko\u0161iciach, Banskej Bystrici, \u017diline, Poprade a \u010fal\u0161\u00edch sprievodn\u00fdch lokalit\u00e1ch. Celodenn\u00fd program pon\u00faka s\u00e9riu vedeck\u00fdch prezent\u00e1ci\u00ed, diskusi\u00ed, workshopov a \u010fal\u0161\u00edch aktiv\u00edt.","breadcrumb":{"@id":"https:\/\/kinit.sk\/sk\/kinit-na-europskej-noci-vedy\/#breadcrumb"},"inLanguage":"sk-SK","potentialAction":[{"@type":"ReadAction","target":["https:\/\/kinit.sk\/sk\/kinit-na-europskej-noci-vedy\/"]}]},{"@type":"ImageObject","inLanguage":"sk-SK","@id":"https:\/\/kinit.sk\/sk\/kinit-na-europskej-noci-vedy\/#primaryimage","url":"https:\/\/kinit.sk\/wp-content\/uploads\/2024\/10\/202410_noc_vedy_feature.png","contentUrl":"https:\/\/kinit.sk\/wp-content\/uploads\/2024\/10\/202410_noc_vedy_feature.png","width":1500,"height":785},{"@type":"BreadcrumbList","@id":"https:\/\/kinit.sk\/sk\/kinit-na-europskej-noci-vedy\/#breadcrumb","itemListElement":[{"@type":"ListItem","position":1,"name":"Home","item":"https:\/\/kinit.sk\/sk\/"},{"@type":"ListItem","position":2,"name":"2024","item":"https:\/\/kinit.sk\/sk\/category\/2024-sk\/"},{"@type":"ListItem","position":3,"name":"KInIT na Eur\u00f3pskej noci vedy 2024"}]},{"@type":"WebSite","@id":"https:\/\/kinit.sk\/#website","url":"https:\/\/kinit.sk\/","name":"KInIT","description":"Vyu\u017e\u00edvame v\u00fdskum pre \u013eud\u00ed a priemysel","potentialAction":[{"@type":"SearchAction","target":{"@type":"EntryPoint","urlTemplate":"https:\/\/kinit.sk\/?s={search_term_string}"},"query-input":{"@type":"PropertyValueSpecification","valueRequired":true,"valueName":"search_term_string"}}],"inLanguage":"sk-SK"},{"@type":"Person","@id":"https:\/\/kinit.sk\/#\/schema\/person\/8b175aaaf3267b5bbbbb97e4a6db8cea","name":"Marianna Palkova"}]}},"_links":{"self":[{"href":"https:\/\/kinit.sk\/sk\/wp-json\/wp\/v2\/posts\/34089","targetHints":{"allow":["GET"]}}],"collection":[{"href":"https:\/\/kinit.sk\/sk\/wp-json\/wp\/v2\/posts"}],"about":[{"href":"https:\/\/kinit.sk\/sk\/wp-json\/wp\/v2\/types\/post"}],"author":[{"embeddable":true,"href":"https:\/\/kinit.sk\/sk\/wp-json\/wp\/v2\/users\/26"}],"replies":[{"embeddable":true,"href":"https:\/\/kinit.sk\/sk\/wp-json\/wp\/v2\/comments?post=34089"}],"version-history":[{"count":1,"href":"https:\/\/kinit.sk\/sk\/wp-json\/wp\/v2\/posts\/34089\/revisions"}],"predecessor-version":[{"id":34091,"href":"https:\/\/kinit.sk\/sk\/wp-json\/wp\/v2\/posts\/34089\/revisions\/34091"}],"wp:featuredmedia":[{"embeddable":true,"href":"https:\/\/kinit.sk\/sk\/wp-json\/wp\/v2\/media\/34087"}],"wp:attachment":[{"href":"https:\/\/kinit.sk\/sk\/wp-json\/wp\/v2\/media?parent=34089"}],"wp:term":[{"taxonomy":"category","embeddable":true,"href":"https:\/\/kinit.sk\/sk\/wp-json\/wp\/v2\/categories?post=34089"},{"taxonomy":"post_tag","embeddable":true,"href":"https:\/\/kinit.sk\/sk\/wp-json\/wp\/v2\/tags?post=34089"}],"curies":[{"name":"wp","href":"https:\/\/api.w.org\/{rel}","templated":true}]}}