{"id":33929,"date":"2024-10-15T14:48:00","date_gmt":"2024-10-15T12:48:00","guid":{"rendered":"https:\/\/kinit.sk\/?p=33929"},"modified":"2025-08-15T12:15:16","modified_gmt":"2025-08-15T10:15:16","slug":"dokazeme-vycvicit-socialne-siete-robert-moro-v-slovenskom-rozhlase","status":"publish","type":"post","link":"https:\/\/kinit.sk\/sk\/dokazeme-vycvicit-socialne-siete-robert-moro-v-slovenskom-rozhlase\/","title":{"rendered":"Dok\u00e1\u017eeme vycvi\u010di\u0165 soci\u00e1lne siete? R\u00f3bert M\u00f3ro v Slovenskom rozhlase"},"content":{"rendered":"<div id=\"\" class=\"element core-paragraph\">\n<p>V ned\u00e1vnom rozhovore pre Slovensk\u00fd rozhlas sa n\u00e1\u0161 v\u00fdskumn\u00edk R\u00f3bert M\u00f3ro venoval ve\u013emi aktu\u00e1lnej t\u00e9me: <em>Ako si vycvi\u010di\u0165 soci\u00e1lne siete<\/em>. Digit\u00e1lne platformy dominuj\u00fa v na\u0161ich \u017eivotoch, preto je d\u00f4le\u017eit\u00e9 pochopi\u0165, ako funguj\u00fa a ako m\u00f4\u017eeme ich pou\u017e\u00edvanie optimalizova\u0165 na zobrazovanie hodnotnej\u0161ieho obsahu.&nbsp;<\/p>\n<\/div>\n\n<div id=\"\" class=\"element core-paragraph\">\n<p>R\u00f3bert M\u00f3ro vysvetlil, \u017ee soci\u00e1lne siete vyu\u017e\u00edvaj\u00fa sofistikovan\u00e9 algoritmy a modely, ktor\u00e9 analyzuj\u00fa na\u0161e spr\u00e1vanie na internete. Tieto modely s\u00fa navrhnut\u00e9 tak, aby maximalizovali na\u0161u pozornos\u0165 a \u010das str\u00e1ven\u00fd ich sledovan\u00edm t\u00fdm, \u017ee n\u00e1m zobrazuj\u00fa pr\u00edspevky, ktor\u00e9 n\u00e1s s \u010do najvy\u0161\u0161ou pravdepodobnos\u0165ou zaujm\u00fa. Na z\u00e1klade na\u0161ich interakci\u00ed, ako s\u00fa lajky, koment\u00e1re a zdie\u013eania, algoritmy predpovedaj\u00fa, ak\u00fd obsah by n\u00e1s mohol udr\u017ea\u0165 na platforme \u010do najdlh\u0161ie.<\/p>\n<\/div>\n\n<div id=\"\" class=\"element core-paragraph\">\n<p>V diskusii bola v\u0161ak spomenut\u00e1 aj na tienist\u00e1 str\u00e1nka t\u00fdchto syst\u00e9mov. Soci\u00e1lne siete n\u00e1m m\u00f4\u017eu \u010dasto serv\u00edrova\u0165 aj \u0161kodliv\u00fd obsah, ako s\u00fa medic\u00ednske dezinform\u00e1cie, nen\u00e1vistn\u00e9 prejavy \u010di dokonca \u017eivot ohrozuj\u00face v\u00fdzvy, ktor\u00e9 s\u00fa obzvl\u00e1\u0161\u0165 nebezpe\u010dn\u00e9 pre deti. Tieto rizik\u00e1 prin\u00e1\u0161aj\u00fa ot\u00e1zku: Ako zabezpe\u010di\u0165, aby algoritmy pracovali v n\u00e1\u0161 prospech a nie proti n\u00e1m?&nbsp;<\/p>\n<\/div>\n\n<div id=\"\" class=\"element core-paragraph\">\n<p>Pod\u013ea R\u00f3berta existuje sp\u00f4sob, ako si algoritmy vycvi\u010di\u0165. K\u013e\u00fa\u010dom je akt\u00edvna interakcia s obsahom, ktor\u00fd pova\u017eujeme za zmyslupln\u00fd. Z\u00e1rove\u0148 by sme mali ignorova\u0165 \u010di blokova\u0165 obsah, ktor\u00fd je pre n\u00e1s nevhodn\u00fd alebo \u0161kodliv\u00fd. \u010c\u00edm viac sign\u00e1lov d\u00e1me platforme o na\u0161ich preferenci\u00e1ch, t\u00fdm lep\u0161ie dok\u00e1\u017ee prisp\u00f4sobi\u0165 obsah, ktor\u00fd sa n\u00e1m zobrazuje.<\/p>\n<\/div>\n\n<div id=\"\" class=\"element core-paragraph\">\n<p>R\u00f3bert M\u00f3ro tie\u017e zd\u00f4raznil d\u00f4le\u017eitos\u0165 prisp\u00f4sobenia obsahu aj pre deti. Ako mo\u017en\u00fd sp\u00f4sob vn\u00edma spr\u00eds\u0148ovanie regul\u00e1ci\u00ed platforiem, s ktor\u00fdch obsahom prich\u00e1dzaj\u00fa do kontaktu pr\u00e1ve malolet\u00ed. Niektor\u00e9 soci\u00e1lne siete u\u017e dokonca vytvorili aj verzie ich slu\u017eieb vhodn\u00e9 pre deti. Hostia hovorili aj o n\u00e1vrhu pre obmedzenie str\u00e1ven\u00e9ho \u010dasu na soci\u00e1lnych sie\u0165ach a zabezpe\u010denie, aby deti mali pr\u00edstup len k bezpe\u010dn\u00e9mu obsahu. Rodi\u010dia by taktie\u017e mali pravidelne diskutova\u0165 so svojimi de\u0165mi o tom, \u010do vidia online a pom\u00e1ha\u0165 im rozli\u0161ova\u0165 medzi d\u00f4veryhodn\u00fdm a pochybn\u00fdm obsahom.<\/p>\n<\/div>\n\n<div id=\"\" class=\"element core-paragraph\">\n<p>V dobe digit\u00e1lnej dominancie je nesmierne d\u00f4le\u017eit\u00e9, aby sme sa nau\u010dili efekt\u00edvne riadi\u0165 svoje interakcie so soci\u00e1lnymi sie\u0165ami. Rozhovor poskytol cenn\u00e9 inform\u00e1cie a rady, ako sa pohybova\u0165 v tomto komplexnom svete a chr\u00e1ni\u0165 tak seba, ako aj na\u0161ich najmlad\u0161\u00edch.<\/p>\n<\/div>\n\n<div id=\"\" class=\"element core-paragraph\">\n<p>Cel\u00fd rozhovor n\u00e1jdete v arch\u00edve <a href=\"https:\/\/www.rtvs.sk\/radio\/archiv\/11380\/2401805\" target=\"_blank\" rel=\"noreferrer noopener\">tu<\/a>.<\/p>\n<\/div>","protected":false},"excerpt":{"rendered":"<p>V ned\u00e1vnom rozhovore pre Slovensk\u00fd rozhlas sa n\u00e1\u0161 v\u00fdskumn\u00edk R\u00f3bert M\u00f3ro venoval ve\u013emi aktu\u00e1lnej t\u00e9me: Ako si vycvi\u010di\u0165 soci\u00e1lne siete. Digit\u00e1lne platformy dominuj\u00fa v na\u0161ich \u017eivotoch, preto je d\u00f4le\u017eit\u00e9 pochopi\u0165,&#8230;<\/p>\n","protected":false},"author":26,"featured_media":36995,"comment_status":"closed","ping_status":"closed","sticky":false,"template":"","format":"standard","meta":{"_acf_changed":false,"footnotes":""},"categories":[109,442],"tags":[379,397,424,425,427],"class_list":["post-33929","post","type-post","status-publish","format-standard","has-post-thumbnail","hentry","category-media-coverage-sk","category-2024-sk","tag-media-3","tag-media-coverage-sk","tag-kinit-in-media-2-sk","tag-media-2-sk","tag-media-appearance-2-sk"],"acf":[],"yoast_head":"<!-- This site is optimized with the Yoast SEO plugin v27.4 - https:\/\/yoast.com\/product\/yoast-seo-wordpress\/ -->\n<title>Dok\u00e1\u017eeme vycvi\u010di\u0165 soci\u00e1lne siete? R\u00f3bert M\u00f3ro v Slovenskom rozhlase - KInIT<\/title>\n<meta name=\"description\" content=\"V ned\u00e1vnom rozhovore pre Slovensk\u00fd rozhlas sa n\u00e1\u0161 v\u00fdskumn\u00edk R\u00f3bert M\u00f3ro venoval ve\u013emi aktu\u00e1lnej t\u00e9me: Ako si vycvi\u010di\u0165 soci\u00e1lne siete. Digit\u00e1lne platformy dominuj\u00fa v na\u0161ich \u017eivotoch, preto je d\u00f4le\u017eit\u00e9 pochopi\u0165, ako funguj\u00fa a ako m\u00f4\u017eeme ich pou\u017e\u00edvanie optimalizova\u0165 na zobrazovanie hodnotnej\u0161ieho obsahu.\u00a0\" \/>\n<meta name=\"robots\" content=\"index, follow, max-snippet:-1, max-image-preview:large, max-video-preview:-1\" \/>\n<link rel=\"canonical\" href=\"https:\/\/kinit.sk\/sk\/dokazeme-vycvicit-socialne-siete-robert-moro-v-slovenskom-rozhlase\/\" \/>\n<meta property=\"og:locale\" content=\"sk_SK\" \/>\n<meta property=\"og:type\" content=\"article\" \/>\n<meta property=\"og:title\" content=\"Dok\u00e1\u017eeme vycvi\u010di\u0165 soci\u00e1lne siete? R\u00f3bert M\u00f3ro v Slovenskom rozhlase - KInIT\" \/>\n<meta property=\"og:description\" content=\"V ned\u00e1vnom rozhovore pre Slovensk\u00fd rozhlas sa n\u00e1\u0161 v\u00fdskumn\u00edk R\u00f3bert M\u00f3ro venoval ve\u013emi aktu\u00e1lnej t\u00e9me: Ako si vycvi\u010di\u0165 soci\u00e1lne siete. Digit\u00e1lne platformy dominuj\u00fa v na\u0161ich \u017eivotoch, preto je d\u00f4le\u017eit\u00e9 pochopi\u0165, ako funguj\u00fa a ako m\u00f4\u017eeme ich pou\u017e\u00edvanie optimalizova\u0165 na zobrazovanie hodnotnej\u0161ieho obsahu.\u00a0\" \/>\n<meta property=\"og:url\" content=\"https:\/\/kinit.sk\/sk\/dokazeme-vycvicit-socialne-siete-robert-moro-v-slovenskom-rozhlase\/\" \/>\n<meta property=\"og:site_name\" content=\"KInIT\" \/>\n<meta property=\"article:published_time\" content=\"2024-10-15T12:48:00+00:00\" \/>\n<meta property=\"article:modified_time\" content=\"2025-08-15T10:15:16+00:00\" \/>\n<meta property=\"og:image\" content=\"https:\/\/kinit.sk\/wp-content\/uploads\/2024\/10\/Slovaks.ai_-scaled.png\" \/>\n\t<meta property=\"og:image:width\" content=\"2560\" \/>\n\t<meta property=\"og:image:height\" content=\"1340\" \/>\n\t<meta property=\"og:image:type\" content=\"image\/png\" \/>\n<meta name=\"author\" content=\"Marianna Palkova\" \/>\n<meta name=\"twitter:card\" content=\"summary_large_image\" \/>\n<meta name=\"twitter:creator\" content=\"@kinit\" \/>\n<meta name=\"twitter:site\" content=\"@kinit\" \/>\n<meta name=\"twitter:label1\" content=\"Autor\" \/>\n\t<meta name=\"twitter:data1\" content=\"Marianna Palkova\" \/>\n\t<meta name=\"twitter:label2\" content=\"Predpokladan\u00fd \u010das \u010d\u00edtania\" \/>\n\t<meta name=\"twitter:data2\" content=\"2 min\u00faty\" \/>\n<script type=\"application\/ld+json\" class=\"yoast-schema-graph\">{\"@context\":\"https:\\\/\\\/schema.org\",\"@graph\":[{\"@type\":\"Article\",\"@id\":\"https:\\\/\\\/kinit.sk\\\/sk\\\/dokazeme-vycvicit-socialne-siete-robert-moro-v-slovenskom-rozhlase\\\/#article\",\"isPartOf\":{\"@id\":\"https:\\\/\\\/kinit.sk\\\/sk\\\/dokazeme-vycvicit-socialne-siete-robert-moro-v-slovenskom-rozhlase\\\/\"},\"author\":{\"name\":\"Marianna Palkova\",\"@id\":\"https:\\\/\\\/kinit.sk\\\/#\\\/schema\\\/person\\\/8b175aaaf3267b5bbbbb97e4a6db8cea\"},\"headline\":\"Dok\u00e1\u017eeme vycvi\u010di\u0165 soci\u00e1lne siete? R\u00f3bert M\u00f3ro v Slovenskom rozhlase\",\"datePublished\":\"2024-10-15T12:48:00+00:00\",\"dateModified\":\"2025-08-15T10:15:16+00:00\",\"mainEntityOfPage\":{\"@id\":\"https:\\\/\\\/kinit.sk\\\/sk\\\/dokazeme-vycvicit-socialne-siete-robert-moro-v-slovenskom-rozhlase\\\/\"},\"wordCount\":475,\"image\":{\"@id\":\"https:\\\/\\\/kinit.sk\\\/sk\\\/dokazeme-vycvicit-socialne-siete-robert-moro-v-slovenskom-rozhlase\\\/#primaryimage\"},\"thumbnailUrl\":\"https:\\\/\\\/kinit.sk\\\/wp-content\\\/uploads\\\/2024\\\/10\\\/Media-coverage_feature-images_Robert-Moro-scaled.png\",\"keywords\":[\"m\u00e9dia\",\"media coverage\",\"kinit in media\",\"media\",\"media appearance\"],\"articleSection\":[\"Media coverage\",\"2024\"],\"inLanguage\":\"sk-SK\"},{\"@type\":\"WebPage\",\"@id\":\"https:\\\/\\\/kinit.sk\\\/sk\\\/dokazeme-vycvicit-socialne-siete-robert-moro-v-slovenskom-rozhlase\\\/\",\"url\":\"https:\\\/\\\/kinit.sk\\\/sk\\\/dokazeme-vycvicit-socialne-siete-robert-moro-v-slovenskom-rozhlase\\\/\",\"name\":\"Dok\u00e1\u017eeme vycvi\u010di\u0165 soci\u00e1lne siete? R\u00f3bert M\u00f3ro v Slovenskom rozhlase - KInIT\",\"isPartOf\":{\"@id\":\"https:\\\/\\\/kinit.sk\\\/#website\"},\"primaryImageOfPage\":{\"@id\":\"https:\\\/\\\/kinit.sk\\\/sk\\\/dokazeme-vycvicit-socialne-siete-robert-moro-v-slovenskom-rozhlase\\\/#primaryimage\"},\"image\":{\"@id\":\"https:\\\/\\\/kinit.sk\\\/sk\\\/dokazeme-vycvicit-socialne-siete-robert-moro-v-slovenskom-rozhlase\\\/#primaryimage\"},\"thumbnailUrl\":\"https:\\\/\\\/kinit.sk\\\/wp-content\\\/uploads\\\/2024\\\/10\\\/Media-coverage_feature-images_Robert-Moro-scaled.png\",\"datePublished\":\"2024-10-15T12:48:00+00:00\",\"dateModified\":\"2025-08-15T10:15:16+00:00\",\"author\":{\"@id\":\"https:\\\/\\\/kinit.sk\\\/#\\\/schema\\\/person\\\/8b175aaaf3267b5bbbbb97e4a6db8cea\"},\"description\":\"V ned\u00e1vnom rozhovore pre Slovensk\u00fd rozhlas sa n\u00e1\u0161 v\u00fdskumn\u00edk R\u00f3bert M\u00f3ro venoval ve\u013emi aktu\u00e1lnej t\u00e9me: Ako si vycvi\u010di\u0165 soci\u00e1lne siete. Digit\u00e1lne platformy dominuj\u00fa v na\u0161ich \u017eivotoch, preto je d\u00f4le\u017eit\u00e9 pochopi\u0165, ako funguj\u00fa a ako m\u00f4\u017eeme ich pou\u017e\u00edvanie optimalizova\u0165 na zobrazovanie hodnotnej\u0161ieho obsahu.\u00a0\",\"breadcrumb\":{\"@id\":\"https:\\\/\\\/kinit.sk\\\/sk\\\/dokazeme-vycvicit-socialne-siete-robert-moro-v-slovenskom-rozhlase\\\/#breadcrumb\"},\"inLanguage\":\"sk-SK\",\"potentialAction\":[{\"@type\":\"ReadAction\",\"target\":[\"https:\\\/\\\/kinit.sk\\\/sk\\\/dokazeme-vycvicit-socialne-siete-robert-moro-v-slovenskom-rozhlase\\\/\"]}]},{\"@type\":\"ImageObject\",\"inLanguage\":\"sk-SK\",\"@id\":\"https:\\\/\\\/kinit.sk\\\/sk\\\/dokazeme-vycvicit-socialne-siete-robert-moro-v-slovenskom-rozhlase\\\/#primaryimage\",\"url\":\"https:\\\/\\\/kinit.sk\\\/wp-content\\\/uploads\\\/2024\\\/10\\\/Media-coverage_feature-images_Robert-Moro-scaled.png\",\"contentUrl\":\"https:\\\/\\\/kinit.sk\\\/wp-content\\\/uploads\\\/2024\\\/10\\\/Media-coverage_feature-images_Robert-Moro-scaled.png\",\"width\":2560,\"height\":1340},{\"@type\":\"BreadcrumbList\",\"@id\":\"https:\\\/\\\/kinit.sk\\\/sk\\\/dokazeme-vycvicit-socialne-siete-robert-moro-v-slovenskom-rozhlase\\\/#breadcrumb\",\"itemListElement\":[{\"@type\":\"ListItem\",\"position\":1,\"name\":\"Home\",\"item\":\"https:\\\/\\\/kinit.sk\\\/sk\\\/uvod\\\/\"},{\"@type\":\"ListItem\",\"position\":2,\"name\":\"Media coverage\",\"item\":\"https:\\\/\\\/kinit.sk\\\/category\\\/media-coverage\\\/\"},{\"@type\":\"ListItem\",\"position\":3,\"name\":\"Dok\u00e1\u017eeme vycvi\u010di\u0165 soci\u00e1lne siete? R\u00f3bert M\u00f3ro v Slovenskom rozhlase\"}]},{\"@type\":\"WebSite\",\"@id\":\"https:\\\/\\\/kinit.sk\\\/#website\",\"url\":\"https:\\\/\\\/kinit.sk\\\/\",\"name\":\"KInIT\",\"description\":\"Vyu\u017e\u00edvame v\u00fdskum pre \u013eud\u00ed a priemysel\",\"potentialAction\":[{\"@type\":\"SearchAction\",\"target\":{\"@type\":\"EntryPoint\",\"urlTemplate\":\"https:\\\/\\\/kinit.sk\\\/?s={search_term_string}\"},\"query-input\":{\"@type\":\"PropertyValueSpecification\",\"valueRequired\":true,\"valueName\":\"search_term_string\"}}],\"inLanguage\":\"sk-SK\"},{\"@type\":\"Person\",\"@id\":\"https:\\\/\\\/kinit.sk\\\/#\\\/schema\\\/person\\\/8b175aaaf3267b5bbbbb97e4a6db8cea\",\"name\":\"Marianna Palkova\"}]}<\/script>\n<!-- \/ Yoast SEO plugin. -->","yoast_head_json":{"title":"Dok\u00e1\u017eeme vycvi\u010di\u0165 soci\u00e1lne siete? R\u00f3bert M\u00f3ro v Slovenskom rozhlase - KInIT","description":"V ned\u00e1vnom rozhovore pre Slovensk\u00fd rozhlas sa n\u00e1\u0161 v\u00fdskumn\u00edk R\u00f3bert M\u00f3ro venoval ve\u013emi aktu\u00e1lnej t\u00e9me: Ako si vycvi\u010di\u0165 soci\u00e1lne siete. Digit\u00e1lne platformy dominuj\u00fa v na\u0161ich \u017eivotoch, preto je d\u00f4le\u017eit\u00e9 pochopi\u0165, ako funguj\u00fa a ako m\u00f4\u017eeme ich pou\u017e\u00edvanie optimalizova\u0165 na zobrazovanie hodnotnej\u0161ieho obsahu.\u00a0","robots":{"index":"index","follow":"follow","max-snippet":"max-snippet:-1","max-image-preview":"max-image-preview:large","max-video-preview":"max-video-preview:-1"},"canonical":"https:\/\/kinit.sk\/sk\/dokazeme-vycvicit-socialne-siete-robert-moro-v-slovenskom-rozhlase\/","og_locale":"sk_SK","og_type":"article","og_title":"Dok\u00e1\u017eeme vycvi\u010di\u0165 soci\u00e1lne siete? R\u00f3bert M\u00f3ro v Slovenskom rozhlase - KInIT","og_description":"V ned\u00e1vnom rozhovore pre Slovensk\u00fd rozhlas sa n\u00e1\u0161 v\u00fdskumn\u00edk R\u00f3bert M\u00f3ro venoval ve\u013emi aktu\u00e1lnej t\u00e9me: Ako si vycvi\u010di\u0165 soci\u00e1lne siete. Digit\u00e1lne platformy dominuj\u00fa v na\u0161ich \u017eivotoch, preto je d\u00f4le\u017eit\u00e9 pochopi\u0165, ako funguj\u00fa a ako m\u00f4\u017eeme ich pou\u017e\u00edvanie optimalizova\u0165 na zobrazovanie hodnotnej\u0161ieho obsahu.\u00a0","og_url":"https:\/\/kinit.sk\/sk\/dokazeme-vycvicit-socialne-siete-robert-moro-v-slovenskom-rozhlase\/","og_site_name":"KInIT","article_published_time":"2024-10-15T12:48:00+00:00","article_modified_time":"2025-08-15T10:15:16+00:00","og_image":[{"width":2560,"height":1340,"url":"https:\/\/kinit.sk\/wp-content\/uploads\/2024\/10\/Slovaks.ai_-scaled.png","type":"image\/png"}],"author":"Marianna Palkova","twitter_card":"summary_large_image","twitter_creator":"@kinit","twitter_site":"@kinit","twitter_misc":{"Autor":"Marianna Palkova","Predpokladan\u00fd \u010das \u010d\u00edtania":"2 min\u00faty"},"schema":{"@context":"https:\/\/schema.org","@graph":[{"@type":"Article","@id":"https:\/\/kinit.sk\/sk\/dokazeme-vycvicit-socialne-siete-robert-moro-v-slovenskom-rozhlase\/#article","isPartOf":{"@id":"https:\/\/kinit.sk\/sk\/dokazeme-vycvicit-socialne-siete-robert-moro-v-slovenskom-rozhlase\/"},"author":{"name":"Marianna Palkova","@id":"https:\/\/kinit.sk\/#\/schema\/person\/8b175aaaf3267b5bbbbb97e4a6db8cea"},"headline":"Dok\u00e1\u017eeme vycvi\u010di\u0165 soci\u00e1lne siete? R\u00f3bert M\u00f3ro v Slovenskom rozhlase","datePublished":"2024-10-15T12:48:00+00:00","dateModified":"2025-08-15T10:15:16+00:00","mainEntityOfPage":{"@id":"https:\/\/kinit.sk\/sk\/dokazeme-vycvicit-socialne-siete-robert-moro-v-slovenskom-rozhlase\/"},"wordCount":475,"image":{"@id":"https:\/\/kinit.sk\/sk\/dokazeme-vycvicit-socialne-siete-robert-moro-v-slovenskom-rozhlase\/#primaryimage"},"thumbnailUrl":"https:\/\/kinit.sk\/wp-content\/uploads\/2024\/10\/Media-coverage_feature-images_Robert-Moro-scaled.png","keywords":["m\u00e9dia","media coverage","kinit in media","media","media appearance"],"articleSection":["Media coverage","2024"],"inLanguage":"sk-SK"},{"@type":"WebPage","@id":"https:\/\/kinit.sk\/sk\/dokazeme-vycvicit-socialne-siete-robert-moro-v-slovenskom-rozhlase\/","url":"https:\/\/kinit.sk\/sk\/dokazeme-vycvicit-socialne-siete-robert-moro-v-slovenskom-rozhlase\/","name":"Dok\u00e1\u017eeme vycvi\u010di\u0165 soci\u00e1lne siete? R\u00f3bert M\u00f3ro v Slovenskom rozhlase - KInIT","isPartOf":{"@id":"https:\/\/kinit.sk\/#website"},"primaryImageOfPage":{"@id":"https:\/\/kinit.sk\/sk\/dokazeme-vycvicit-socialne-siete-robert-moro-v-slovenskom-rozhlase\/#primaryimage"},"image":{"@id":"https:\/\/kinit.sk\/sk\/dokazeme-vycvicit-socialne-siete-robert-moro-v-slovenskom-rozhlase\/#primaryimage"},"thumbnailUrl":"https:\/\/kinit.sk\/wp-content\/uploads\/2024\/10\/Media-coverage_feature-images_Robert-Moro-scaled.png","datePublished":"2024-10-15T12:48:00+00:00","dateModified":"2025-08-15T10:15:16+00:00","author":{"@id":"https:\/\/kinit.sk\/#\/schema\/person\/8b175aaaf3267b5bbbbb97e4a6db8cea"},"description":"V ned\u00e1vnom rozhovore pre Slovensk\u00fd rozhlas sa n\u00e1\u0161 v\u00fdskumn\u00edk R\u00f3bert M\u00f3ro venoval ve\u013emi aktu\u00e1lnej t\u00e9me: Ako si vycvi\u010di\u0165 soci\u00e1lne siete. Digit\u00e1lne platformy dominuj\u00fa v na\u0161ich \u017eivotoch, preto je d\u00f4le\u017eit\u00e9 pochopi\u0165, ako funguj\u00fa a ako m\u00f4\u017eeme ich pou\u017e\u00edvanie optimalizova\u0165 na zobrazovanie hodnotnej\u0161ieho obsahu.\u00a0","breadcrumb":{"@id":"https:\/\/kinit.sk\/sk\/dokazeme-vycvicit-socialne-siete-robert-moro-v-slovenskom-rozhlase\/#breadcrumb"},"inLanguage":"sk-SK","potentialAction":[{"@type":"ReadAction","target":["https:\/\/kinit.sk\/sk\/dokazeme-vycvicit-socialne-siete-robert-moro-v-slovenskom-rozhlase\/"]}]},{"@type":"ImageObject","inLanguage":"sk-SK","@id":"https:\/\/kinit.sk\/sk\/dokazeme-vycvicit-socialne-siete-robert-moro-v-slovenskom-rozhlase\/#primaryimage","url":"https:\/\/kinit.sk\/wp-content\/uploads\/2024\/10\/Media-coverage_feature-images_Robert-Moro-scaled.png","contentUrl":"https:\/\/kinit.sk\/wp-content\/uploads\/2024\/10\/Media-coverage_feature-images_Robert-Moro-scaled.png","width":2560,"height":1340},{"@type":"BreadcrumbList","@id":"https:\/\/kinit.sk\/sk\/dokazeme-vycvicit-socialne-siete-robert-moro-v-slovenskom-rozhlase\/#breadcrumb","itemListElement":[{"@type":"ListItem","position":1,"name":"Home","item":"https:\/\/kinit.sk\/sk\/uvod\/"},{"@type":"ListItem","position":2,"name":"Media coverage","item":"https:\/\/kinit.sk\/category\/media-coverage\/"},{"@type":"ListItem","position":3,"name":"Dok\u00e1\u017eeme vycvi\u010di\u0165 soci\u00e1lne siete? R\u00f3bert M\u00f3ro v Slovenskom rozhlase"}]},{"@type":"WebSite","@id":"https:\/\/kinit.sk\/#website","url":"https:\/\/kinit.sk\/","name":"KInIT","description":"Vyu\u017e\u00edvame v\u00fdskum pre \u013eud\u00ed a priemysel","potentialAction":[{"@type":"SearchAction","target":{"@type":"EntryPoint","urlTemplate":"https:\/\/kinit.sk\/?s={search_term_string}"},"query-input":{"@type":"PropertyValueSpecification","valueRequired":true,"valueName":"search_term_string"}}],"inLanguage":"sk-SK"},{"@type":"Person","@id":"https:\/\/kinit.sk\/#\/schema\/person\/8b175aaaf3267b5bbbbb97e4a6db8cea","name":"Marianna Palkova"}]}},"_links":{"self":[{"href":"https:\/\/kinit.sk\/sk\/wp-json\/wp\/v2\/posts\/33929","targetHints":{"allow":["GET"]}}],"collection":[{"href":"https:\/\/kinit.sk\/sk\/wp-json\/wp\/v2\/posts"}],"about":[{"href":"https:\/\/kinit.sk\/sk\/wp-json\/wp\/v2\/types\/post"}],"author":[{"embeddable":true,"href":"https:\/\/kinit.sk\/sk\/wp-json\/wp\/v2\/users\/26"}],"replies":[{"embeddable":true,"href":"https:\/\/kinit.sk\/sk\/wp-json\/wp\/v2\/comments?post=33929"}],"version-history":[{"count":1,"href":"https:\/\/kinit.sk\/sk\/wp-json\/wp\/v2\/posts\/33929\/revisions"}],"predecessor-version":[{"id":33933,"href":"https:\/\/kinit.sk\/sk\/wp-json\/wp\/v2\/posts\/33929\/revisions\/33933"}],"wp:featuredmedia":[{"embeddable":true,"href":"https:\/\/kinit.sk\/sk\/wp-json\/wp\/v2\/media\/36995"}],"wp:attachment":[{"href":"https:\/\/kinit.sk\/sk\/wp-json\/wp\/v2\/media?parent=33929"}],"wp:term":[{"taxonomy":"category","embeddable":true,"href":"https:\/\/kinit.sk\/sk\/wp-json\/wp\/v2\/categories?post=33929"},{"taxonomy":"post_tag","embeddable":true,"href":"https:\/\/kinit.sk\/sk\/wp-json\/wp\/v2\/tags?post=33929"}],"curies":[{"name":"wp","href":"https:\/\/api.w.org\/{rel}","templated":true}]}}