{"id":31607,"date":"2024-02-28T15:48:52","date_gmt":"2024-02-28T14:48:52","guid":{"rendered":"https:\/\/kinit.sk\/cedmo-survey-conspiracy-narratives-in-the-czech-republic\/"},"modified":"2024-03-19T10:46:03","modified_gmt":"2024-03-19T09:46:03","slug":"prieskum-cedmo-konspiracne-narativy-v-ceskej-republike","status":"publish","type":"post","link":"https:\/\/kinit.sk\/sk\/prieskum-cedmo-konspiracne-narativy-v-ceskej-republike\/","title":{"rendered":"Prieskum CEDMO: Kon\u0161pira\u010dn\u00e9 narat\u00edvy v \u010ceskej republike"},"content":{"rendered":"<div id=\"\" class=\"element core-paragraph\">\n<p>Ned\u00e1vna \u0161t\u00fadia v r\u00e1mci neust\u00e1le prebiehaj\u00faceho <a href=\"https:\/\/cedmohub.eu\/cedmo-trends-2\/\" target=\"_blank\" rel=\"noreferrer noopener\">CEDMO Trends prieskumu<\/a> priniesla zauj\u00edmav\u00e9 poznatky o spr\u00e1van\u00ed obyvate\u013eov \u010ceskej republiky pri konzum\u00e1cii m\u00e9di\u00ed, so zameran\u00edm na informa\u010dn\u00e9 poruchy ako dezinform\u00e1cie. Ako s\u00fa\u010das\u0165 <a href=\"https:\/\/kinit.sk\/project\/cedmo-central-european-digital-media-observatory\/\">projektu CEDMO<\/a> vn\u00edmame t\u00fato \u0161t\u00fadiu ako ve\u013emi zauj\u00edmav\u00fa nielen pre \u010cesk\u00fa republiku, ale aj pre Slovensko.<\/p>\n<\/div>\n\n<div id=\"\" class=\"element core-paragraph\">\n<p><a href=\"https:\/\/cedmohub.eu\/cs\/kazdy-paty-clovek-v-cesku-zaznamenal-nepravdivou-zpravu-o-ukrajinskem-puvodu-vraha-z-klanovickeho-lesa\/?_gl=1*1tyqxao*_up*MQ..*_ga*MjEyOTA1NTQxOC4xNzA5MTMxMjUw*_ga_44P6SY9R25*MTcwOTEzMTE5NC4xLjEuMTcwOTEzMTI0OS4wLjAuMA..\" target=\"_blank\" rel=\"noreferrer noopener\">Desiata vlna longitudin\u00e1lneho tridsa\u0165mesa\u010dn\u00e9ho prieskumu CEDMO Trends<\/a> prebiehala ka\u017ed\u00fd mesiac od marca 2023 pod veden\u00edm v\u00fdskumnej agent\u00fary Median na Univerzite Karlovej pre<a href=\"https:\/\/cedmohub.eu\/\" target=\"_blank\" rel=\"noreferrer noopener\"> konzorcium CEDMO<\/a>. Tento dlhodob\u00fd prieskum n\u00e1m poskytuje poh\u013ead na v\u00fdvoj spr\u00e1vania obyvate\u013eov \u010ceskej republiky pri konzum\u00e1cii r\u00f4znych typov m\u00e9di\u00ed a obsahu, so \u0161peci\u00e1lnym zameran\u00edm na konkr\u00e9tne druhy informa\u010dn\u00fdch por\u00fach, ako s\u00fa dezinform\u00e1cie. Ot\u00e1zky desiatej vlny prieskumu boli sk\u00faman\u00e9 na reprezentat\u00edvnej vzorke obyvate\u013estva \u010ceskej republiky v janu\u00e1ri 2024. \u0160t\u00fadia sk\u00famala n\u00e1zory viac ako 3 000 respondentov vo veku od 16 rokov. V\u00e4\u010d\u0161ina ot\u00e1zok sa t\u00fdkala aktu\u00e1lnych spolo\u010densk\u00fdch udalost\u00ed, vr\u00e1tane stre\u013eby na Fakulte umen\u00ed Univerzity Karlovej a ot\u00e1zky o legislat\u00edvnej regul\u00e1cii vlastnenia zbran\u00ed v \u010ceskej republike.<\/p>\n<\/div>\n\n<div id=\"\" class=\"element core-paragraph\">\n<p>Dezinforma\u010dn\u00fd pr\u00edbeh o ukrajinskom p\u00f4vode vraha, ktor\u00fd v decembri zabil dvadsa\u0165dva ro\u010dn\u00e9ho mu\u017ea a dvojmesa\u010dn\u00e9 diev\u010datko v lese Kl\u00e1novice, mal najvy\u0161\u0161\u00ed dosah spomedzi v\u0161etk\u00fdch falo\u0161n\u00fdch spr\u00e1v, ktor\u00e9 boli monitorovan\u00e9 v desiatej vlne prieskumu. Zaznamenalo ho a\u017e 21% respondentov. Najviac sa \u0161\u00edril medzi mlad\u00fdmi \u013eu\u010fmi, osobami s ni\u017e\u0161\u00edm vzdelan\u00edm a pravideln\u00fdmi pou\u017e\u00edvate\u013emi internetu.&nbsp;<\/p>\n<\/div>\n\n<div id=\"\" class=\"element core-paragraph\">\n<p>Druh\u00fd najvy\u0161\u0161\u00ed dosah (17%) mala falo\u0161n\u00e1 spr\u00e1va o hromadnej stre\u013ebe na Fakulte umen\u00ed Univerzity Karlovej, ktor\u00e1 sa udiala d\u0148a 21. decembra 2023. Kon\u0161pira\u010dn\u00e1 te\u00f3ria hovorila o tom, \u017ee sa jednalo o zinscenovan\u00fd akt s cie\u013eom ovplyvni\u0165 legislat\u00edvne ustanovenia t\u00fdkaj\u00face sa dr\u017eby zbran\u00ed v \u010ceskej republike. V pr\u00edpade oboch uveden\u00fdch dezinforma\u010dn\u00fdch narat\u00edvov, 2% respondentov uviedli, \u017ee tieto inform\u00e1cie \u0161\u00edrili \u010falej, pri\u010dom naj\u010dastej\u0161ie to boli jednotlivci bez maturity, obyvatelia Prahy a Stredn\u00edch \u010ciech, a pravideln\u00ed pou\u017e\u00edvatelia internetu. Z\u00e1rove\u0148 18% respondentov pova\u017eovalo spr\u00e1vu o inscenovanej stre\u013ebe za d\u00f4veryhodn\u00fa, z toho 6% za \u00faplne d\u00f4veryhodn\u00fa.<\/p>\n<\/div>\n\n<div id=\"\" class=\"element core-paragraph\">\n<p><strong>Medi\u00e1lne pokrytie stre\u013eby na Univerzite Karlovej bolo faktick\u00e9 a profesion\u00e1lne<\/strong><\/p>\n<\/div>\n\n<div id=\"\" class=\"element core-paragraph\">\n<p>Pokia\u013e i\u0161lo o zdroje inform\u00e1ci\u00ed v de\u0148 hromadnej stre\u013eby, 56% respondentov uviedlo svoju ob\u013e\u00faben\u00fa telev\u00edznu stanicu, 35% vyu\u017eilo internetov\u00e9 vyh\u013ead\u00e1va\u010de (Google, Seznam at\u010f.), 26% sa spoliehalo na ob\u013e\u00faben\u00fd spravodajsk\u00fd port\u00e1l a 17% uprednostnilo soci\u00e1lne siete, ob\u013e\u00faben\u00fa rozhlasov\u00fa stanicu, priate\u013eov, zn\u00e1mych a rodinn\u00fdch pr\u00edslu\u0161n\u00edkov.&nbsp;<\/p>\n<\/div>\n\n<div id=\"\" class=\"element core-paragraph\">\n<p>Viac ako dve tretiny respondentov s\u00fahlasilo s t\u00fdm, \u017ee inform\u00e1cie zverejnen\u00e9 v de\u0148 hromadnej stre\u013eby boli faktick\u00e9 a profesion\u00e1lne, pokia\u013e ide o pr\u00edstup pol\u00edcie a ministerstva vn\u00fatra. Rovnak\u00fd podiel respondentov pova\u017eoval sp\u00f4sob, ak\u00fdm verejnopr\u00e1vne m\u00e9di\u00e1 (\u010cesk\u00e1 telev\u00edzia, \u010cesk\u00fd rozhlas) informovali o tejto trag\u00e9dii, za vysoko etick\u00fd. Respondenti taktie\u017e hodnotili spravodajstvo v\u00e4\u010d\u0161iny s\u00fakromn\u00fdch m\u00e9di\u00ed ako d\u00f4veryhodn\u00e9 a seri\u00f3zne.<\/p>\n<\/div>\n\n<div id=\"\" class=\"element core-paragraph\">\n<p>Prekvapuj\u00face je, \u017ee v\u00e4\u010d\u0161ina respondentov (73%) vyjadrila s\u00fahlas s t\u00fdm, \u017ee soci\u00e1lne siete by mali ma\u0165 schopnos\u0165 odstra\u0148ova\u0165 nen\u00e1vistn\u00e9 pr\u00edspevky s\u00favisiace so stre\u013ebou. Tento n\u00e1zor dominuje predov\u0161etk\u00fdm u \u017eien a os\u00f4b star\u0161\u00edch ako 65 rokov.&nbsp;<\/p>\n<\/div>\n\n<div id=\"\" class=\"element core-paragraph\">\n<p>&#8222;<em>Pomerne prekvapuj\u00faco s rovnak\u00fdm n\u00e1zorom s\u00fahlas\u00ed aj najmlad\u0161ia skupina do 24 rokov, hoci s men\u0161\u00edm presved\u010den\u00edm. K tomuto stanovisku inklinuj\u00fa aj voli\u010di SPOLU a PirSTAN, rovnako ako voli\u010di Petra Pavela v prezidentsk\u00fdch vo\u013eb\u00e1ch,<\/em>&#8220; komentuje <strong>Luk\u00e1\u0161 Kutil<\/strong>, datov\u00fd analytik v CEDMO. &#8222;<em>Najv\u00e4\u010d\u0161\u00ed odpor vo\u010di odstra\u0148ovaniu obsahu na soci\u00e1lnych sie\u0165ach mo\u017eno n\u00e1js\u0165 medzi voli\u010dmi str\u00e1n Svobodn\u00ed, Trikolora a Soukromn\u00edci a vysoko\u0161kolsky vzdelan\u00fdm obyvate\u013estvom.<\/em>&#8220;&nbsp;<\/p>\n<\/div>\n\n<div id=\"\" class=\"element core-paragraph\">\n<p>Paralelne s t\u00fdm si viac ako polovica \u013eud\u00ed (55%) mysl\u00ed, \u017ee zverej\u0148ovanie riskantn\u00fdch vide\u00ed a fotografi\u00ed so stre\u013ebou sl\u00fa\u017ei verejn\u00e9mu z\u00e1ujmu.<\/p>\n<\/div>\n\n<div id=\"\" class=\"element core-paragraph\">\n<p><strong>Spomedzi in\u0161tit\u00facii \u013eudia najviac d\u00f4veruj\u00fa pol\u00edcii a arm\u00e1de<\/strong><\/p>\n<\/div>\n\n<div id=\"\" class=\"element core-paragraph\">\n<p>Pokia\u013e ide o d\u00f4veru vo\u010di in\u0161tit\u00faci\u00e1m, v\u00e4\u010d\u0161ina \u010cechov najviac d\u00f4veruje Pol\u00edcii \u010ceskej republiky (60%) a Arm\u00e1de \u010ceskej republiky (54%). Naopak, menej ako polovica ver\u00ed tradi\u010dn\u00fdm spravodajsk\u00fdm m\u00e9di\u00e1m, ako s\u00fa tla\u010d, rozhlas alebo telev\u00edzia (47%), a s\u00fadom (46%). Respondenti vyjadrili najni\u017e\u0161iu d\u00f4veru vo\u010di soci\u00e1lnym sie\u0165am (15%) a dom\u00e1cim politick\u00fdm stran\u00e1m (6%). Vl\u00e1de a parlamentu d\u00f4veruje len \u0161tvrtina obyvate\u013estva.<\/p>\n<\/div>\n\n<div id=\"\" class=\"element core-paragraph\">\n<p><strong>V\u00e4\u010d\u0161ina \u013eud\u00ed podporuje pr\u00e1vo vlastni\u0165 zbra\u0148, av\u0161ak z\u00e1rove\u0148 podporuje pr\u00edsnej\u0161ie z\u00e1kony&nbsp;<\/strong><\/p>\n<\/div>\n\n<div id=\"\" class=\"element core-paragraph\">\n<p>Ustanovenie pr\u00e1va na obranu vlastn\u00e9ho \u017eivota zbra\u0148ou, ktor\u00e9 je zakotven\u00e9 v Charte z\u00e1kladn\u00fdch pr\u00e1v a slob\u00f4d ako s\u00fa\u010das\u0165 \u00fastavn\u00e9ho poriadku v \u010ceskej republike, pova\u017euje za spr\u00e1vne 67% respondentov &#8211; \u010dastej\u0161ie mu\u017ei, univerzitne vzdelan\u00ed obyvatelia a v\u0161etky vekov\u00e9 skupiny nad 24 rokov. \u010co sa t\u00fdka n\u00e1zorov na toto ustanovenie z h\u013eadiska ekonomickej aktivity respondentov, najviac ho podporuj\u00fa podnikatelia a samostatne z\u00e1robkovo \u010dinn\u00e9 osoby. Naopak, najmenej ho podporuj\u00fa pr\u00e1ve \u0161tudenti.&nbsp;<\/p>\n<\/div>\n\n<div id=\"\" class=\"element core-paragraph\">\n<p>&#8222;<em>Je pozoruhodn\u00e9, \u017ee politick\u00e1 pr\u00edslu\u0161nos\u0165 respondentov na \u0161k\u00e1le od liberalizmu po konzervativizmus nehrala v tejto ot\u00e1zke \u017eiadnu \u00falohu; oba opozi\u010dn\u00e9 t\u00e1bory mali takmer identick\u00e9 zast\u00fapenie v pozit\u00edvnych odpovediach. Na druhej strane, v odpovediach respondentov vl\u00e1dne aj siln\u00fd dopyt po pr\u00edsnej\u0161\u00edch z\u00e1konoch o dr\u017ebe zbran\u00ed, pri\u010dom a\u017e 62% z nich s\u00fahlas\u00ed s t\u00fdm, \u017ee by mali by\u0165 pr\u00edsnej\u0161ie ne\u017e v s\u00fa\u010dasnosti,<\/em>&#8220; hovor\u00ed <strong>Luk\u00e1\u0161 Kutil<\/strong>.&nbsp;<\/p>\n<\/div>\n\n<div id=\"\" class=\"element core-paragraph\">\n<p>Dr\u017ebu zbran\u00ed na z\u00e1klade zbrojn\u00e9ho preukazu podporili 3% obyvate\u013estva. V\u00e4\u010d\u0161ina respondentov v\u0161ak nem\u00e1 presn\u00fa predstavu o rozsahu dr\u017eby zbran\u00ed v \u010ceskej republike. Spr\u00e1vny odhad po\u010dtu dr\u017eite\u013eov zbrojn\u00fdch preukazov v krajine uviedla iba \u0161tvrtina (25%), a menej ako \u0161tvrtina odhadla po\u010det registrovan\u00fdch zbran\u00ed (24%).<\/p>\n<\/div>\n\n<div id=\"\" class=\"element core-paragraph\">\n<p><strong>Trendy:<\/strong><\/p>\n<\/div>\n\n<div id=\"\" class=\"element core-list\">\n<ul class=\"wp-block-list\"><div id=\"\" class=\"element core-list-item\">\n<li><strong>zvy\u0161uje sa podiel respondentov, ktor\u00ed sa nec\u00edtia vystaven\u00ed dezinform\u00e1ci\u00e1m<\/strong><\/li>\n<\/div>\n\n<div id=\"\" class=\"element core-list-item\">\n<li><strong>d\u00f4veryhodnos\u0165 pravdiv\u00fdch spr\u00e1v a inform\u00e1cii kles\u00e1<\/strong><\/li>\n<\/div>\n\n<div id=\"\" class=\"element core-list-item\">\n<li><strong>po\u010det re\u0165azov\u00fdch e-mailov kles\u00e1<\/strong><\/li>\n<\/div><\/ul>\n<\/div>\n\n<div id=\"\" class=\"element core-paragraph\">\n<p>Jednotliv\u00e9 \u010dasti prieskumu odha\u013euj\u00fa rast\u00faci po\u010det respondentov, ktor\u00ed v sledovanom obdob\u00ed nepoci\u0165ovali vystavenie dezinform\u00e1ci\u00e1m. V najnov\u0161ej (desiatej) vlne prieskumu dosiahol podiel t\u00fdchto respondentov 38%. Tento n\u00e1rast je takmer dvojn\u00e1sobn\u00fd v porovnan\u00ed s prvou vlnou merania v marci 2023 (22%).&nbsp;<\/p>\n<\/div>\n\n<div id=\"\" class=\"element core-paragraph\">\n<p>Z\u00e1rove\u0148 pokra\u010duje klesaj\u00faca tendencia d\u00f4very v pravdiv\u00e9 spr\u00e1vy. Na z\u00e1klade nieko\u013ekomesa\u010dn\u00e9ho kontinu\u00e1lneho sledovania je zauj\u00edmav\u00e9, \u017ee st\u00fapa po\u010det \u013eud\u00ed, ktor\u00ed v tomto obdob\u00ed nedostali \u017eiadny re\u0165azov\u00fd e-mail. Zatia\u013e \u010do v prvom meran\u00ed odpovedalo 56% respondentov, \u017ee nedostalo re\u0165azov\u00fd email, v aktu\u00e1lnej desiatej vlne sa ich po\u010det zv\u00fd\u0161il na 66%.<\/p>\n<\/div>\n\n<div id=\"\" class=\"element core-paragraph\">\n<p><a href=\"https:\/\/cedmohub.eu\/cedmo-trends-2\/\" target=\"_blank\" rel=\"noreferrer noopener\">CEDMO Trends<\/a> je jedine\u010dn\u00fd longitudin\u00e1lny panelov\u00fd prieskum realizovan\u00fd po\u010das tridsiatich mesiacov. Poskytuje poh\u013ead na v\u00fdvoj spotrebite\u013esk\u00e9ho spr\u00e1vania obyvate\u013estva z h\u013eadiska r\u00f4znych typov medi\u00e1lneho obsahu, s d\u00f4razom na konkr\u00e9tne formy informa\u010dn\u00fdch por\u00fach, ako s\u00fa dezinform\u00e1cie a nepravdiv\u00e9 inform\u00e1cie. Tieto poruchy nielen\u017ee podkop\u00e1vaj\u00fa d\u00f4veru verejnosti v in\u0161tit\u00facie nevyhnutn\u00e9 pre fungovanie pluralistickej demokracie, ale m\u00f4\u017eu tie\u017e zhor\u0161ova\u0165 individu\u00e1lne infod\u00e9mie. Prieskum je realizovan\u00fd v\u00fdskumnou agent\u00farou Median pre CEDMO.<\/p>\n<\/div>","protected":false},"excerpt":{"rendered":"<p>Ned\u00e1vna \u0161t\u00fadia v r\u00e1mci neust\u00e1le prebiehaj\u00faceho CEDMO Trends prieskumu priniesla zauj\u00edmav\u00e9 poznatky o spr\u00e1van\u00ed obyvate\u013eov \u010ceskej republiky pri konzum\u00e1cii m\u00e9di\u00ed, so zameran\u00edm na informa\u010dn\u00e9 poruchy ako dezinform\u00e1cie. Ako s\u00fa\u010das\u0165 projektu&#8230;<\/p>\n","protected":false},"author":26,"featured_media":16498,"comment_status":"closed","ping_status":"closed","sticky":false,"template":"","format":"standard","meta":{"_acf_changed":false,"footnotes":""},"categories":[83,442],"tags":[104,111,112],"class_list":["post-31607","post","type-post","status-publish","format-standard","has-post-thumbnail","hentry","category-news-sk","category-2024-sk","tag-cedmo-sk","tag-disinformation-sk","tag-fake-news-2-sk"],"acf":[],"yoast_head":"<!-- This site is optimized with the Yoast SEO plugin v27.4 - https:\/\/yoast.com\/product\/yoast-seo-wordpress\/ -->\n<title>Prieskum CEDMO: Kon\u0161pira\u010dn\u00e9 narat\u00edvy v \u010ceskej republike - KInIT<\/title>\n<meta name=\"description\" content=\"Desiata vlna longitudin\u00e1lneho tridsa\u0165mesa\u010dn\u00e9ho prieskumu CEDMO Trends prebiehala ka\u017ed\u00fd mesiac od marca 2023 pod veden\u00edm v\u00fdskumnej agent\u00fary Median na Univerzite Karlovej pre konzorcium CEDMO. Tento dlhodob\u00fd prieskum n\u00e1m poskytuje poh\u013ead na v\u00fdvoj spr\u00e1vania obyvate\u013eov \u010ceskej republiky pri konzum\u00e1cii r\u00f4znych typov m\u00e9di\u00ed a obsahu, so \u0161peci\u00e1lnym zameran\u00edm na konkr\u00e9tne druhy informa\u010dn\u00fdch por\u00fach, ako s\u00fa dezinform\u00e1cie.\" \/>\n<meta name=\"robots\" content=\"index, follow, max-snippet:-1, max-image-preview:large, max-video-preview:-1\" \/>\n<link rel=\"canonical\" href=\"https:\/\/kinit.sk\/sk\/prieskum-cedmo-konspiracne-narativy-v-ceskej-republike\/\" \/>\n<meta property=\"og:locale\" content=\"sk_SK\" \/>\n<meta property=\"og:type\" content=\"article\" \/>\n<meta property=\"og:title\" content=\"Prieskum CEDMO: Kon\u0161pira\u010dn\u00e9 narat\u00edvy v \u010ceskej republike - KInIT\" \/>\n<meta property=\"og:description\" content=\"Desiata vlna longitudin\u00e1lneho tridsa\u0165mesa\u010dn\u00e9ho prieskumu CEDMO Trends prebiehala ka\u017ed\u00fd mesiac od marca 2023 pod veden\u00edm v\u00fdskumnej agent\u00fary Median na Univerzite Karlovej pre konzorcium CEDMO. Tento dlhodob\u00fd prieskum n\u00e1m poskytuje poh\u013ead na v\u00fdvoj spr\u00e1vania obyvate\u013eov \u010ceskej republiky pri konzum\u00e1cii r\u00f4znych typov m\u00e9di\u00ed a obsahu, so \u0161peci\u00e1lnym zameran\u00edm na konkr\u00e9tne druhy informa\u010dn\u00fdch por\u00fach, ako s\u00fa dezinform\u00e1cie.\" \/>\n<meta property=\"og:url\" content=\"https:\/\/kinit.sk\/sk\/prieskum-cedmo-konspiracne-narativy-v-ceskej-republike\/\" \/>\n<meta property=\"og:site_name\" content=\"KInIT\" \/>\n<meta property=\"article:published_time\" content=\"2024-02-28T14:48:52+00:00\" \/>\n<meta property=\"article:modified_time\" content=\"2024-03-19T09:46:03+00:00\" \/>\n<meta property=\"og:image\" content=\"https:\/\/kinit.sk\/wp-content\/uploads\/2022\/04\/kinit-cedmo-fact-checkers.jpg\" \/>\n\t<meta property=\"og:image:width\" content=\"1201\" \/>\n\t<meta property=\"og:image:height\" content=\"629\" \/>\n\t<meta property=\"og:image:type\" content=\"image\/jpeg\" \/>\n<meta name=\"author\" content=\"Marianna Palkova\" \/>\n<meta name=\"twitter:card\" content=\"summary_large_image\" \/>\n<meta name=\"twitter:creator\" content=\"@kinit\" \/>\n<meta name=\"twitter:site\" content=\"@kinit\" \/>\n<meta name=\"twitter:label1\" content=\"Autor\" \/>\n\t<meta name=\"twitter:data1\" content=\"Marianna Palkova\" \/>\n\t<meta name=\"twitter:label2\" content=\"Predpokladan\u00fd \u010das \u010d\u00edtania\" \/>\n\t<meta name=\"twitter:data2\" content=\"5 min\u00fat\" \/>\n<script type=\"application\/ld+json\" class=\"yoast-schema-graph\">{\"@context\":\"https:\\\/\\\/schema.org\",\"@graph\":[{\"@type\":\"Article\",\"@id\":\"https:\\\/\\\/kinit.sk\\\/sk\\\/prieskum-cedmo-konspiracne-narativy-v-ceskej-republike\\\/#article\",\"isPartOf\":{\"@id\":\"https:\\\/\\\/kinit.sk\\\/sk\\\/prieskum-cedmo-konspiracne-narativy-v-ceskej-republike\\\/\"},\"author\":{\"name\":\"Marianna Palkova\",\"@id\":\"https:\\\/\\\/kinit.sk\\\/#\\\/schema\\\/person\\\/8b175aaaf3267b5bbbbb97e4a6db8cea\"},\"headline\":\"Prieskum CEDMO: Kon\u0161pira\u010dn\u00e9 narat\u00edvy v \u010ceskej republike\",\"datePublished\":\"2024-02-28T14:48:52+00:00\",\"dateModified\":\"2024-03-19T09:46:03+00:00\",\"mainEntityOfPage\":{\"@id\":\"https:\\\/\\\/kinit.sk\\\/sk\\\/prieskum-cedmo-konspiracne-narativy-v-ceskej-republike\\\/\"},\"wordCount\":1286,\"image\":{\"@id\":\"https:\\\/\\\/kinit.sk\\\/sk\\\/prieskum-cedmo-konspiracne-narativy-v-ceskej-republike\\\/#primaryimage\"},\"thumbnailUrl\":\"https:\\\/\\\/kinit.sk\\\/wp-content\\\/uploads\\\/2022\\\/04\\\/kinit-cedmo-fact-checkers.jpg\",\"keywords\":[\"cedmo\",\"disinformation\",\"Fake news\"],\"articleSection\":[\"News\",\"2024\"],\"inLanguage\":\"sk-SK\"},{\"@type\":\"WebPage\",\"@id\":\"https:\\\/\\\/kinit.sk\\\/sk\\\/prieskum-cedmo-konspiracne-narativy-v-ceskej-republike\\\/\",\"url\":\"https:\\\/\\\/kinit.sk\\\/sk\\\/prieskum-cedmo-konspiracne-narativy-v-ceskej-republike\\\/\",\"name\":\"Prieskum CEDMO: Kon\u0161pira\u010dn\u00e9 narat\u00edvy v \u010ceskej republike - KInIT\",\"isPartOf\":{\"@id\":\"https:\\\/\\\/kinit.sk\\\/#website\"},\"primaryImageOfPage\":{\"@id\":\"https:\\\/\\\/kinit.sk\\\/sk\\\/prieskum-cedmo-konspiracne-narativy-v-ceskej-republike\\\/#primaryimage\"},\"image\":{\"@id\":\"https:\\\/\\\/kinit.sk\\\/sk\\\/prieskum-cedmo-konspiracne-narativy-v-ceskej-republike\\\/#primaryimage\"},\"thumbnailUrl\":\"https:\\\/\\\/kinit.sk\\\/wp-content\\\/uploads\\\/2022\\\/04\\\/kinit-cedmo-fact-checkers.jpg\",\"datePublished\":\"2024-02-28T14:48:52+00:00\",\"dateModified\":\"2024-03-19T09:46:03+00:00\",\"author\":{\"@id\":\"https:\\\/\\\/kinit.sk\\\/#\\\/schema\\\/person\\\/8b175aaaf3267b5bbbbb97e4a6db8cea\"},\"description\":\"Desiata vlna longitudin\u00e1lneho tridsa\u0165mesa\u010dn\u00e9ho prieskumu CEDMO Trends prebiehala ka\u017ed\u00fd mesiac od marca 2023 pod veden\u00edm v\u00fdskumnej agent\u00fary Median na Univerzite Karlovej pre konzorcium CEDMO. Tento dlhodob\u00fd prieskum n\u00e1m poskytuje poh\u013ead na v\u00fdvoj spr\u00e1vania obyvate\u013eov \u010ceskej republiky pri konzum\u00e1cii r\u00f4znych typov m\u00e9di\u00ed a obsahu, so \u0161peci\u00e1lnym zameran\u00edm na konkr\u00e9tne druhy informa\u010dn\u00fdch por\u00fach, ako s\u00fa dezinform\u00e1cie.\",\"breadcrumb\":{\"@id\":\"https:\\\/\\\/kinit.sk\\\/sk\\\/prieskum-cedmo-konspiracne-narativy-v-ceskej-republike\\\/#breadcrumb\"},\"inLanguage\":\"sk-SK\",\"potentialAction\":[{\"@type\":\"ReadAction\",\"target\":[\"https:\\\/\\\/kinit.sk\\\/sk\\\/prieskum-cedmo-konspiracne-narativy-v-ceskej-republike\\\/\"]}]},{\"@type\":\"ImageObject\",\"inLanguage\":\"sk-SK\",\"@id\":\"https:\\\/\\\/kinit.sk\\\/sk\\\/prieskum-cedmo-konspiracne-narativy-v-ceskej-republike\\\/#primaryimage\",\"url\":\"https:\\\/\\\/kinit.sk\\\/wp-content\\\/uploads\\\/2022\\\/04\\\/kinit-cedmo-fact-checkers.jpg\",\"contentUrl\":\"https:\\\/\\\/kinit.sk\\\/wp-content\\\/uploads\\\/2022\\\/04\\\/kinit-cedmo-fact-checkers.jpg\",\"width\":1201,\"height\":629},{\"@type\":\"BreadcrumbList\",\"@id\":\"https:\\\/\\\/kinit.sk\\\/sk\\\/prieskum-cedmo-konspiracne-narativy-v-ceskej-republike\\\/#breadcrumb\",\"itemListElement\":[{\"@type\":\"ListItem\",\"position\":1,\"name\":\"Home\",\"item\":\"https:\\\/\\\/kinit.sk\\\/sk\\\/\"},{\"@type\":\"ListItem\",\"position\":2,\"name\":\"2024\",\"item\":\"https:\\\/\\\/kinit.sk\\\/sk\\\/category\\\/2024-sk\\\/\"},{\"@type\":\"ListItem\",\"position\":3,\"name\":\"Prieskum CEDMO: Kon\u0161pira\u010dn\u00e9 narat\u00edvy v \u010ceskej republike\"}]},{\"@type\":\"WebSite\",\"@id\":\"https:\\\/\\\/kinit.sk\\\/#website\",\"url\":\"https:\\\/\\\/kinit.sk\\\/\",\"name\":\"KInIT\",\"description\":\"Vyu\u017e\u00edvame v\u00fdskum pre \u013eud\u00ed a priemysel\",\"potentialAction\":[{\"@type\":\"SearchAction\",\"target\":{\"@type\":\"EntryPoint\",\"urlTemplate\":\"https:\\\/\\\/kinit.sk\\\/?s={search_term_string}\"},\"query-input\":{\"@type\":\"PropertyValueSpecification\",\"valueRequired\":true,\"valueName\":\"search_term_string\"}}],\"inLanguage\":\"sk-SK\"},{\"@type\":\"Person\",\"@id\":\"https:\\\/\\\/kinit.sk\\\/#\\\/schema\\\/person\\\/8b175aaaf3267b5bbbbb97e4a6db8cea\",\"name\":\"Marianna Palkova\"}]}<\/script>\n<!-- \/ Yoast SEO plugin. -->","yoast_head_json":{"title":"Prieskum CEDMO: Kon\u0161pira\u010dn\u00e9 narat\u00edvy v \u010ceskej republike - KInIT","description":"Desiata vlna longitudin\u00e1lneho tridsa\u0165mesa\u010dn\u00e9ho prieskumu CEDMO Trends prebiehala ka\u017ed\u00fd mesiac od marca 2023 pod veden\u00edm v\u00fdskumnej agent\u00fary Median na Univerzite Karlovej pre konzorcium CEDMO. Tento dlhodob\u00fd prieskum n\u00e1m poskytuje poh\u013ead na v\u00fdvoj spr\u00e1vania obyvate\u013eov \u010ceskej republiky pri konzum\u00e1cii r\u00f4znych typov m\u00e9di\u00ed a obsahu, so \u0161peci\u00e1lnym zameran\u00edm na konkr\u00e9tne druhy informa\u010dn\u00fdch por\u00fach, ako s\u00fa dezinform\u00e1cie.","robots":{"index":"index","follow":"follow","max-snippet":"max-snippet:-1","max-image-preview":"max-image-preview:large","max-video-preview":"max-video-preview:-1"},"canonical":"https:\/\/kinit.sk\/sk\/prieskum-cedmo-konspiracne-narativy-v-ceskej-republike\/","og_locale":"sk_SK","og_type":"article","og_title":"Prieskum CEDMO: Kon\u0161pira\u010dn\u00e9 narat\u00edvy v \u010ceskej republike - KInIT","og_description":"Desiata vlna longitudin\u00e1lneho tridsa\u0165mesa\u010dn\u00e9ho prieskumu CEDMO Trends prebiehala ka\u017ed\u00fd mesiac od marca 2023 pod veden\u00edm v\u00fdskumnej agent\u00fary Median na Univerzite Karlovej pre konzorcium CEDMO. Tento dlhodob\u00fd prieskum n\u00e1m poskytuje poh\u013ead na v\u00fdvoj spr\u00e1vania obyvate\u013eov \u010ceskej republiky pri konzum\u00e1cii r\u00f4znych typov m\u00e9di\u00ed a obsahu, so \u0161peci\u00e1lnym zameran\u00edm na konkr\u00e9tne druhy informa\u010dn\u00fdch por\u00fach, ako s\u00fa dezinform\u00e1cie.","og_url":"https:\/\/kinit.sk\/sk\/prieskum-cedmo-konspiracne-narativy-v-ceskej-republike\/","og_site_name":"KInIT","article_published_time":"2024-02-28T14:48:52+00:00","article_modified_time":"2024-03-19T09:46:03+00:00","og_image":[{"width":1201,"height":629,"url":"https:\/\/kinit.sk\/wp-content\/uploads\/2022\/04\/kinit-cedmo-fact-checkers.jpg","type":"image\/jpeg"}],"author":"Marianna Palkova","twitter_card":"summary_large_image","twitter_creator":"@kinit","twitter_site":"@kinit","twitter_misc":{"Autor":"Marianna Palkova","Predpokladan\u00fd \u010das \u010d\u00edtania":"5 min\u00fat"},"schema":{"@context":"https:\/\/schema.org","@graph":[{"@type":"Article","@id":"https:\/\/kinit.sk\/sk\/prieskum-cedmo-konspiracne-narativy-v-ceskej-republike\/#article","isPartOf":{"@id":"https:\/\/kinit.sk\/sk\/prieskum-cedmo-konspiracne-narativy-v-ceskej-republike\/"},"author":{"name":"Marianna Palkova","@id":"https:\/\/kinit.sk\/#\/schema\/person\/8b175aaaf3267b5bbbbb97e4a6db8cea"},"headline":"Prieskum CEDMO: Kon\u0161pira\u010dn\u00e9 narat\u00edvy v \u010ceskej republike","datePublished":"2024-02-28T14:48:52+00:00","dateModified":"2024-03-19T09:46:03+00:00","mainEntityOfPage":{"@id":"https:\/\/kinit.sk\/sk\/prieskum-cedmo-konspiracne-narativy-v-ceskej-republike\/"},"wordCount":1286,"image":{"@id":"https:\/\/kinit.sk\/sk\/prieskum-cedmo-konspiracne-narativy-v-ceskej-republike\/#primaryimage"},"thumbnailUrl":"https:\/\/kinit.sk\/wp-content\/uploads\/2022\/04\/kinit-cedmo-fact-checkers.jpg","keywords":["cedmo","disinformation","Fake news"],"articleSection":["News","2024"],"inLanguage":"sk-SK"},{"@type":"WebPage","@id":"https:\/\/kinit.sk\/sk\/prieskum-cedmo-konspiracne-narativy-v-ceskej-republike\/","url":"https:\/\/kinit.sk\/sk\/prieskum-cedmo-konspiracne-narativy-v-ceskej-republike\/","name":"Prieskum CEDMO: Kon\u0161pira\u010dn\u00e9 narat\u00edvy v \u010ceskej republike - KInIT","isPartOf":{"@id":"https:\/\/kinit.sk\/#website"},"primaryImageOfPage":{"@id":"https:\/\/kinit.sk\/sk\/prieskum-cedmo-konspiracne-narativy-v-ceskej-republike\/#primaryimage"},"image":{"@id":"https:\/\/kinit.sk\/sk\/prieskum-cedmo-konspiracne-narativy-v-ceskej-republike\/#primaryimage"},"thumbnailUrl":"https:\/\/kinit.sk\/wp-content\/uploads\/2022\/04\/kinit-cedmo-fact-checkers.jpg","datePublished":"2024-02-28T14:48:52+00:00","dateModified":"2024-03-19T09:46:03+00:00","author":{"@id":"https:\/\/kinit.sk\/#\/schema\/person\/8b175aaaf3267b5bbbbb97e4a6db8cea"},"description":"Desiata vlna longitudin\u00e1lneho tridsa\u0165mesa\u010dn\u00e9ho prieskumu CEDMO Trends prebiehala ka\u017ed\u00fd mesiac od marca 2023 pod veden\u00edm v\u00fdskumnej agent\u00fary Median na Univerzite Karlovej pre konzorcium CEDMO. Tento dlhodob\u00fd prieskum n\u00e1m poskytuje poh\u013ead na v\u00fdvoj spr\u00e1vania obyvate\u013eov \u010ceskej republiky pri konzum\u00e1cii r\u00f4znych typov m\u00e9di\u00ed a obsahu, so \u0161peci\u00e1lnym zameran\u00edm na konkr\u00e9tne druhy informa\u010dn\u00fdch por\u00fach, ako s\u00fa dezinform\u00e1cie.","breadcrumb":{"@id":"https:\/\/kinit.sk\/sk\/prieskum-cedmo-konspiracne-narativy-v-ceskej-republike\/#breadcrumb"},"inLanguage":"sk-SK","potentialAction":[{"@type":"ReadAction","target":["https:\/\/kinit.sk\/sk\/prieskum-cedmo-konspiracne-narativy-v-ceskej-republike\/"]}]},{"@type":"ImageObject","inLanguage":"sk-SK","@id":"https:\/\/kinit.sk\/sk\/prieskum-cedmo-konspiracne-narativy-v-ceskej-republike\/#primaryimage","url":"https:\/\/kinit.sk\/wp-content\/uploads\/2022\/04\/kinit-cedmo-fact-checkers.jpg","contentUrl":"https:\/\/kinit.sk\/wp-content\/uploads\/2022\/04\/kinit-cedmo-fact-checkers.jpg","width":1201,"height":629},{"@type":"BreadcrumbList","@id":"https:\/\/kinit.sk\/sk\/prieskum-cedmo-konspiracne-narativy-v-ceskej-republike\/#breadcrumb","itemListElement":[{"@type":"ListItem","position":1,"name":"Home","item":"https:\/\/kinit.sk\/sk\/"},{"@type":"ListItem","position":2,"name":"2024","item":"https:\/\/kinit.sk\/sk\/category\/2024-sk\/"},{"@type":"ListItem","position":3,"name":"Prieskum CEDMO: Kon\u0161pira\u010dn\u00e9 narat\u00edvy v \u010ceskej republike"}]},{"@type":"WebSite","@id":"https:\/\/kinit.sk\/#website","url":"https:\/\/kinit.sk\/","name":"KInIT","description":"Vyu\u017e\u00edvame v\u00fdskum pre \u013eud\u00ed a priemysel","potentialAction":[{"@type":"SearchAction","target":{"@type":"EntryPoint","urlTemplate":"https:\/\/kinit.sk\/?s={search_term_string}"},"query-input":{"@type":"PropertyValueSpecification","valueRequired":true,"valueName":"search_term_string"}}],"inLanguage":"sk-SK"},{"@type":"Person","@id":"https:\/\/kinit.sk\/#\/schema\/person\/8b175aaaf3267b5bbbbb97e4a6db8cea","name":"Marianna Palkova"}]}},"_links":{"self":[{"href":"https:\/\/kinit.sk\/sk\/wp-json\/wp\/v2\/posts\/31607","targetHints":{"allow":["GET"]}}],"collection":[{"href":"https:\/\/kinit.sk\/sk\/wp-json\/wp\/v2\/posts"}],"about":[{"href":"https:\/\/kinit.sk\/sk\/wp-json\/wp\/v2\/types\/post"}],"author":[{"embeddable":true,"href":"https:\/\/kinit.sk\/sk\/wp-json\/wp\/v2\/users\/26"}],"replies":[{"embeddable":true,"href":"https:\/\/kinit.sk\/sk\/wp-json\/wp\/v2\/comments?post=31607"}],"version-history":[{"count":2,"href":"https:\/\/kinit.sk\/sk\/wp-json\/wp\/v2\/posts\/31607\/revisions"}],"predecessor-version":[{"id":31610,"href":"https:\/\/kinit.sk\/sk\/wp-json\/wp\/v2\/posts\/31607\/revisions\/31610"}],"wp:featuredmedia":[{"embeddable":true,"href":"https:\/\/kinit.sk\/sk\/wp-json\/wp\/v2\/media\/16498"}],"wp:attachment":[{"href":"https:\/\/kinit.sk\/sk\/wp-json\/wp\/v2\/media?parent=31607"}],"wp:term":[{"taxonomy":"category","embeddable":true,"href":"https:\/\/kinit.sk\/sk\/wp-json\/wp\/v2\/categories?post=31607"},{"taxonomy":"post_tag","embeddable":true,"href":"https:\/\/kinit.sk\/sk\/wp-json\/wp\/v2\/tags?post=31607"}],"curies":[{"name":"wp","href":"https:\/\/api.w.org\/{rel}","templated":true}]}}