{"id":31307,"date":"2024-02-09T11:13:17","date_gmt":"2024-02-09T10:13:17","guid":{"rendered":"https:\/\/kinit.sk\/ivan-srba-on-the-simply-science-show\/"},"modified":"2024-02-09T11:15:34","modified_gmt":"2024-02-09T10:15:34","slug":"ivan-srba-v-relacii-jednoducho-veda","status":"publish","type":"post","link":"https:\/\/kinit.sk\/sk\/ivan-srba-v-relacii-jednoducho-veda\/","title":{"rendered":"Ivan Srba v rel\u00e1cii .jednoducho veda\u00a0"},"content":{"rendered":"<div id=\"\" class=\"element core-paragraph\">\n<p>Ako n\u00e1m m\u00f4\u017ee umelej inteligencia pom\u00f4c\u0165 v boji proti dezinform\u00e1ci\u00e1m a pri fact-checkingu?<\/p>\n<\/div>\n\n<div id=\"\" class=\"element core-paragraph\">\n<p>N\u00e1\u0161 v\u00fdskumn\u00edk <a href=\"https:\/\/kinit.sk\/sk\/clen\/ivan-srba\/\">Ivan Srba<\/a> bol hos\u0165om v rel\u00e1cii<a href=\"https:\/\/www.tyzden.sk\/podcasty\/jednoducho-veda\/\" target=\"_blank\" rel=\"noreferrer noopener\"> .jednoducho veda<\/a>, kde rozpr\u00e1val ove\u013ek\u00fdch jazykov\u00fdch modeloch a dezinform\u00e1ci\u00e1ch. Po\u010das rozhovoru sa s moder\u00e1torom<a href=\"https:\/\/www.linkedin.com\/in\/juraj-petrovic-212mta\/\" target=\"_blank\" rel=\"noreferrer noopener\"> Jurajom Petrovi\u010dom<\/a> venovali \u0161irokej \u0161k\u00e1le zauj\u00edmav\u00fdch t\u00e9m, ako napr\u00edklad:<\/p>\n<\/div>\n\n<div id=\"\" class=\"element core-list\">\n<ul class=\"wp-block-list\"><div id=\"\" class=\"element core-list-item\">\n<li>Ak\u00e9 s\u00fa z\u00e1sady spracovania prirodzen\u00e9ho jazyka?<\/li>\n<\/div>\n\n<div id=\"\" class=\"element core-list-item\">\n<li>Ako jazykov\u00e9 modely generuj\u00fa dezinform\u00e1cie?<\/li>\n<\/div>\n\n<div id=\"\" class=\"element core-list-item\">\n<li>M\u00f4\u017ee n\u00e1m umel\u00e1 inteligencia pom\u00f4c\u0165 pri odha\u013eovan\u00ed nepravdiv\u00fdch inform\u00e1ci\u00ed a identifik\u00e1cii nespo\u013eahliv\u00fdch zdrojov?<\/li>\n<\/div>\n\n<div id=\"\" class=\"element core-list-item\">\n<li>Predstavuje pou\u017e\u00edvanie umelej inteligencie v online priestore hrozbu?<\/li>\n<\/div><\/ul>\n<\/div>\n\n<div id=\"\" class=\"element core-paragraph\">\n<p>Cel\u00fd rozhovor si m\u00f4\u017eete pozrie\u0165 <a href=\"https:\/\/www.tyzden.sk\/video\/105931\/jednoducho-veda-je-umela-inteligencia-pre-cloveka-hrozbou-moze-byt-naopak-pomocou-odpoveda-finalista-eset-science-award\/?ref=kat\" target=\"_blank\" rel=\"noreferrer noopener\">tu<\/a>.<\/p>\n<\/div>\n\n<div class=\"wp-block-image\"><div id=\"\" class=\"element core-image\">\n<figure class=\"aligncenter is-resized\"><img decoding=\"async\" data-src=\"https:\/\/lh7-us.googleusercontent.com\/esZI62W7HRMI_a6yqW88rFhtbIACpeIZbeK_YSxWV3xz3BGcY_jLVu3mbVp6wfqhVsNa8gKQrDMQaiDIPpsQ7NSz3_MOg0iCGf5Ac8S9eU-8ocvKpscvmufAzXONiwo4FBWJgAK2nCkwIOpvEhhDvUo\" alt=\"\" style=\"width:630px;height:auto\" src=\"data:image\/svg+xml;base64,PHN2ZyB3aWR0aD0iMSIgaGVpZ2h0PSIxIiB4bWxucz0iaHR0cDovL3d3dy53My5vcmcvMjAwMC9zdmciPjwvc3ZnPg==\" class=\"lazyload\" \/><\/figure>\n<\/div><\/div>","protected":false},"excerpt":{"rendered":"<p>Ako n\u00e1m m\u00f4\u017ee umelej inteligencia pom\u00f4c\u0165 v boji proti dezinform\u00e1ci\u00e1m a pri fact-checkingu? N\u00e1\u0161 v\u00fdskumn\u00edk Ivan Srba bol hos\u0165om v rel\u00e1cii .jednoducho veda, kde rozpr\u00e1val ove\u013ek\u00fdch jazykov\u00fdch modeloch a dezinform\u00e1ci\u00e1ch&#8230;.<\/p>\n","protected":false},"author":26,"featured_media":25089,"comment_status":"closed","ping_status":"closed","sticky":false,"template":"","format":"standard","meta":{"_acf_changed":false,"footnotes":""},"categories":[109,442],"tags":[100],"class_list":["post-31307","post","type-post","status-publish","format-standard","has-post-thumbnail","hentry","category-media-coverage-sk","category-2024-sk","tag-podcast-sk"],"acf":[],"yoast_head":"<!-- This site is optimized with the Yoast SEO plugin v27.4 - https:\/\/yoast.com\/product\/yoast-seo-wordpress\/ -->\n<title>Ivan Srba v rel\u00e1cii .jednoducho veda\u00a0 - KInIT<\/title>\n<meta name=\"description\" content=\"N\u00e1\u0161 v\u00fdskumn\u00edk Ivan Srba bol hos\u0165om v rel\u00e1cii .jednoducho veda, kde rozpr\u00e1val ove\u013ek\u00fdch jazykov\u00fdch modeloch a dezinform\u00e1ci\u00e1ch. Po\u010das rozhovoru sa s moder\u00e1torom Jurajom Petrovi\u010dom venovali \u0161irokej \u0161k\u00e1le zauj\u00edmav\u00fdch t\u00e9m.\" \/>\n<meta name=\"robots\" content=\"index, follow, max-snippet:-1, max-image-preview:large, max-video-preview:-1\" \/>\n<link rel=\"canonical\" href=\"https:\/\/kinit.sk\/sk\/ivan-srba-v-relacii-jednoducho-veda\/\" \/>\n<meta property=\"og:locale\" content=\"sk_SK\" \/>\n<meta property=\"og:type\" content=\"article\" \/>\n<meta property=\"og:title\" content=\"Ivan Srba v rel\u00e1cii .jednoducho veda\u00a0 - KInIT\" \/>\n<meta property=\"og:description\" content=\"N\u00e1\u0161 v\u00fdskumn\u00edk Ivan Srba bol hos\u0165om v rel\u00e1cii .jednoducho veda, kde rozpr\u00e1val ove\u013ek\u00fdch jazykov\u00fdch modeloch a dezinform\u00e1ci\u00e1ch. Po\u010das rozhovoru sa s moder\u00e1torom Jurajom Petrovi\u010dom venovali \u0161irokej \u0161k\u00e1le zauj\u00edmav\u00fdch t\u00e9m.\" \/>\n<meta property=\"og:url\" content=\"https:\/\/kinit.sk\/sk\/ivan-srba-v-relacii-jednoducho-veda\/\" \/>\n<meta property=\"og:site_name\" content=\"KInIT\" \/>\n<meta property=\"article:published_time\" content=\"2024-02-09T10:13:17+00:00\" \/>\n<meta property=\"article:modified_time\" content=\"2024-02-09T10:15:34+00:00\" \/>\n<meta property=\"og:image\" content=\"https:\/\/kinit.sk\/wp-content\/uploads\/2023\/02\/Web_news_feature_general_4.png\" \/>\n\t<meta property=\"og:image:width\" content=\"1800\" \/>\n\t<meta property=\"og:image:height\" content=\"942\" \/>\n\t<meta property=\"og:image:type\" content=\"image\/png\" \/>\n<meta name=\"author\" content=\"Marianna Palkova\" \/>\n<meta name=\"twitter:card\" content=\"summary_large_image\" \/>\n<meta name=\"twitter:creator\" content=\"@kinit\" \/>\n<meta name=\"twitter:site\" content=\"@kinit\" \/>\n<meta name=\"twitter:label1\" content=\"Autor\" \/>\n\t<meta name=\"twitter:data1\" content=\"Marianna Palkova\" \/>\n\t<meta name=\"twitter:label2\" content=\"Predpokladan\u00fd \u010das \u010d\u00edtania\" \/>\n\t<meta name=\"twitter:data2\" content=\"1 min\u00fata\" \/>\n<script type=\"application\/ld+json\" class=\"yoast-schema-graph\">{\"@context\":\"https:\\\/\\\/schema.org\",\"@graph\":[{\"@type\":\"Article\",\"@id\":\"https:\\\/\\\/kinit.sk\\\/sk\\\/ivan-srba-v-relacii-jednoducho-veda\\\/#article\",\"isPartOf\":{\"@id\":\"https:\\\/\\\/kinit.sk\\\/sk\\\/ivan-srba-v-relacii-jednoducho-veda\\\/\"},\"author\":{\"name\":\"Marianna Palkova\",\"@id\":\"https:\\\/\\\/kinit.sk\\\/#\\\/schema\\\/person\\\/8b175aaaf3267b5bbbbb97e4a6db8cea\"},\"headline\":\"Ivan Srba v rel\u00e1cii .jednoducho veda\u00a0\",\"datePublished\":\"2024-02-09T10:13:17+00:00\",\"dateModified\":\"2024-02-09T10:15:34+00:00\",\"mainEntityOfPage\":{\"@id\":\"https:\\\/\\\/kinit.sk\\\/sk\\\/ivan-srba-v-relacii-jednoducho-veda\\\/\"},\"wordCount\":126,\"image\":{\"@id\":\"https:\\\/\\\/kinit.sk\\\/sk\\\/ivan-srba-v-relacii-jednoducho-veda\\\/#primaryimage\"},\"thumbnailUrl\":\"https:\\\/\\\/kinit.sk\\\/wp-content\\\/uploads\\\/2023\\\/02\\\/Web_news_feature_general_4.png\",\"keywords\":[\"Podcast\"],\"articleSection\":[\"Media coverage\",\"2024\"],\"inLanguage\":\"sk-SK\"},{\"@type\":\"WebPage\",\"@id\":\"https:\\\/\\\/kinit.sk\\\/sk\\\/ivan-srba-v-relacii-jednoducho-veda\\\/\",\"url\":\"https:\\\/\\\/kinit.sk\\\/sk\\\/ivan-srba-v-relacii-jednoducho-veda\\\/\",\"name\":\"Ivan Srba v rel\u00e1cii .jednoducho veda\u00a0 - KInIT\",\"isPartOf\":{\"@id\":\"https:\\\/\\\/kinit.sk\\\/#website\"},\"primaryImageOfPage\":{\"@id\":\"https:\\\/\\\/kinit.sk\\\/sk\\\/ivan-srba-v-relacii-jednoducho-veda\\\/#primaryimage\"},\"image\":{\"@id\":\"https:\\\/\\\/kinit.sk\\\/sk\\\/ivan-srba-v-relacii-jednoducho-veda\\\/#primaryimage\"},\"thumbnailUrl\":\"https:\\\/\\\/kinit.sk\\\/wp-content\\\/uploads\\\/2023\\\/02\\\/Web_news_feature_general_4.png\",\"datePublished\":\"2024-02-09T10:13:17+00:00\",\"dateModified\":\"2024-02-09T10:15:34+00:00\",\"author\":{\"@id\":\"https:\\\/\\\/kinit.sk\\\/#\\\/schema\\\/person\\\/8b175aaaf3267b5bbbbb97e4a6db8cea\"},\"description\":\"N\u00e1\u0161 v\u00fdskumn\u00edk Ivan Srba bol hos\u0165om v rel\u00e1cii .jednoducho veda, kde rozpr\u00e1val ove\u013ek\u00fdch jazykov\u00fdch modeloch a dezinform\u00e1ci\u00e1ch. Po\u010das rozhovoru sa s moder\u00e1torom Jurajom Petrovi\u010dom venovali \u0161irokej \u0161k\u00e1le zauj\u00edmav\u00fdch t\u00e9m.\",\"breadcrumb\":{\"@id\":\"https:\\\/\\\/kinit.sk\\\/sk\\\/ivan-srba-v-relacii-jednoducho-veda\\\/#breadcrumb\"},\"inLanguage\":\"sk-SK\",\"potentialAction\":[{\"@type\":\"ReadAction\",\"target\":[\"https:\\\/\\\/kinit.sk\\\/sk\\\/ivan-srba-v-relacii-jednoducho-veda\\\/\"]}]},{\"@type\":\"ImageObject\",\"inLanguage\":\"sk-SK\",\"@id\":\"https:\\\/\\\/kinit.sk\\\/sk\\\/ivan-srba-v-relacii-jednoducho-veda\\\/#primaryimage\",\"url\":\"https:\\\/\\\/kinit.sk\\\/wp-content\\\/uploads\\\/2023\\\/02\\\/Web_news_feature_general_4.png\",\"contentUrl\":\"https:\\\/\\\/kinit.sk\\\/wp-content\\\/uploads\\\/2023\\\/02\\\/Web_news_feature_general_4.png\",\"width\":1800,\"height\":942},{\"@type\":\"BreadcrumbList\",\"@id\":\"https:\\\/\\\/kinit.sk\\\/sk\\\/ivan-srba-v-relacii-jednoducho-veda\\\/#breadcrumb\",\"itemListElement\":[{\"@type\":\"ListItem\",\"position\":1,\"name\":\"Home\",\"item\":\"https:\\\/\\\/kinit.sk\\\/sk\\\/uvod\\\/\"},{\"@type\":\"ListItem\",\"position\":2,\"name\":\"Media coverage\",\"item\":\"https:\\\/\\\/kinit.sk\\\/sk\\\/category\\\/media-coverage-sk\\\/\"},{\"@type\":\"ListItem\",\"position\":3,\"name\":\"Ivan Srba v rel\u00e1cii .jednoducho veda\u00a0\"}]},{\"@type\":\"WebSite\",\"@id\":\"https:\\\/\\\/kinit.sk\\\/#website\",\"url\":\"https:\\\/\\\/kinit.sk\\\/\",\"name\":\"KInIT\",\"description\":\"Vyu\u017e\u00edvame v\u00fdskum pre \u013eud\u00ed a priemysel\",\"potentialAction\":[{\"@type\":\"SearchAction\",\"target\":{\"@type\":\"EntryPoint\",\"urlTemplate\":\"https:\\\/\\\/kinit.sk\\\/?s={search_term_string}\"},\"query-input\":{\"@type\":\"PropertyValueSpecification\",\"valueRequired\":true,\"valueName\":\"search_term_string\"}}],\"inLanguage\":\"sk-SK\"},{\"@type\":\"Person\",\"@id\":\"https:\\\/\\\/kinit.sk\\\/#\\\/schema\\\/person\\\/8b175aaaf3267b5bbbbb97e4a6db8cea\",\"name\":\"Marianna Palkova\"}]}<\/script>\n<!-- \/ Yoast SEO plugin. -->","yoast_head_json":{"title":"Ivan Srba v rel\u00e1cii .jednoducho veda\u00a0 - KInIT","description":"N\u00e1\u0161 v\u00fdskumn\u00edk Ivan Srba bol hos\u0165om v rel\u00e1cii .jednoducho veda, kde rozpr\u00e1val ove\u013ek\u00fdch jazykov\u00fdch modeloch a dezinform\u00e1ci\u00e1ch. Po\u010das rozhovoru sa s moder\u00e1torom Jurajom Petrovi\u010dom venovali \u0161irokej \u0161k\u00e1le zauj\u00edmav\u00fdch t\u00e9m.","robots":{"index":"index","follow":"follow","max-snippet":"max-snippet:-1","max-image-preview":"max-image-preview:large","max-video-preview":"max-video-preview:-1"},"canonical":"https:\/\/kinit.sk\/sk\/ivan-srba-v-relacii-jednoducho-veda\/","og_locale":"sk_SK","og_type":"article","og_title":"Ivan Srba v rel\u00e1cii .jednoducho veda\u00a0 - KInIT","og_description":"N\u00e1\u0161 v\u00fdskumn\u00edk Ivan Srba bol hos\u0165om v rel\u00e1cii .jednoducho veda, kde rozpr\u00e1val ove\u013ek\u00fdch jazykov\u00fdch modeloch a dezinform\u00e1ci\u00e1ch. Po\u010das rozhovoru sa s moder\u00e1torom Jurajom Petrovi\u010dom venovali \u0161irokej \u0161k\u00e1le zauj\u00edmav\u00fdch t\u00e9m.","og_url":"https:\/\/kinit.sk\/sk\/ivan-srba-v-relacii-jednoducho-veda\/","og_site_name":"KInIT","article_published_time":"2024-02-09T10:13:17+00:00","article_modified_time":"2024-02-09T10:15:34+00:00","og_image":[{"width":1800,"height":942,"url":"https:\/\/kinit.sk\/wp-content\/uploads\/2023\/02\/Web_news_feature_general_4.png","type":"image\/png"}],"author":"Marianna Palkova","twitter_card":"summary_large_image","twitter_creator":"@kinit","twitter_site":"@kinit","twitter_misc":{"Autor":"Marianna Palkova","Predpokladan\u00fd \u010das \u010d\u00edtania":"1 min\u00fata"},"schema":{"@context":"https:\/\/schema.org","@graph":[{"@type":"Article","@id":"https:\/\/kinit.sk\/sk\/ivan-srba-v-relacii-jednoducho-veda\/#article","isPartOf":{"@id":"https:\/\/kinit.sk\/sk\/ivan-srba-v-relacii-jednoducho-veda\/"},"author":{"name":"Marianna Palkova","@id":"https:\/\/kinit.sk\/#\/schema\/person\/8b175aaaf3267b5bbbbb97e4a6db8cea"},"headline":"Ivan Srba v rel\u00e1cii .jednoducho veda\u00a0","datePublished":"2024-02-09T10:13:17+00:00","dateModified":"2024-02-09T10:15:34+00:00","mainEntityOfPage":{"@id":"https:\/\/kinit.sk\/sk\/ivan-srba-v-relacii-jednoducho-veda\/"},"wordCount":126,"image":{"@id":"https:\/\/kinit.sk\/sk\/ivan-srba-v-relacii-jednoducho-veda\/#primaryimage"},"thumbnailUrl":"https:\/\/kinit.sk\/wp-content\/uploads\/2023\/02\/Web_news_feature_general_4.png","keywords":["Podcast"],"articleSection":["Media coverage","2024"],"inLanguage":"sk-SK"},{"@type":"WebPage","@id":"https:\/\/kinit.sk\/sk\/ivan-srba-v-relacii-jednoducho-veda\/","url":"https:\/\/kinit.sk\/sk\/ivan-srba-v-relacii-jednoducho-veda\/","name":"Ivan Srba v rel\u00e1cii .jednoducho veda\u00a0 - KInIT","isPartOf":{"@id":"https:\/\/kinit.sk\/#website"},"primaryImageOfPage":{"@id":"https:\/\/kinit.sk\/sk\/ivan-srba-v-relacii-jednoducho-veda\/#primaryimage"},"image":{"@id":"https:\/\/kinit.sk\/sk\/ivan-srba-v-relacii-jednoducho-veda\/#primaryimage"},"thumbnailUrl":"https:\/\/kinit.sk\/wp-content\/uploads\/2023\/02\/Web_news_feature_general_4.png","datePublished":"2024-02-09T10:13:17+00:00","dateModified":"2024-02-09T10:15:34+00:00","author":{"@id":"https:\/\/kinit.sk\/#\/schema\/person\/8b175aaaf3267b5bbbbb97e4a6db8cea"},"description":"N\u00e1\u0161 v\u00fdskumn\u00edk Ivan Srba bol hos\u0165om v rel\u00e1cii .jednoducho veda, kde rozpr\u00e1val ove\u013ek\u00fdch jazykov\u00fdch modeloch a dezinform\u00e1ci\u00e1ch. Po\u010das rozhovoru sa s moder\u00e1torom Jurajom Petrovi\u010dom venovali \u0161irokej \u0161k\u00e1le zauj\u00edmav\u00fdch t\u00e9m.","breadcrumb":{"@id":"https:\/\/kinit.sk\/sk\/ivan-srba-v-relacii-jednoducho-veda\/#breadcrumb"},"inLanguage":"sk-SK","potentialAction":[{"@type":"ReadAction","target":["https:\/\/kinit.sk\/sk\/ivan-srba-v-relacii-jednoducho-veda\/"]}]},{"@type":"ImageObject","inLanguage":"sk-SK","@id":"https:\/\/kinit.sk\/sk\/ivan-srba-v-relacii-jednoducho-veda\/#primaryimage","url":"https:\/\/kinit.sk\/wp-content\/uploads\/2023\/02\/Web_news_feature_general_4.png","contentUrl":"https:\/\/kinit.sk\/wp-content\/uploads\/2023\/02\/Web_news_feature_general_4.png","width":1800,"height":942},{"@type":"BreadcrumbList","@id":"https:\/\/kinit.sk\/sk\/ivan-srba-v-relacii-jednoducho-veda\/#breadcrumb","itemListElement":[{"@type":"ListItem","position":1,"name":"Home","item":"https:\/\/kinit.sk\/sk\/uvod\/"},{"@type":"ListItem","position":2,"name":"Media coverage","item":"https:\/\/kinit.sk\/sk\/category\/media-coverage-sk\/"},{"@type":"ListItem","position":3,"name":"Ivan Srba v rel\u00e1cii .jednoducho veda\u00a0"}]},{"@type":"WebSite","@id":"https:\/\/kinit.sk\/#website","url":"https:\/\/kinit.sk\/","name":"KInIT","description":"Vyu\u017e\u00edvame v\u00fdskum pre \u013eud\u00ed a priemysel","potentialAction":[{"@type":"SearchAction","target":{"@type":"EntryPoint","urlTemplate":"https:\/\/kinit.sk\/?s={search_term_string}"},"query-input":{"@type":"PropertyValueSpecification","valueRequired":true,"valueName":"search_term_string"}}],"inLanguage":"sk-SK"},{"@type":"Person","@id":"https:\/\/kinit.sk\/#\/schema\/person\/8b175aaaf3267b5bbbbb97e4a6db8cea","name":"Marianna Palkova"}]}},"_links":{"self":[{"href":"https:\/\/kinit.sk\/sk\/wp-json\/wp\/v2\/posts\/31307","targetHints":{"allow":["GET"]}}],"collection":[{"href":"https:\/\/kinit.sk\/sk\/wp-json\/wp\/v2\/posts"}],"about":[{"href":"https:\/\/kinit.sk\/sk\/wp-json\/wp\/v2\/types\/post"}],"author":[{"embeddable":true,"href":"https:\/\/kinit.sk\/sk\/wp-json\/wp\/v2\/users\/26"}],"replies":[{"embeddable":true,"href":"https:\/\/kinit.sk\/sk\/wp-json\/wp\/v2\/comments?post=31307"}],"version-history":[{"count":2,"href":"https:\/\/kinit.sk\/sk\/wp-json\/wp\/v2\/posts\/31307\/revisions"}],"predecessor-version":[{"id":31311,"href":"https:\/\/kinit.sk\/sk\/wp-json\/wp\/v2\/posts\/31307\/revisions\/31311"}],"wp:featuredmedia":[{"embeddable":true,"href":"https:\/\/kinit.sk\/sk\/wp-json\/wp\/v2\/media\/25089"}],"wp:attachment":[{"href":"https:\/\/kinit.sk\/sk\/wp-json\/wp\/v2\/media?parent=31307"}],"wp:term":[{"taxonomy":"category","embeddable":true,"href":"https:\/\/kinit.sk\/sk\/wp-json\/wp\/v2\/categories?post=31307"},{"taxonomy":"post_tag","embeddable":true,"href":"https:\/\/kinit.sk\/sk\/wp-json\/wp\/v2\/tags?post=31307"}],"curies":[{"name":"wp","href":"https:\/\/api.w.org\/{rel}","templated":true}]}}