{"id":31274,"date":"2024-02-08T13:32:44","date_gmt":"2024-02-08T12:32:44","guid":{"rendered":"https:\/\/kinit.sk\/state-decoration-for-maria-bielikova-in-the-media\/"},"modified":"2024-02-08T13:38:09","modified_gmt":"2024-02-08T12:38:09","slug":"statne-vyznamenanie-pre-mariu-bielikovu-v-mediach","status":"publish","type":"post","link":"https:\/\/kinit.sk\/sk\/statne-vyznamenanie-pre-mariu-bielikovu-v-mediach\/","title":{"rendered":"\u0160t\u00e1tne vyznamenanie pre M\u00e1riu Bielikov\u00fa v m\u00e9di\u00e1ch"},"content":{"rendered":"<div id=\"\" class=\"element core-paragraph\">\n<p>Na\u0161a zakladate\u013eka <a href=\"https:\/\/kinit.sk\/member\/maria-bielikova\/?highlight=M%C3%A1ria%20bielikov%C3%A1%20\">M\u00e1ria Bielikov\u00e1<\/a> z\u00edskala prest\u00ed\u017eny Rad \u013dudov\u00edta \u0160t\u00fara II. triedy od prezidentky <a href=\"https:\/\/www.linkedin.com\/in\/zuzana-caputova\/?originalSubdomain=sk\" target=\"_blank\" rel=\"noreferrer noopener\">Zuzany \u010caputovej<\/a>. Mimoriadne vyznamenanie bolo M\u00e1rii udelen\u00e9 za jej pozoruhodn\u00fd pr\u00ednos pri rozvoji Slovenska v oblasti vedy, technol\u00f3gi\u00ed a vzdel\u00e1vania.<\/p>\n<\/div>\n\n<div id=\"\" class=\"element core-paragraph\">\n<p>Prezidentka Zuzana \u010caputov\u00e1 ocenila 33 osobnost\u00ed z r\u00f4znych oblast\u00ed, ako napr\u00edklad spolo\u010densk\u00e1, kult\u00farna a \u0161portov\u00e1 sf\u00e9ra. Pokia\u013e sa chcete dozvedie\u0165 o oceneniach viac, pre\u010d\u00edtajte si nasleduj\u00face \u010dl\u00e1nky:<\/p>\n<\/div>\n\n<div id=\"\" class=\"element core-list\">\n<ul class=\"wp-block-list\"><div id=\"\" class=\"element core-list-item\">\n<li>\u0160t\u00e1tne vyznamenania na <a href=\"https:\/\/spravy.rtvs.sk\/2024\/01\/nazivo-prezidentka-zuzana-caputova-udeluje-statne-vyznamenania-ziska-ich-33-osobnosti\/\" target=\"_blank\" rel=\"noreferrer noopener\">spr\u00e1vy rtvs<\/a><\/li>\n<\/div>\n\n<div id=\"\" class=\"element core-list-item\">\n<li>\u0160t\u00e1tne vyznamenania na <a href=\"https:\/\/domov.sme.sk\/c\/23268373\/vlhova-bagala-ci-bielikova-prezidentka-naposledy-udelovala-statne-vyznamenania.html\" target=\"_blank\" rel=\"noreferrer noopener\">sme.sk<\/a><\/li>\n<\/div>\n\n<div id=\"\" class=\"element core-list-item\">\n<li>\u0160t\u00e1tne vyznamenania na <a href=\"https:\/\/dennikn.sk\/3774018\/prezidentka-naposledy-udelila-vyznamenania-vybrala-vlhovu-michnika-nepelu-bebjaka-disidentov-aj-knazov\/?ref=list\" target=\"_blank\" rel=\"noreferrer noopener\">dennikn.sk<\/a><\/li>\n<\/div>\n\n<div id=\"\" class=\"element core-list-item\">\n<li>\u0160t\u00e1tne vyznamenania na <a href=\"https:\/\/www.bystricoviny.sk\/bystricoviny-tv\/prezidentka-sr-ocenila-33-osobnosti-z-oblasti-spolocenskeho-kulturneho-a-sportoveho-zivota\/\" target=\"_blank\" rel=\"noreferrer noopener\">bystricoviny.sk<\/a><\/li>\n<\/div>\n\n<div id=\"\" class=\"element core-list-item\">\n<li>\u0160t\u00e1tne vyznamenania na <a href=\"https:\/\/www.aktuality.sk\/clanok\/NjN51Fw\/petra-vlhova-eva-pavlikova-ci-peter-bebjak-prezidentka-naposledy-udelila-statne-vyznamenania\/\" target=\"_blank\" rel=\"noreferrer noopener\">aktuality.sk<\/a><\/li>\n<\/div>\n\n<div id=\"\" class=\"element core-list-item\">\n<li>\u0160t\u00e1tne vyznamenania na <a href=\"https:\/\/www.omediach.com\/strucne\/25964-zuzana-caputova-statne-vyznamenanie-dostali-tieto-osobnosti-zoznam\" target=\"_blank\" rel=\"noreferrer noopener\">omediach.sk<\/a><\/li>\n<\/div>\n\n<div id=\"\" class=\"element core-list-item\">\n<li>\u0160t\u00e1tne vyznamenania na <a href=\"https:\/\/tvnoviny.sk\/domace\/clanok\/875743-vlhova-nepela-i-michnik-prezidentka-poslednykrat-udelila-statne-vyznamenania\" target=\"_blank\" rel=\"noreferrer noopener\">tvnoviny.sk<\/a><\/li>\n<\/div>\n\n<div id=\"\" class=\"element core-list-item\">\n<li>\u0160t\u00e1tne vyznamenania na <a href=\"https:\/\/www.ta3.com\/clanok\/919825\/prezidentka-udelila-vyznamenania-33-osobnostiam-pozrite-si-kto-ich-dostal\" target=\"_blank\" rel=\"noreferrer noopener\">ta3.com<\/a><\/li>\n<\/div>\n\n<div id=\"\" class=\"element core-list-item\">\n<li>\u0160t\u00e1tne vyznamenania na <a href=\"https:\/\/www.teraz.sk\/slovensko\/prezidentka-udelila-statne-vyznamenani\/767348-clanok.html\" target=\"_blank\" rel=\"noreferrer noopener\">teraz.sk<\/a><\/li>\n<\/div>\n\n<div id=\"\" class=\"element core-list-item\">\n<li>\u0160t\u00e1tne vyznamenania na <a href=\"https:\/\/www.bratislavskenoviny.sk\/aktuality\/79228-prezidentka-zuzana-caputova-udelila-vyznamenania-33-osobnostiam\" target=\"_blank\" rel=\"noreferrer noopener\">bratislavskenoviny.sk<\/a><\/li>\n<\/div>\n\n<div id=\"\" class=\"element core-list-item\">\n<li>\u0160t\u00e1tne vyznamenania na <a href=\"https:\/\/www.kosiceonline.sk\/prezidentka-udelila-statne-vyznamenania\" target=\"_blank\" rel=\"noreferrer noopener\">kosiceonline.sk<\/a><\/li>\n<\/div>\n\n<div id=\"\" class=\"element core-list-item\">\n<li>\u0160t\u00e1tne vyznamenania na <a href=\"https:\/\/spravy.pravda.sk\/domace\/clanok\/695911-prezidentka-caputova-udelila-vyznamenania-33-osobnostiam\/\" target=\"_blank\" rel=\"noreferrer noopener\">pravda.sk<\/a><\/li>\n<\/div>\n\n<div id=\"\" class=\"element core-list-item\">\n<li>\u0160t\u00e1tne vyznamenania na <a href=\"https:\/\/sita.sk\/caputova-vyznamenala-vlhovu-aj-ceskeho-biskupa-maleho-cenu-si-odniesol-tiez-zahranicny-novinar-foto\/\" target=\"_blank\" rel=\"noreferrer noopener\">sita.sk<\/a><\/li>\n<\/div>\n\n<div id=\"\" class=\"element core-list-item\">\n<li>\u0160t\u00e1tne vyznamenania na <a href=\"https:\/\/www.noviny.sk\/slovensko\/878661-prezidentka-ocenila-33-vynimocnych-osobnosti-odzneli-aj-zvucne-mena\" target=\"_blank\" rel=\"noreferrer noopener\">noviny.sk<\/a><\/li>\n<\/div>\n\n<div id=\"\" class=\"element core-list-item\">\n<li>\u0160t\u00e1tne vyznamenania na <a href=\"https:\/\/zive.aktuality.sk\/clanok\/imndzkE\/prezidentka-ocenila-aj-profesorku-mariu-bielikovu-precitajte-si-rozhovor-s-nou\/?fbclid=IwAR1QwgvLblKoKRhwvUnZzDPM8ythEo6QGmPsqMYTFOiExz4pEgyT054-54k\" target=\"_blank\" rel=\"noreferrer noopener\">zive.sk<\/a><\/li>\n<\/div><\/ul>\n<\/div>","protected":false},"excerpt":{"rendered":"<p>Na\u0161a zakladate\u013eka M\u00e1ria Bielikov\u00e1 z\u00edskala prest\u00ed\u017eny Rad \u013dudov\u00edta \u0160t\u00fara II. triedy od prezidentky Zuzany \u010caputovej. Mimoriadne vyznamenanie bolo M\u00e1rii udelen\u00e9 za jej pozoruhodn\u00fd pr\u00ednos pri rozvoji Slovenska v oblasti vedy,&#8230;<\/p>\n","protected":false},"author":26,"featured_media":36979,"comment_status":"closed","ping_status":"closed","sticky":false,"template":"","format":"standard","meta":{"_acf_changed":false,"footnotes":""},"categories":[109,442],"tags":[],"class_list":["post-31274","post","type-post","status-publish","format-standard","has-post-thumbnail","hentry","category-media-coverage-sk","category-2024-sk"],"acf":[],"yoast_head":"<!-- This site is optimized with the Yoast SEO plugin v27.4 - https:\/\/yoast.com\/product\/yoast-seo-wordpress\/ -->\n<title>\u0160t\u00e1tne vyznamenanie pre M\u00e1riu Bielikov\u00fa v m\u00e9di\u00e1ch - KInIT<\/title>\n<meta name=\"description\" content=\"Na\u0161a zakladate\u013eka M\u00e1ria Bielikov\u00e1 z\u00edskala prest\u00ed\u017eny Rad \u013dudov\u00edta \u0160t\u00fara II. triedy od prezidentky Zuzany \u010caputovej. Mimoriadne vyznamenanie bolo M\u00e1rii udelen\u00e9 za jej pozoruhodn\u00fd pr\u00ednos pri rozvoji Slovenska v oblasti vedy, technol\u00f3gi\u00ed a vzdel\u00e1vania.\" \/>\n<meta name=\"robots\" content=\"index, follow, max-snippet:-1, max-image-preview:large, max-video-preview:-1\" \/>\n<link rel=\"canonical\" href=\"https:\/\/kinit.sk\/sk\/statne-vyznamenanie-pre-mariu-bielikovu-v-mediach\/\" \/>\n<meta property=\"og:locale\" content=\"sk_SK\" \/>\n<meta property=\"og:type\" content=\"article\" \/>\n<meta property=\"og:title\" content=\"\u0160t\u00e1tne vyznamenanie pre M\u00e1riu Bielikov\u00fa v m\u00e9di\u00e1ch - KInIT\" \/>\n<meta property=\"og:description\" content=\"Na\u0161a zakladate\u013eka M\u00e1ria Bielikov\u00e1 z\u00edskala prest\u00ed\u017eny Rad \u013dudov\u00edta \u0160t\u00fara II. triedy od prezidentky Zuzany \u010caputovej. Mimoriadne vyznamenanie bolo M\u00e1rii udelen\u00e9 za jej pozoruhodn\u00fd pr\u00ednos pri rozvoji Slovenska v oblasti vedy, technol\u00f3gi\u00ed a vzdel\u00e1vania.\" \/>\n<meta property=\"og:url\" content=\"https:\/\/kinit.sk\/sk\/statne-vyznamenanie-pre-mariu-bielikovu-v-mediach\/\" \/>\n<meta property=\"og:site_name\" content=\"KInIT\" \/>\n<meta property=\"article:published_time\" content=\"2024-02-08T12:32:44+00:00\" \/>\n<meta property=\"article:modified_time\" content=\"2024-02-08T12:38:09+00:00\" \/>\n<meta property=\"og:image\" content=\"https:\/\/kinit.sk\/wp-content\/uploads\/2024\/10\/Media-coverage_feature-images_Maria-Bielikova-scaled.png\" \/>\n\t<meta property=\"og:image:width\" content=\"2560\" \/>\n\t<meta property=\"og:image:height\" content=\"1340\" \/>\n\t<meta property=\"og:image:type\" content=\"image\/png\" \/>\n<meta name=\"author\" content=\"Marianna Palkova\" \/>\n<meta name=\"twitter:card\" content=\"summary_large_image\" \/>\n<meta name=\"twitter:creator\" content=\"@kinit\" \/>\n<meta name=\"twitter:site\" content=\"@kinit\" \/>\n<meta name=\"twitter:label1\" content=\"Autor\" \/>\n\t<meta name=\"twitter:data1\" content=\"Marianna Palkova\" \/>\n\t<meta name=\"twitter:label2\" content=\"Predpokladan\u00fd \u010das \u010d\u00edtania\" \/>\n\t<meta name=\"twitter:data2\" content=\"1 min\u00fata\" \/>\n<script type=\"application\/ld+json\" class=\"yoast-schema-graph\">{\"@context\":\"https:\\\/\\\/schema.org\",\"@graph\":[{\"@type\":\"Article\",\"@id\":\"https:\\\/\\\/kinit.sk\\\/sk\\\/statne-vyznamenanie-pre-mariu-bielikovu-v-mediach\\\/#article\",\"isPartOf\":{\"@id\":\"https:\\\/\\\/kinit.sk\\\/sk\\\/statne-vyznamenanie-pre-mariu-bielikovu-v-mediach\\\/\"},\"author\":{\"name\":\"Marianna Palkova\",\"@id\":\"https:\\\/\\\/kinit.sk\\\/#\\\/schema\\\/person\\\/8b175aaaf3267b5bbbbb97e4a6db8cea\"},\"headline\":\"\u0160t\u00e1tne vyznamenanie pre M\u00e1riu Bielikov\u00fa v m\u00e9di\u00e1ch\",\"datePublished\":\"2024-02-08T12:32:44+00:00\",\"dateModified\":\"2024-02-08T12:38:09+00:00\",\"mainEntityOfPage\":{\"@id\":\"https:\\\/\\\/kinit.sk\\\/sk\\\/statne-vyznamenanie-pre-mariu-bielikovu-v-mediach\\\/\"},\"wordCount\":180,\"image\":{\"@id\":\"https:\\\/\\\/kinit.sk\\\/sk\\\/statne-vyznamenanie-pre-mariu-bielikovu-v-mediach\\\/#primaryimage\"},\"thumbnailUrl\":\"https:\\\/\\\/kinit.sk\\\/wp-content\\\/uploads\\\/2024\\\/10\\\/Media-coverage_feature-images_Maria-Bielikova-scaled.png\",\"articleSection\":[\"Media coverage\",\"2024\"],\"inLanguage\":\"sk-SK\"},{\"@type\":\"WebPage\",\"@id\":\"https:\\\/\\\/kinit.sk\\\/sk\\\/statne-vyznamenanie-pre-mariu-bielikovu-v-mediach\\\/\",\"url\":\"https:\\\/\\\/kinit.sk\\\/sk\\\/statne-vyznamenanie-pre-mariu-bielikovu-v-mediach\\\/\",\"name\":\"\u0160t\u00e1tne vyznamenanie pre M\u00e1riu Bielikov\u00fa v m\u00e9di\u00e1ch - KInIT\",\"isPartOf\":{\"@id\":\"https:\\\/\\\/kinit.sk\\\/#website\"},\"primaryImageOfPage\":{\"@id\":\"https:\\\/\\\/kinit.sk\\\/sk\\\/statne-vyznamenanie-pre-mariu-bielikovu-v-mediach\\\/#primaryimage\"},\"image\":{\"@id\":\"https:\\\/\\\/kinit.sk\\\/sk\\\/statne-vyznamenanie-pre-mariu-bielikovu-v-mediach\\\/#primaryimage\"},\"thumbnailUrl\":\"https:\\\/\\\/kinit.sk\\\/wp-content\\\/uploads\\\/2024\\\/10\\\/Media-coverage_feature-images_Maria-Bielikova-scaled.png\",\"datePublished\":\"2024-02-08T12:32:44+00:00\",\"dateModified\":\"2024-02-08T12:38:09+00:00\",\"author\":{\"@id\":\"https:\\\/\\\/kinit.sk\\\/#\\\/schema\\\/person\\\/8b175aaaf3267b5bbbbb97e4a6db8cea\"},\"description\":\"Na\u0161a zakladate\u013eka M\u00e1ria Bielikov\u00e1 z\u00edskala prest\u00ed\u017eny Rad \u013dudov\u00edta \u0160t\u00fara II. triedy od prezidentky Zuzany \u010caputovej. Mimoriadne vyznamenanie bolo M\u00e1rii udelen\u00e9 za jej pozoruhodn\u00fd pr\u00ednos pri rozvoji Slovenska v oblasti vedy, technol\u00f3gi\u00ed a vzdel\u00e1vania.\",\"breadcrumb\":{\"@id\":\"https:\\\/\\\/kinit.sk\\\/sk\\\/statne-vyznamenanie-pre-mariu-bielikovu-v-mediach\\\/#breadcrumb\"},\"inLanguage\":\"sk-SK\",\"potentialAction\":[{\"@type\":\"ReadAction\",\"target\":[\"https:\\\/\\\/kinit.sk\\\/sk\\\/statne-vyznamenanie-pre-mariu-bielikovu-v-mediach\\\/\"]}]},{\"@type\":\"ImageObject\",\"inLanguage\":\"sk-SK\",\"@id\":\"https:\\\/\\\/kinit.sk\\\/sk\\\/statne-vyznamenanie-pre-mariu-bielikovu-v-mediach\\\/#primaryimage\",\"url\":\"https:\\\/\\\/kinit.sk\\\/wp-content\\\/uploads\\\/2024\\\/10\\\/Media-coverage_feature-images_Maria-Bielikova-scaled.png\",\"contentUrl\":\"https:\\\/\\\/kinit.sk\\\/wp-content\\\/uploads\\\/2024\\\/10\\\/Media-coverage_feature-images_Maria-Bielikova-scaled.png\",\"width\":2560,\"height\":1340},{\"@type\":\"BreadcrumbList\",\"@id\":\"https:\\\/\\\/kinit.sk\\\/sk\\\/statne-vyznamenanie-pre-mariu-bielikovu-v-mediach\\\/#breadcrumb\",\"itemListElement\":[{\"@type\":\"ListItem\",\"position\":1,\"name\":\"Home\",\"item\":\"https:\\\/\\\/kinit.sk\\\/sk\\\/\"},{\"@type\":\"ListItem\",\"position\":2,\"name\":\"Media coverage\",\"item\":\"https:\\\/\\\/kinit.sk\\\/category\\\/media-coverage\\\/\"},{\"@type\":\"ListItem\",\"position\":3,\"name\":\"\u0160t\u00e1tne vyznamenanie pre M\u00e1riu Bielikov\u00fa v m\u00e9di\u00e1ch\"}]},{\"@type\":\"WebSite\",\"@id\":\"https:\\\/\\\/kinit.sk\\\/#website\",\"url\":\"https:\\\/\\\/kinit.sk\\\/\",\"name\":\"KInIT\",\"description\":\"Vyu\u017e\u00edvame v\u00fdskum pre \u013eud\u00ed a priemysel\",\"potentialAction\":[{\"@type\":\"SearchAction\",\"target\":{\"@type\":\"EntryPoint\",\"urlTemplate\":\"https:\\\/\\\/kinit.sk\\\/?s={search_term_string}\"},\"query-input\":{\"@type\":\"PropertyValueSpecification\",\"valueRequired\":true,\"valueName\":\"search_term_string\"}}],\"inLanguage\":\"sk-SK\"},{\"@type\":\"Person\",\"@id\":\"https:\\\/\\\/kinit.sk\\\/#\\\/schema\\\/person\\\/8b175aaaf3267b5bbbbb97e4a6db8cea\",\"name\":\"Marianna Palkova\"}]}<\/script>\n<!-- \/ Yoast SEO plugin. -->","yoast_head_json":{"title":"\u0160t\u00e1tne vyznamenanie pre M\u00e1riu Bielikov\u00fa v m\u00e9di\u00e1ch - KInIT","description":"Na\u0161a zakladate\u013eka M\u00e1ria Bielikov\u00e1 z\u00edskala prest\u00ed\u017eny Rad \u013dudov\u00edta \u0160t\u00fara II. triedy od prezidentky Zuzany \u010caputovej. Mimoriadne vyznamenanie bolo M\u00e1rii udelen\u00e9 za jej pozoruhodn\u00fd pr\u00ednos pri rozvoji Slovenska v oblasti vedy, technol\u00f3gi\u00ed a vzdel\u00e1vania.","robots":{"index":"index","follow":"follow","max-snippet":"max-snippet:-1","max-image-preview":"max-image-preview:large","max-video-preview":"max-video-preview:-1"},"canonical":"https:\/\/kinit.sk\/sk\/statne-vyznamenanie-pre-mariu-bielikovu-v-mediach\/","og_locale":"sk_SK","og_type":"article","og_title":"\u0160t\u00e1tne vyznamenanie pre M\u00e1riu Bielikov\u00fa v m\u00e9di\u00e1ch - KInIT","og_description":"Na\u0161a zakladate\u013eka M\u00e1ria Bielikov\u00e1 z\u00edskala prest\u00ed\u017eny Rad \u013dudov\u00edta \u0160t\u00fara II. triedy od prezidentky Zuzany \u010caputovej. Mimoriadne vyznamenanie bolo M\u00e1rii udelen\u00e9 za jej pozoruhodn\u00fd pr\u00ednos pri rozvoji Slovenska v oblasti vedy, technol\u00f3gi\u00ed a vzdel\u00e1vania.","og_url":"https:\/\/kinit.sk\/sk\/statne-vyznamenanie-pre-mariu-bielikovu-v-mediach\/","og_site_name":"KInIT","article_published_time":"2024-02-08T12:32:44+00:00","article_modified_time":"2024-02-08T12:38:09+00:00","og_image":[{"width":2560,"height":1340,"url":"https:\/\/kinit.sk\/wp-content\/uploads\/2024\/10\/Media-coverage_feature-images_Maria-Bielikova-scaled.png","type":"image\/png"}],"author":"Marianna Palkova","twitter_card":"summary_large_image","twitter_creator":"@kinit","twitter_site":"@kinit","twitter_misc":{"Autor":"Marianna Palkova","Predpokladan\u00fd \u010das \u010d\u00edtania":"1 min\u00fata"},"schema":{"@context":"https:\/\/schema.org","@graph":[{"@type":"Article","@id":"https:\/\/kinit.sk\/sk\/statne-vyznamenanie-pre-mariu-bielikovu-v-mediach\/#article","isPartOf":{"@id":"https:\/\/kinit.sk\/sk\/statne-vyznamenanie-pre-mariu-bielikovu-v-mediach\/"},"author":{"name":"Marianna Palkova","@id":"https:\/\/kinit.sk\/#\/schema\/person\/8b175aaaf3267b5bbbbb97e4a6db8cea"},"headline":"\u0160t\u00e1tne vyznamenanie pre M\u00e1riu Bielikov\u00fa v m\u00e9di\u00e1ch","datePublished":"2024-02-08T12:32:44+00:00","dateModified":"2024-02-08T12:38:09+00:00","mainEntityOfPage":{"@id":"https:\/\/kinit.sk\/sk\/statne-vyznamenanie-pre-mariu-bielikovu-v-mediach\/"},"wordCount":180,"image":{"@id":"https:\/\/kinit.sk\/sk\/statne-vyznamenanie-pre-mariu-bielikovu-v-mediach\/#primaryimage"},"thumbnailUrl":"https:\/\/kinit.sk\/wp-content\/uploads\/2024\/10\/Media-coverage_feature-images_Maria-Bielikova-scaled.png","articleSection":["Media coverage","2024"],"inLanguage":"sk-SK"},{"@type":"WebPage","@id":"https:\/\/kinit.sk\/sk\/statne-vyznamenanie-pre-mariu-bielikovu-v-mediach\/","url":"https:\/\/kinit.sk\/sk\/statne-vyznamenanie-pre-mariu-bielikovu-v-mediach\/","name":"\u0160t\u00e1tne vyznamenanie pre M\u00e1riu Bielikov\u00fa v m\u00e9di\u00e1ch - KInIT","isPartOf":{"@id":"https:\/\/kinit.sk\/#website"},"primaryImageOfPage":{"@id":"https:\/\/kinit.sk\/sk\/statne-vyznamenanie-pre-mariu-bielikovu-v-mediach\/#primaryimage"},"image":{"@id":"https:\/\/kinit.sk\/sk\/statne-vyznamenanie-pre-mariu-bielikovu-v-mediach\/#primaryimage"},"thumbnailUrl":"https:\/\/kinit.sk\/wp-content\/uploads\/2024\/10\/Media-coverage_feature-images_Maria-Bielikova-scaled.png","datePublished":"2024-02-08T12:32:44+00:00","dateModified":"2024-02-08T12:38:09+00:00","author":{"@id":"https:\/\/kinit.sk\/#\/schema\/person\/8b175aaaf3267b5bbbbb97e4a6db8cea"},"description":"Na\u0161a zakladate\u013eka M\u00e1ria Bielikov\u00e1 z\u00edskala prest\u00ed\u017eny Rad \u013dudov\u00edta \u0160t\u00fara II. triedy od prezidentky Zuzany \u010caputovej. Mimoriadne vyznamenanie bolo M\u00e1rii udelen\u00e9 za jej pozoruhodn\u00fd pr\u00ednos pri rozvoji Slovenska v oblasti vedy, technol\u00f3gi\u00ed a vzdel\u00e1vania.","breadcrumb":{"@id":"https:\/\/kinit.sk\/sk\/statne-vyznamenanie-pre-mariu-bielikovu-v-mediach\/#breadcrumb"},"inLanguage":"sk-SK","potentialAction":[{"@type":"ReadAction","target":["https:\/\/kinit.sk\/sk\/statne-vyznamenanie-pre-mariu-bielikovu-v-mediach\/"]}]},{"@type":"ImageObject","inLanguage":"sk-SK","@id":"https:\/\/kinit.sk\/sk\/statne-vyznamenanie-pre-mariu-bielikovu-v-mediach\/#primaryimage","url":"https:\/\/kinit.sk\/wp-content\/uploads\/2024\/10\/Media-coverage_feature-images_Maria-Bielikova-scaled.png","contentUrl":"https:\/\/kinit.sk\/wp-content\/uploads\/2024\/10\/Media-coverage_feature-images_Maria-Bielikova-scaled.png","width":2560,"height":1340},{"@type":"BreadcrumbList","@id":"https:\/\/kinit.sk\/sk\/statne-vyznamenanie-pre-mariu-bielikovu-v-mediach\/#breadcrumb","itemListElement":[{"@type":"ListItem","position":1,"name":"Home","item":"https:\/\/kinit.sk\/sk\/"},{"@type":"ListItem","position":2,"name":"Media coverage","item":"https:\/\/kinit.sk\/category\/media-coverage\/"},{"@type":"ListItem","position":3,"name":"\u0160t\u00e1tne vyznamenanie pre M\u00e1riu Bielikov\u00fa v m\u00e9di\u00e1ch"}]},{"@type":"WebSite","@id":"https:\/\/kinit.sk\/#website","url":"https:\/\/kinit.sk\/","name":"KInIT","description":"Vyu\u017e\u00edvame v\u00fdskum pre \u013eud\u00ed a priemysel","potentialAction":[{"@type":"SearchAction","target":{"@type":"EntryPoint","urlTemplate":"https:\/\/kinit.sk\/?s={search_term_string}"},"query-input":{"@type":"PropertyValueSpecification","valueRequired":true,"valueName":"search_term_string"}}],"inLanguage":"sk-SK"},{"@type":"Person","@id":"https:\/\/kinit.sk\/#\/schema\/person\/8b175aaaf3267b5bbbbb97e4a6db8cea","name":"Marianna Palkova"}]}},"_links":{"self":[{"href":"https:\/\/kinit.sk\/sk\/wp-json\/wp\/v2\/posts\/31274","targetHints":{"allow":["GET"]}}],"collection":[{"href":"https:\/\/kinit.sk\/sk\/wp-json\/wp\/v2\/posts"}],"about":[{"href":"https:\/\/kinit.sk\/sk\/wp-json\/wp\/v2\/types\/post"}],"author":[{"embeddable":true,"href":"https:\/\/kinit.sk\/sk\/wp-json\/wp\/v2\/users\/26"}],"replies":[{"embeddable":true,"href":"https:\/\/kinit.sk\/sk\/wp-json\/wp\/v2\/comments?post=31274"}],"version-history":[{"count":2,"href":"https:\/\/kinit.sk\/sk\/wp-json\/wp\/v2\/posts\/31274\/revisions"}],"predecessor-version":[{"id":31277,"href":"https:\/\/kinit.sk\/sk\/wp-json\/wp\/v2\/posts\/31274\/revisions\/31277"}],"wp:featuredmedia":[{"embeddable":true,"href":"https:\/\/kinit.sk\/sk\/wp-json\/wp\/v2\/media\/36979"}],"wp:attachment":[{"href":"https:\/\/kinit.sk\/sk\/wp-json\/wp\/v2\/media?parent=31274"}],"wp:term":[{"taxonomy":"category","embeddable":true,"href":"https:\/\/kinit.sk\/sk\/wp-json\/wp\/v2\/categories?post=31274"},{"taxonomy":"post_tag","embeddable":true,"href":"https:\/\/kinit.sk\/sk\/wp-json\/wp\/v2\/tags?post=31274"}],"curies":[{"name":"wp","href":"https:\/\/api.w.org\/{rel}","templated":true}]}}