{"id":29732,"date":"2023-11-21T13:31:48","date_gmt":"2023-11-21T12:31:48","guid":{"rendered":"https:\/\/kinit.sk\/societal-biases-in-slovak-ai-in-the-media\/"},"modified":"2023-11-21T13:35:53","modified_gmt":"2023-11-21T12:35:53","slug":"spolocenske-predsudky-v-slovenskej-umelej-inteligencii-v-mediach","status":"publish","type":"post","link":"https:\/\/kinit.sk\/sk\/spolocenske-predsudky-v-slovenskej-umelej-inteligencii-v-mediach\/","title":{"rendered":"Spolo\u010densk\u00e9 predsudky v slovenskej umelej inteligencii v m\u00e9di\u00e1ch"},"content":{"rendered":"<div id=\"\" class=\"element core-paragraph\">\n<p>Rodov\u00e9 predsudky v umelej inteligencii predstavuj\u00fa v\u00fdznamn\u00fa v\u00fdzvu, ktor\u00e1 ovplyv\u0148uje r\u00f4zne demografick\u00e9 skupiny. N\u00e1\u0161 projekt &#8222;<a href=\"https:\/\/kinit.sk\/project\/societal-biases-in-slovak-ai-gender-biases\/\">Spolo\u010densk\u00e9 predsudky v slovenskej umelej inteligencii<\/a>&#8222;, bol zameran\u00fd na sk\u00famanie predsudkov v syst\u00e9moch umelej inteligencie pracuj\u00facich so slovensk\u00fdm jazykom. Prostredn\u00edctvom anal\u00fdzy jazyka a strojov\u00e9ho u\u010denia sme sa sna\u017eili identifikova\u0165 a odstr\u00e1ni\u0165 rodov\u00e9 predsudky v AI a prispie\u0165 tak k spravodlivej\u0161iemu a inkluz\u00edvnej\u0161iemu digit\u00e1lnemu prostrediu. Viac inform\u00e1ci\u00ed o projekte n\u00e1jdete <a href=\"https:\/\/kinit.sk\/research\/understanding-slovak-ai-biases\/\">tu<\/a>.<\/p>\n<\/div>\n\n<div id=\"\" class=\"element core-paragraph\">\n<p>Pokia\u013e sa chcete dozvedie\u0165 viac o predsudkoch v slovenskej AI a ich potenci\u00e1lnych d\u00f4sledkoch, pre\u010d\u00edtajte si nasleduj\u00face \u010dl\u00e1nky:<\/p>\n<\/div>\n\n<div id=\"\" class=\"element core-list\">\n<ul class=\"wp-block-list\"><div id=\"\" class=\"element core-list-item\">\n<li>Spolo\u010densk\u00e9 predsudky v slovenskej umelej inteligencii na <a href=\"https:\/\/www.nextech.sk\/a\/Rodove-predsudky-v-slovenskej-umelej-inteligencii--Podla-AI-su-zeny-emocionalne-a-muzi-racionalni\" target=\"_blank\" rel=\"noreferrer noopener\">nextech.sk<\/a><\/li>\n<\/div>\n\n<div id=\"\" class=\"element core-list-item\">\n<li>Spolo\u010densk\u00e9 predsudky v slovenskej umelej inteligencii na t<a href=\"https:\/\/touchit.sk\/rodove-predsudky-v-slovenskej-umelej-inteligencii-podla-ai-su-zeny-emocionalne-a-muzi-racionalni-2\/550189\" target=\"_blank\" rel=\"noreferrer noopener\">ouchit.sk<\/a><\/li>\n<\/div>\n\n<div id=\"\" class=\"element core-list-item\">\n<li>Spolo\u010densk\u00e9 predsudky v slovenskej umelej inteligencii na <a href=\"https:\/\/www.mediaklik.sk\/media\/clanok\/687455-co-si-ai-mysli-o-zenach-a-co-o-muzoch-slovenske-stereotypy-presahuju-aj-do-sveta-umelej-inteligencie\/\" target=\"_blank\" rel=\"noreferrer noopener\">mediaklik.sk<\/a><\/li>\n<\/div>\n\n<div id=\"\" class=\"element core-list-item\">\n<li>Spolo\u010densk\u00e9 predsudky v slovenskej umelej inteligencii na z<a href=\"https:\/\/zive.aktuality.sk\/clanok\/edXpxUw\/ai-systemy-maju-rodove-predsudky-zistili-slovenski-vedci\/\" target=\"_blank\" rel=\"noreferrer noopener\">ive.aktuality.sk<\/a><\/li>\n<\/div>\n\n<div id=\"\" class=\"element core-list-item\">\n<li>Spolo\u010densk\u00e9 predsudky v slovenskej umelej inteligencii na <a href=\"https:\/\/www.techbyte.sk\/2023\/11\/ai-ma-rodove-predsudky\/\" target=\"_blank\" rel=\"noreferrer noopener\">techbyte.sk<\/a><\/li>\n<\/div>\n\n<div id=\"\" class=\"element core-list-item\">\n<li>Spolo\u010densk\u00e9 predsudky v slovenskej umelej inteligencii na <a href=\"https:\/\/www.trend.sk\/spravy\/ai-systemy-maju-istu-formu-rodovych-predsudkov-neferoveho-spravania-tvrdia-vyskumnici\" target=\"_blank\" rel=\"noreferrer noopener\">trend.sk<\/a><\/li>\n<\/div>\n\n<div id=\"\" class=\"element core-list-item\">\n<li>Spolo\u010densk\u00e9 predsudky v slovenskej umelej inteligencii na <a href=\"https:\/\/www.teraz.sk\/ekonomika\/kinit-ai-systemy-maju-istu-formu-rod\/752387-clanok.html\" target=\"_blank\" rel=\"noreferrer noopener\">teraz.sk<\/a><\/li>\n<\/div>\n\n<div id=\"\" class=\"element core-list-item\">\n<li>Spolo\u010densk\u00e9 predsudky v slovenskej umelej inteligencii na <a href=\"https:\/\/www.rewind.sk\/slovenska-umela-inteligencia-je-sexisticka\/\" target=\"_blank\" rel=\"noreferrer noopener\">rewind.sk<\/a><\/li>\n<\/div>\n\n<div id=\"\" class=\"element core-list-item\">\n<li>Spolo\u010densk\u00e9 predsudky v slovenskej umelej inteligencii na <a href=\"https:\/\/fony.dnes24.sk\/clanky\/umela-inteligencia-je-podla-vedcov-rodovo-zaujata-a-v-slovencine-favorizuje-muzsky-rod\" target=\"_blank\" rel=\"noreferrer noopener\">fony.sk<\/a><\/li>\n<\/div>\n\n<div id=\"\" class=\"element core-list-item\">\n<li>Spolo\u010densk\u00e9 predsudky v slovenskej umelej inteligencii na <a href=\"https:\/\/fontech.startitup.sk\/spravy\/aj-umela-inteligencia-ma-formu-predsudkov-a-neferoveho-spravania\/\" target=\"_blank\" rel=\"noreferrer noopener\">fontech.startitup.sk<\/a><\/li>\n<\/div><\/ul>\n<\/div>\n\n<div id=\"\" class=\"element core-paragraph\">\n<p><\/p>\n<\/div>\n\n<div id=\"\" class=\"element core-paragraph\">\n<p class=\"has-text-align-center\"><img decoding=\"async\" data-src=\"https:\/\/lh7-us.googleusercontent.com\/QxmUWm4w8sbru547bBquZaYaW3aQmHo1L6M3ihpM8qre_XlHI9pTODc2V8huvtxQEqfhJaToovZtdWPlis6NC5MnMEucrOLYAp7gs11VihTA58GQLLuy9CdJdEGQhURQyE7n9GxN6g_evjAHW9b2rpg\" width=\"624\" height=\"548\" src=\"data:image\/svg+xml;base64,PHN2ZyB3aWR0aD0iMSIgaGVpZ2h0PSIxIiB4bWxucz0iaHR0cDovL3d3dy53My5vcmcvMjAwMC9zdmciPjwvc3ZnPg==\" class=\"lazyload\" style=\"--smush-placeholder-width: 624px; --smush-placeholder-aspect-ratio: 624\/548;\"><\/p>\n<\/div>\n\n<div id=\"\" class=\"element core-paragraph\">\n<p class=\"has-text-align-center\"><\/p>\n<\/div>","protected":false},"excerpt":{"rendered":"<p>Rodov\u00e9 predsudky v umelej inteligencii predstavuj\u00fa v\u00fdznamn\u00fa v\u00fdzvu, ktor\u00e1 ovplyv\u0148uje r\u00f4zne demografick\u00e9 skupiny. N\u00e1\u0161 projekt &#8222;Spolo\u010densk\u00e9 predsudky v slovenskej umelej inteligencii&#8222;, bol zameran\u00fd na sk\u00famanie predsudkov v syst\u00e9moch umelej inteligencie&#8230;<\/p>\n","protected":false},"author":26,"featured_media":25087,"comment_status":"closed","ping_status":"closed","sticky":false,"template":"","format":"standard","meta":{"_acf_changed":false,"footnotes":""},"categories":[109,142],"tags":[397,424],"class_list":["post-29732","post","type-post","status-publish","format-standard","has-post-thumbnail","hentry","category-media-coverage-sk","category-2023-sk","tag-media-coverage-sk","tag-kinit-in-media-2-sk"],"acf":[],"yoast_head":"<!-- This site is optimized with the Yoast SEO plugin v27.4 - https:\/\/yoast.com\/product\/yoast-seo-wordpress\/ -->\n<title>Spolo\u010densk\u00e9 predsudky v slovenskej umelej inteligencii v m\u00e9di\u00e1ch - KInIT<\/title>\n<meta name=\"description\" content=\"Rodov\u00e9 predsudky v umelej inteligencii predstavuj\u00fa v\u00fdznamn\u00fa v\u00fdzvu, ktor\u00e1 ovplyv\u0148uje r\u00f4zne demografick\u00e9 skupiny. N\u00e1\u0161 projekt &quot;Spolo\u010densk\u00e9 predsudky v slovenskej umelej inteligencii&quot;, bol zameran\u00fd na sk\u00famanie predsudkov v syst\u00e9moch umelej inteligencie pracuj\u00facich so slovensk\u00fdm jazykom.\" \/>\n<meta name=\"robots\" content=\"index, follow, max-snippet:-1, max-image-preview:large, max-video-preview:-1\" \/>\n<link rel=\"canonical\" href=\"https:\/\/kinit.sk\/sk\/spolocenske-predsudky-v-slovenskej-umelej-inteligencii-v-mediach\/\" \/>\n<meta property=\"og:locale\" content=\"sk_SK\" \/>\n<meta property=\"og:type\" content=\"article\" \/>\n<meta property=\"og:title\" content=\"Spolo\u010densk\u00e9 predsudky v slovenskej umelej inteligencii v m\u00e9di\u00e1ch - KInIT\" \/>\n<meta property=\"og:description\" content=\"Rodov\u00e9 predsudky v umelej inteligencii predstavuj\u00fa v\u00fdznamn\u00fa v\u00fdzvu, ktor\u00e1 ovplyv\u0148uje r\u00f4zne demografick\u00e9 skupiny. N\u00e1\u0161 projekt &quot;Spolo\u010densk\u00e9 predsudky v slovenskej umelej inteligencii&quot;, bol zameran\u00fd na sk\u00famanie predsudkov v syst\u00e9moch umelej inteligencie pracuj\u00facich so slovensk\u00fdm jazykom.\" \/>\n<meta property=\"og:url\" content=\"https:\/\/kinit.sk\/sk\/spolocenske-predsudky-v-slovenskej-umelej-inteligencii-v-mediach\/\" \/>\n<meta property=\"og:site_name\" content=\"KInIT\" \/>\n<meta property=\"article:published_time\" content=\"2023-11-21T12:31:48+00:00\" \/>\n<meta property=\"article:modified_time\" content=\"2023-11-21T12:35:53+00:00\" \/>\n<meta property=\"og:image\" content=\"https:\/\/kinit.sk\/wp-content\/uploads\/2023\/02\/Web_news_feature_general_3.png\" \/>\n\t<meta property=\"og:image:width\" content=\"1800\" \/>\n\t<meta property=\"og:image:height\" content=\"942\" \/>\n\t<meta property=\"og:image:type\" content=\"image\/png\" \/>\n<meta name=\"author\" content=\"Marianna Palkova\" \/>\n<meta name=\"twitter:card\" content=\"summary_large_image\" \/>\n<meta name=\"twitter:creator\" content=\"@kinit\" \/>\n<meta name=\"twitter:site\" content=\"@kinit\" \/>\n<meta name=\"twitter:label1\" content=\"Autor\" \/>\n\t<meta name=\"twitter:data1\" content=\"Marianna Palkova\" \/>\n\t<meta name=\"twitter:label2\" content=\"Predpokladan\u00fd \u010das \u010d\u00edtania\" \/>\n\t<meta name=\"twitter:data2\" content=\"1 min\u00fata\" \/>\n<script type=\"application\/ld+json\" class=\"yoast-schema-graph\">{\"@context\":\"https:\\\/\\\/schema.org\",\"@graph\":[{\"@type\":\"Article\",\"@id\":\"https:\\\/\\\/kinit.sk\\\/sk\\\/spolocenske-predsudky-v-slovenskej-umelej-inteligencii-v-mediach\\\/#article\",\"isPartOf\":{\"@id\":\"https:\\\/\\\/kinit.sk\\\/sk\\\/spolocenske-predsudky-v-slovenskej-umelej-inteligencii-v-mediach\\\/\"},\"author\":{\"name\":\"Marianna Palkova\",\"@id\":\"https:\\\/\\\/kinit.sk\\\/#\\\/schema\\\/person\\\/8b175aaaf3267b5bbbbb97e4a6db8cea\"},\"headline\":\"Spolo\u010densk\u00e9 predsudky v slovenskej umelej inteligencii v m\u00e9di\u00e1ch\",\"datePublished\":\"2023-11-21T12:31:48+00:00\",\"dateModified\":\"2023-11-21T12:35:53+00:00\",\"mainEntityOfPage\":{\"@id\":\"https:\\\/\\\/kinit.sk\\\/sk\\\/spolocenske-predsudky-v-slovenskej-umelej-inteligencii-v-mediach\\\/\"},\"wordCount\":222,\"image\":{\"@id\":\"https:\\\/\\\/kinit.sk\\\/sk\\\/spolocenske-predsudky-v-slovenskej-umelej-inteligencii-v-mediach\\\/#primaryimage\"},\"thumbnailUrl\":\"https:\\\/\\\/kinit.sk\\\/wp-content\\\/uploads\\\/2023\\\/02\\\/Web_news_feature_general_3.png\",\"keywords\":[\"media coverage\",\"kinit in media\"],\"articleSection\":[\"Media coverage\",\"2023\"],\"inLanguage\":\"sk-SK\"},{\"@type\":\"WebPage\",\"@id\":\"https:\\\/\\\/kinit.sk\\\/sk\\\/spolocenske-predsudky-v-slovenskej-umelej-inteligencii-v-mediach\\\/\",\"url\":\"https:\\\/\\\/kinit.sk\\\/sk\\\/spolocenske-predsudky-v-slovenskej-umelej-inteligencii-v-mediach\\\/\",\"name\":\"Spolo\u010densk\u00e9 predsudky v slovenskej umelej inteligencii v m\u00e9di\u00e1ch - KInIT\",\"isPartOf\":{\"@id\":\"https:\\\/\\\/kinit.sk\\\/#website\"},\"primaryImageOfPage\":{\"@id\":\"https:\\\/\\\/kinit.sk\\\/sk\\\/spolocenske-predsudky-v-slovenskej-umelej-inteligencii-v-mediach\\\/#primaryimage\"},\"image\":{\"@id\":\"https:\\\/\\\/kinit.sk\\\/sk\\\/spolocenske-predsudky-v-slovenskej-umelej-inteligencii-v-mediach\\\/#primaryimage\"},\"thumbnailUrl\":\"https:\\\/\\\/kinit.sk\\\/wp-content\\\/uploads\\\/2023\\\/02\\\/Web_news_feature_general_3.png\",\"datePublished\":\"2023-11-21T12:31:48+00:00\",\"dateModified\":\"2023-11-21T12:35:53+00:00\",\"author\":{\"@id\":\"https:\\\/\\\/kinit.sk\\\/#\\\/schema\\\/person\\\/8b175aaaf3267b5bbbbb97e4a6db8cea\"},\"description\":\"Rodov\u00e9 predsudky v umelej inteligencii predstavuj\u00fa v\u00fdznamn\u00fa v\u00fdzvu, ktor\u00e1 ovplyv\u0148uje r\u00f4zne demografick\u00e9 skupiny. N\u00e1\u0161 projekt \\\"Spolo\u010densk\u00e9 predsudky v slovenskej umelej inteligencii\\\", bol zameran\u00fd na sk\u00famanie predsudkov v syst\u00e9moch umelej inteligencie pracuj\u00facich so slovensk\u00fdm jazykom.\",\"breadcrumb\":{\"@id\":\"https:\\\/\\\/kinit.sk\\\/sk\\\/spolocenske-predsudky-v-slovenskej-umelej-inteligencii-v-mediach\\\/#breadcrumb\"},\"inLanguage\":\"sk-SK\",\"potentialAction\":[{\"@type\":\"ReadAction\",\"target\":[\"https:\\\/\\\/kinit.sk\\\/sk\\\/spolocenske-predsudky-v-slovenskej-umelej-inteligencii-v-mediach\\\/\"]}]},{\"@type\":\"ImageObject\",\"inLanguage\":\"sk-SK\",\"@id\":\"https:\\\/\\\/kinit.sk\\\/sk\\\/spolocenske-predsudky-v-slovenskej-umelej-inteligencii-v-mediach\\\/#primaryimage\",\"url\":\"https:\\\/\\\/kinit.sk\\\/wp-content\\\/uploads\\\/2023\\\/02\\\/Web_news_feature_general_3.png\",\"contentUrl\":\"https:\\\/\\\/kinit.sk\\\/wp-content\\\/uploads\\\/2023\\\/02\\\/Web_news_feature_general_3.png\",\"width\":1800,\"height\":942},{\"@type\":\"BreadcrumbList\",\"@id\":\"https:\\\/\\\/kinit.sk\\\/sk\\\/spolocenske-predsudky-v-slovenskej-umelej-inteligencii-v-mediach\\\/#breadcrumb\",\"itemListElement\":[{\"@type\":\"ListItem\",\"position\":1,\"name\":\"Home\",\"item\":\"https:\\\/\\\/kinit.sk\\\/sk\\\/uvod\\\/\"},{\"@type\":\"ListItem\",\"position\":2,\"name\":\"Media coverage\",\"item\":\"https:\\\/\\\/kinit.sk\\\/sk\\\/category\\\/media-coverage-sk\\\/\"},{\"@type\":\"ListItem\",\"position\":3,\"name\":\"Spolo\u010densk\u00e9 predsudky v slovenskej umelej inteligencii v m\u00e9di\u00e1ch\"}]},{\"@type\":\"WebSite\",\"@id\":\"https:\\\/\\\/kinit.sk\\\/#website\",\"url\":\"https:\\\/\\\/kinit.sk\\\/\",\"name\":\"KInIT\",\"description\":\"Vyu\u017e\u00edvame v\u00fdskum pre \u013eud\u00ed a priemysel\",\"potentialAction\":[{\"@type\":\"SearchAction\",\"target\":{\"@type\":\"EntryPoint\",\"urlTemplate\":\"https:\\\/\\\/kinit.sk\\\/?s={search_term_string}\"},\"query-input\":{\"@type\":\"PropertyValueSpecification\",\"valueRequired\":true,\"valueName\":\"search_term_string\"}}],\"inLanguage\":\"sk-SK\"},{\"@type\":\"Person\",\"@id\":\"https:\\\/\\\/kinit.sk\\\/#\\\/schema\\\/person\\\/8b175aaaf3267b5bbbbb97e4a6db8cea\",\"name\":\"Marianna Palkova\"}]}<\/script>\n<!-- \/ Yoast SEO plugin. -->","yoast_head_json":{"title":"Spolo\u010densk\u00e9 predsudky v slovenskej umelej inteligencii v m\u00e9di\u00e1ch - KInIT","description":"Rodov\u00e9 predsudky v umelej inteligencii predstavuj\u00fa v\u00fdznamn\u00fa v\u00fdzvu, ktor\u00e1 ovplyv\u0148uje r\u00f4zne demografick\u00e9 skupiny. N\u00e1\u0161 projekt \"Spolo\u010densk\u00e9 predsudky v slovenskej umelej inteligencii\", bol zameran\u00fd na sk\u00famanie predsudkov v syst\u00e9moch umelej inteligencie pracuj\u00facich so slovensk\u00fdm jazykom.","robots":{"index":"index","follow":"follow","max-snippet":"max-snippet:-1","max-image-preview":"max-image-preview:large","max-video-preview":"max-video-preview:-1"},"canonical":"https:\/\/kinit.sk\/sk\/spolocenske-predsudky-v-slovenskej-umelej-inteligencii-v-mediach\/","og_locale":"sk_SK","og_type":"article","og_title":"Spolo\u010densk\u00e9 predsudky v slovenskej umelej inteligencii v m\u00e9di\u00e1ch - KInIT","og_description":"Rodov\u00e9 predsudky v umelej inteligencii predstavuj\u00fa v\u00fdznamn\u00fa v\u00fdzvu, ktor\u00e1 ovplyv\u0148uje r\u00f4zne demografick\u00e9 skupiny. N\u00e1\u0161 projekt \"Spolo\u010densk\u00e9 predsudky v slovenskej umelej inteligencii\", bol zameran\u00fd na sk\u00famanie predsudkov v syst\u00e9moch umelej inteligencie pracuj\u00facich so slovensk\u00fdm jazykom.","og_url":"https:\/\/kinit.sk\/sk\/spolocenske-predsudky-v-slovenskej-umelej-inteligencii-v-mediach\/","og_site_name":"KInIT","article_published_time":"2023-11-21T12:31:48+00:00","article_modified_time":"2023-11-21T12:35:53+00:00","og_image":[{"width":1800,"height":942,"url":"https:\/\/kinit.sk\/wp-content\/uploads\/2023\/02\/Web_news_feature_general_3.png","type":"image\/png"}],"author":"Marianna Palkova","twitter_card":"summary_large_image","twitter_creator":"@kinit","twitter_site":"@kinit","twitter_misc":{"Autor":"Marianna Palkova","Predpokladan\u00fd \u010das \u010d\u00edtania":"1 min\u00fata"},"schema":{"@context":"https:\/\/schema.org","@graph":[{"@type":"Article","@id":"https:\/\/kinit.sk\/sk\/spolocenske-predsudky-v-slovenskej-umelej-inteligencii-v-mediach\/#article","isPartOf":{"@id":"https:\/\/kinit.sk\/sk\/spolocenske-predsudky-v-slovenskej-umelej-inteligencii-v-mediach\/"},"author":{"name":"Marianna Palkova","@id":"https:\/\/kinit.sk\/#\/schema\/person\/8b175aaaf3267b5bbbbb97e4a6db8cea"},"headline":"Spolo\u010densk\u00e9 predsudky v slovenskej umelej inteligencii v m\u00e9di\u00e1ch","datePublished":"2023-11-21T12:31:48+00:00","dateModified":"2023-11-21T12:35:53+00:00","mainEntityOfPage":{"@id":"https:\/\/kinit.sk\/sk\/spolocenske-predsudky-v-slovenskej-umelej-inteligencii-v-mediach\/"},"wordCount":222,"image":{"@id":"https:\/\/kinit.sk\/sk\/spolocenske-predsudky-v-slovenskej-umelej-inteligencii-v-mediach\/#primaryimage"},"thumbnailUrl":"https:\/\/kinit.sk\/wp-content\/uploads\/2023\/02\/Web_news_feature_general_3.png","keywords":["media coverage","kinit in media"],"articleSection":["Media coverage","2023"],"inLanguage":"sk-SK"},{"@type":"WebPage","@id":"https:\/\/kinit.sk\/sk\/spolocenske-predsudky-v-slovenskej-umelej-inteligencii-v-mediach\/","url":"https:\/\/kinit.sk\/sk\/spolocenske-predsudky-v-slovenskej-umelej-inteligencii-v-mediach\/","name":"Spolo\u010densk\u00e9 predsudky v slovenskej umelej inteligencii v m\u00e9di\u00e1ch - KInIT","isPartOf":{"@id":"https:\/\/kinit.sk\/#website"},"primaryImageOfPage":{"@id":"https:\/\/kinit.sk\/sk\/spolocenske-predsudky-v-slovenskej-umelej-inteligencii-v-mediach\/#primaryimage"},"image":{"@id":"https:\/\/kinit.sk\/sk\/spolocenske-predsudky-v-slovenskej-umelej-inteligencii-v-mediach\/#primaryimage"},"thumbnailUrl":"https:\/\/kinit.sk\/wp-content\/uploads\/2023\/02\/Web_news_feature_general_3.png","datePublished":"2023-11-21T12:31:48+00:00","dateModified":"2023-11-21T12:35:53+00:00","author":{"@id":"https:\/\/kinit.sk\/#\/schema\/person\/8b175aaaf3267b5bbbbb97e4a6db8cea"},"description":"Rodov\u00e9 predsudky v umelej inteligencii predstavuj\u00fa v\u00fdznamn\u00fa v\u00fdzvu, ktor\u00e1 ovplyv\u0148uje r\u00f4zne demografick\u00e9 skupiny. N\u00e1\u0161 projekt \"Spolo\u010densk\u00e9 predsudky v slovenskej umelej inteligencii\", bol zameran\u00fd na sk\u00famanie predsudkov v syst\u00e9moch umelej inteligencie pracuj\u00facich so slovensk\u00fdm jazykom.","breadcrumb":{"@id":"https:\/\/kinit.sk\/sk\/spolocenske-predsudky-v-slovenskej-umelej-inteligencii-v-mediach\/#breadcrumb"},"inLanguage":"sk-SK","potentialAction":[{"@type":"ReadAction","target":["https:\/\/kinit.sk\/sk\/spolocenske-predsudky-v-slovenskej-umelej-inteligencii-v-mediach\/"]}]},{"@type":"ImageObject","inLanguage":"sk-SK","@id":"https:\/\/kinit.sk\/sk\/spolocenske-predsudky-v-slovenskej-umelej-inteligencii-v-mediach\/#primaryimage","url":"https:\/\/kinit.sk\/wp-content\/uploads\/2023\/02\/Web_news_feature_general_3.png","contentUrl":"https:\/\/kinit.sk\/wp-content\/uploads\/2023\/02\/Web_news_feature_general_3.png","width":1800,"height":942},{"@type":"BreadcrumbList","@id":"https:\/\/kinit.sk\/sk\/spolocenske-predsudky-v-slovenskej-umelej-inteligencii-v-mediach\/#breadcrumb","itemListElement":[{"@type":"ListItem","position":1,"name":"Home","item":"https:\/\/kinit.sk\/sk\/uvod\/"},{"@type":"ListItem","position":2,"name":"Media coverage","item":"https:\/\/kinit.sk\/sk\/category\/media-coverage-sk\/"},{"@type":"ListItem","position":3,"name":"Spolo\u010densk\u00e9 predsudky v slovenskej umelej inteligencii v m\u00e9di\u00e1ch"}]},{"@type":"WebSite","@id":"https:\/\/kinit.sk\/#website","url":"https:\/\/kinit.sk\/","name":"KInIT","description":"Vyu\u017e\u00edvame v\u00fdskum pre \u013eud\u00ed a priemysel","potentialAction":[{"@type":"SearchAction","target":{"@type":"EntryPoint","urlTemplate":"https:\/\/kinit.sk\/?s={search_term_string}"},"query-input":{"@type":"PropertyValueSpecification","valueRequired":true,"valueName":"search_term_string"}}],"inLanguage":"sk-SK"},{"@type":"Person","@id":"https:\/\/kinit.sk\/#\/schema\/person\/8b175aaaf3267b5bbbbb97e4a6db8cea","name":"Marianna Palkova"}]}},"_links":{"self":[{"href":"https:\/\/kinit.sk\/sk\/wp-json\/wp\/v2\/posts\/29732","targetHints":{"allow":["GET"]}}],"collection":[{"href":"https:\/\/kinit.sk\/sk\/wp-json\/wp\/v2\/posts"}],"about":[{"href":"https:\/\/kinit.sk\/sk\/wp-json\/wp\/v2\/types\/post"}],"author":[{"embeddable":true,"href":"https:\/\/kinit.sk\/sk\/wp-json\/wp\/v2\/users\/26"}],"replies":[{"embeddable":true,"href":"https:\/\/kinit.sk\/sk\/wp-json\/wp\/v2\/comments?post=29732"}],"version-history":[{"count":2,"href":"https:\/\/kinit.sk\/sk\/wp-json\/wp\/v2\/posts\/29732\/revisions"}],"predecessor-version":[{"id":29735,"href":"https:\/\/kinit.sk\/sk\/wp-json\/wp\/v2\/posts\/29732\/revisions\/29735"}],"wp:featuredmedia":[{"embeddable":true,"href":"https:\/\/kinit.sk\/sk\/wp-json\/wp\/v2\/media\/25087"}],"wp:attachment":[{"href":"https:\/\/kinit.sk\/sk\/wp-json\/wp\/v2\/media?parent=29732"}],"wp:term":[{"taxonomy":"category","embeddable":true,"href":"https:\/\/kinit.sk\/sk\/wp-json\/wp\/v2\/categories?post=29732"},{"taxonomy":"post_tag","embeddable":true,"href":"https:\/\/kinit.sk\/sk\/wp-json\/wp\/v2\/tags?post=29732"}],"curies":[{"name":"wp","href":"https:\/\/api.w.org\/{rel}","templated":true}]}}