{"id":27844,"date":"2023-03-31T14:56:00","date_gmt":"2023-03-31T12:56:00","guid":{"rendered":"https:\/\/kinit.sk\/rtvs-morning-news-maria-bielikova-on-the-future-of-artificial-intelligence\/"},"modified":"2023-08-08T15:02:34","modified_gmt":"2023-08-08T13:02:34","slug":"ranne-spravy-rtvs-maria-bielikova-o-buducnosti-umelej-inteligencie","status":"publish","type":"post","link":"https:\/\/kinit.sk\/sk\/ranne-spravy-rtvs-maria-bielikova-o-buducnosti-umelej-inteligencie\/","title":{"rendered":"Rann\u00e9 spr\u00e1vy RTVS: M\u00e1ria Bielikov\u00e1 o bud\u00facnosti umelej inteligencie\u00a0"},"content":{"rendered":"<div id=\"\" class=\"element core-paragraph\">\n<p>V r\u00fdchlo napreduj\u00facom technologickom prostred\u00ed sa pr\u00edtomnos\u0165 umelej inteligencie stala neoddelite\u013enou s\u00fa\u010das\u0165ou \u017eivota \u013eud\u00ed po celom svete. Od personalizovan\u00fdch online z\u00e1\u017eitkov po inteligentn\u00e9 zariadenia v dom\u00e1cnostiach, a\u017e po virtu\u00e1lnych asistentov, umel\u00e1 inteligencia sa integrovala do n\u00e1\u0161ho ka\u017edodenn\u00e9ho \u017eivota a z\u00e1sadne zmenila sp\u00f4sob, ak\u00fdm \u017eijeme, pracujeme a komunikujeme.<\/p>\n<\/div>\n\n<div id=\"\" class=\"element core-paragraph\">\n<p><a href=\"https:\/\/www.rtvs.sk\/televizia\/archiv\/14026\/393996#1355\" target=\"_blank\" rel=\"noreferrer noopener\">M\u00e1ria Bielikov\u00e1<\/a> bola hos\u0165om v <a href=\"https:\/\/www.rtvs.sk\/televizia\/archiv\/14026\/393996#1355\">Rann\u00fdch spr\u00e1vach na RTVS<\/a>, kde hovorila o najnov\u0161\u00edch pokrokoch v oblasti umelej inteligencie a o tom, ako AI syst\u00e9my ovplyvnia v bud\u00facnosti trh pr\u00e1ce a vzdel\u00e1vanie.<\/p>\n<\/div>\n\n<div id=\"\" class=\"element core-paragraph\">\n<p>Pozrite si rozhovor a dozviete sa aj:&nbsp;<\/p>\n<\/div>\n\n<div id=\"\" class=\"element core-list\">\n<ul class=\"wp-block-list\"><div id=\"\" class=\"element core-list-item\">\n<li>\u010co v\u0161etko m\u00f4\u017eeme pova\u017eova\u0165 za umel\u00fa inteligenciu?&nbsp;<\/li>\n<\/div>\n\n<div id=\"\" class=\"element core-list-item\">\n<li>Pre\u010do sa \u013eudia musia u\u010di\u0165 efekt\u00edvne komunikova\u0165 s umelou inteligenciou?&nbsp;<\/li>\n<\/div>\n\n<div id=\"\" class=\"element core-list-item\">\n<li>Nahrad\u00ed umel\u00e1 inteligencia niektor\u00e9 profesie?&nbsp;<\/li>\n<\/div>\n\n<div id=\"\" class=\"element core-list-item\">\n<li>M\u00f4\u017eeme syst\u00e9mom umelej inteligencie plne d\u00f4verova\u0165?<\/li>\n<\/div><\/ul>\n<\/div>\n\n<div id=\"\" class=\"element core-paragraph\">\n<p>Cel\u00fd z\u00e1znam z rozhovoru n\u00e1jdete<a href=\"https:\/\/www.rtvs.sk\/televizia\/archiv\/14026\/393996#1355\" target=\"_blank\" rel=\"noreferrer noopener\"> tu<\/a>.<\/p>\n<\/div>\n\n<div id=\"\" class=\"element core-heading\">\n<h1 class=\"wp-block-heading\"><img decoding=\"async\" data-src=\"https:\/\/lh5.googleusercontent.com\/RbUd3jH-7lAbvYT4BaM9a-8ozn5xSxU37v5VhojdKgGSWGIwZUwLNQpM0Hkm8fLx2BqE59tCwH1Rizxm207jorq1WEBQRFm5zpZwtX34fO9O5-jxzOSeglMUxtLNm-Cjc0YIDmiwB3-gN9j1onUjYG0\" width=\"624\" height=\"341\" src=\"data:image\/svg+xml;base64,PHN2ZyB3aWR0aD0iMSIgaGVpZ2h0PSIxIiB4bWxucz0iaHR0cDovL3d3dy53My5vcmcvMjAwMC9zdmciPjwvc3ZnPg==\" class=\"lazyload\" style=\"--smush-placeholder-width: 624px; --smush-placeholder-aspect-ratio: 624\/341;\"><\/h1>\n<\/div>","protected":false},"excerpt":{"rendered":"<p>V r\u00fdchlo napreduj\u00facom technologickom prostred\u00ed sa pr\u00edtomnos\u0165 umelej inteligencie stala neoddelite\u013enou s\u00fa\u010das\u0165ou \u017eivota \u013eud\u00ed po celom svete. Od personalizovan\u00fdch online z\u00e1\u017eitkov po inteligentn\u00e9 zariadenia v dom\u00e1cnostiach, a\u017e po virtu\u00e1lnych asistentov,&#8230;<\/p>\n","protected":false},"author":26,"featured_media":36979,"comment_status":"closed","ping_status":"closed","sticky":false,"template":"","format":"standard","meta":{"_acf_changed":false,"footnotes":""},"categories":[109,142],"tags":[100,398],"class_list":["post-27844","post","type-post","status-publish","format-standard","has-post-thumbnail","hentry","category-media-coverage-sk","category-2023-sk","tag-podcast-sk","tag-interview-sk"],"acf":[],"yoast_head":"<!-- This site is optimized with the Yoast SEO plugin v27.4 - https:\/\/yoast.com\/product\/yoast-seo-wordpress\/ -->\n<title>Rann\u00e9 spr\u00e1vy RTVS: M\u00e1ria Bielikov\u00e1 o bud\u00facnosti umelej inteligencie\u00a0 - KInIT<\/title>\n<meta name=\"description\" content=\"M\u00e1ria Bielikov\u00e1 bola hos\u0165om v Rann\u00fdch spr\u00e1vach na RTVS, kde hovorila o najnov\u0161\u00edch pokrokoch v oblasti umelej inteligencie a o tom, ako AI syst\u00e9my ovplyvnia v bud\u00facnosti trh pr\u00e1ce a vzdel\u00e1vanie.\" \/>\n<meta name=\"robots\" content=\"index, follow, max-snippet:-1, max-image-preview:large, max-video-preview:-1\" \/>\n<link rel=\"canonical\" href=\"https:\/\/kinit.sk\/sk\/ranne-spravy-rtvs-maria-bielikova-o-buducnosti-umelej-inteligencie\/\" \/>\n<meta property=\"og:locale\" content=\"sk_SK\" \/>\n<meta property=\"og:type\" content=\"article\" \/>\n<meta property=\"og:title\" content=\"Rann\u00e9 spr\u00e1vy RTVS: M\u00e1ria Bielikov\u00e1 o bud\u00facnosti umelej inteligencie\u00a0 - KInIT\" \/>\n<meta property=\"og:description\" content=\"M\u00e1ria Bielikov\u00e1 bola hos\u0165om v Rann\u00fdch spr\u00e1vach na RTVS, kde hovorila o najnov\u0161\u00edch pokrokoch v oblasti umelej inteligencie a o tom, ako AI syst\u00e9my ovplyvnia v bud\u00facnosti trh pr\u00e1ce a vzdel\u00e1vanie.\" \/>\n<meta property=\"og:url\" content=\"https:\/\/kinit.sk\/sk\/ranne-spravy-rtvs-maria-bielikova-o-buducnosti-umelej-inteligencie\/\" \/>\n<meta property=\"og:site_name\" content=\"KInIT\" \/>\n<meta property=\"article:published_time\" content=\"2023-03-31T12:56:00+00:00\" \/>\n<meta property=\"article:modified_time\" content=\"2023-08-08T13:02:34+00:00\" \/>\n<meta property=\"og:image\" content=\"https:\/\/kinit.sk\/wp-content\/uploads\/2022\/03\/News-feature-imgs-Majka-FEATURE-1.png\" \/>\n\t<meta property=\"og:image:width\" content=\"2401\" \/>\n\t<meta property=\"og:image:height\" content=\"1257\" \/>\n\t<meta property=\"og:image:type\" content=\"image\/png\" \/>\n<meta name=\"author\" content=\"Marianna Palkova\" \/>\n<meta name=\"twitter:card\" content=\"summary_large_image\" \/>\n<meta name=\"twitter:creator\" content=\"@kinit\" \/>\n<meta name=\"twitter:site\" content=\"@kinit\" \/>\n<meta name=\"twitter:label1\" content=\"Autor\" \/>\n\t<meta name=\"twitter:data1\" content=\"Marianna Palkova\" \/>\n\t<meta name=\"twitter:label2\" content=\"Predpokladan\u00fd \u010das \u010d\u00edtania\" \/>\n\t<meta name=\"twitter:data2\" content=\"1 min\u00fata\" \/>\n<script type=\"application\/ld+json\" class=\"yoast-schema-graph\">{\"@context\":\"https:\\\/\\\/schema.org\",\"@graph\":[{\"@type\":\"Article\",\"@id\":\"https:\\\/\\\/kinit.sk\\\/sk\\\/ranne-spravy-rtvs-maria-bielikova-o-buducnosti-umelej-inteligencie\\\/#article\",\"isPartOf\":{\"@id\":\"https:\\\/\\\/kinit.sk\\\/sk\\\/ranne-spravy-rtvs-maria-bielikova-o-buducnosti-umelej-inteligencie\\\/\"},\"author\":{\"name\":\"Marianna Palkova\",\"@id\":\"https:\\\/\\\/kinit.sk\\\/#\\\/schema\\\/person\\\/8b175aaaf3267b5bbbbb97e4a6db8cea\"},\"headline\":\"Rann\u00e9 spr\u00e1vy RTVS: M\u00e1ria Bielikov\u00e1 o bud\u00facnosti umelej inteligencie\u00a0\",\"datePublished\":\"2023-03-31T12:56:00+00:00\",\"dateModified\":\"2023-08-08T13:02:34+00:00\",\"mainEntityOfPage\":{\"@id\":\"https:\\\/\\\/kinit.sk\\\/sk\\\/ranne-spravy-rtvs-maria-bielikova-o-buducnosti-umelej-inteligencie\\\/\"},\"wordCount\":171,\"image\":{\"@id\":\"https:\\\/\\\/kinit.sk\\\/sk\\\/ranne-spravy-rtvs-maria-bielikova-o-buducnosti-umelej-inteligencie\\\/#primaryimage\"},\"thumbnailUrl\":\"https:\\\/\\\/kinit.sk\\\/wp-content\\\/uploads\\\/2024\\\/10\\\/Media-coverage_feature-images_Maria-Bielikova-scaled.png\",\"keywords\":[\"Podcast\",\"interview\"],\"articleSection\":[\"Media coverage\",\"2023\"],\"inLanguage\":\"sk-SK\"},{\"@type\":\"WebPage\",\"@id\":\"https:\\\/\\\/kinit.sk\\\/sk\\\/ranne-spravy-rtvs-maria-bielikova-o-buducnosti-umelej-inteligencie\\\/\",\"url\":\"https:\\\/\\\/kinit.sk\\\/sk\\\/ranne-spravy-rtvs-maria-bielikova-o-buducnosti-umelej-inteligencie\\\/\",\"name\":\"Rann\u00e9 spr\u00e1vy RTVS: M\u00e1ria Bielikov\u00e1 o bud\u00facnosti umelej inteligencie\u00a0 - KInIT\",\"isPartOf\":{\"@id\":\"https:\\\/\\\/kinit.sk\\\/#website\"},\"primaryImageOfPage\":{\"@id\":\"https:\\\/\\\/kinit.sk\\\/sk\\\/ranne-spravy-rtvs-maria-bielikova-o-buducnosti-umelej-inteligencie\\\/#primaryimage\"},\"image\":{\"@id\":\"https:\\\/\\\/kinit.sk\\\/sk\\\/ranne-spravy-rtvs-maria-bielikova-o-buducnosti-umelej-inteligencie\\\/#primaryimage\"},\"thumbnailUrl\":\"https:\\\/\\\/kinit.sk\\\/wp-content\\\/uploads\\\/2024\\\/10\\\/Media-coverage_feature-images_Maria-Bielikova-scaled.png\",\"datePublished\":\"2023-03-31T12:56:00+00:00\",\"dateModified\":\"2023-08-08T13:02:34+00:00\",\"author\":{\"@id\":\"https:\\\/\\\/kinit.sk\\\/#\\\/schema\\\/person\\\/8b175aaaf3267b5bbbbb97e4a6db8cea\"},\"description\":\"M\u00e1ria Bielikov\u00e1 bola hos\u0165om v Rann\u00fdch spr\u00e1vach na RTVS, kde hovorila o najnov\u0161\u00edch pokrokoch v oblasti umelej inteligencie a o tom, ako AI syst\u00e9my ovplyvnia v bud\u00facnosti trh pr\u00e1ce a vzdel\u00e1vanie.\",\"breadcrumb\":{\"@id\":\"https:\\\/\\\/kinit.sk\\\/sk\\\/ranne-spravy-rtvs-maria-bielikova-o-buducnosti-umelej-inteligencie\\\/#breadcrumb\"},\"inLanguage\":\"sk-SK\",\"potentialAction\":[{\"@type\":\"ReadAction\",\"target\":[\"https:\\\/\\\/kinit.sk\\\/sk\\\/ranne-spravy-rtvs-maria-bielikova-o-buducnosti-umelej-inteligencie\\\/\"]}]},{\"@type\":\"ImageObject\",\"inLanguage\":\"sk-SK\",\"@id\":\"https:\\\/\\\/kinit.sk\\\/sk\\\/ranne-spravy-rtvs-maria-bielikova-o-buducnosti-umelej-inteligencie\\\/#primaryimage\",\"url\":\"https:\\\/\\\/kinit.sk\\\/wp-content\\\/uploads\\\/2024\\\/10\\\/Media-coverage_feature-images_Maria-Bielikova-scaled.png\",\"contentUrl\":\"https:\\\/\\\/kinit.sk\\\/wp-content\\\/uploads\\\/2024\\\/10\\\/Media-coverage_feature-images_Maria-Bielikova-scaled.png\",\"width\":2560,\"height\":1340},{\"@type\":\"BreadcrumbList\",\"@id\":\"https:\\\/\\\/kinit.sk\\\/sk\\\/ranne-spravy-rtvs-maria-bielikova-o-buducnosti-umelej-inteligencie\\\/#breadcrumb\",\"itemListElement\":[{\"@type\":\"ListItem\",\"position\":1,\"name\":\"Home\",\"item\":\"https:\\\/\\\/kinit.sk\\\/sk\\\/uvod\\\/\"},{\"@type\":\"ListItem\",\"position\":2,\"name\":\"Media coverage\",\"item\":\"https:\\\/\\\/kinit.sk\\\/category\\\/media-coverage\\\/\"},{\"@type\":\"ListItem\",\"position\":3,\"name\":\"Rann\u00e9 spr\u00e1vy RTVS: M\u00e1ria Bielikov\u00e1 o bud\u00facnosti umelej inteligencie\u00a0\"}]},{\"@type\":\"WebSite\",\"@id\":\"https:\\\/\\\/kinit.sk\\\/#website\",\"url\":\"https:\\\/\\\/kinit.sk\\\/\",\"name\":\"KInIT\",\"description\":\"Vyu\u017e\u00edvame v\u00fdskum pre \u013eud\u00ed a priemysel\",\"potentialAction\":[{\"@type\":\"SearchAction\",\"target\":{\"@type\":\"EntryPoint\",\"urlTemplate\":\"https:\\\/\\\/kinit.sk\\\/?s={search_term_string}\"},\"query-input\":{\"@type\":\"PropertyValueSpecification\",\"valueRequired\":true,\"valueName\":\"search_term_string\"}}],\"inLanguage\":\"sk-SK\"},{\"@type\":\"Person\",\"@id\":\"https:\\\/\\\/kinit.sk\\\/#\\\/schema\\\/person\\\/8b175aaaf3267b5bbbbb97e4a6db8cea\",\"name\":\"Marianna Palkova\"}]}<\/script>\n<!-- \/ Yoast SEO plugin. -->","yoast_head_json":{"title":"Rann\u00e9 spr\u00e1vy RTVS: M\u00e1ria Bielikov\u00e1 o bud\u00facnosti umelej inteligencie\u00a0 - KInIT","description":"M\u00e1ria Bielikov\u00e1 bola hos\u0165om v Rann\u00fdch spr\u00e1vach na RTVS, kde hovorila o najnov\u0161\u00edch pokrokoch v oblasti umelej inteligencie a o tom, ako AI syst\u00e9my ovplyvnia v bud\u00facnosti trh pr\u00e1ce a vzdel\u00e1vanie.","robots":{"index":"index","follow":"follow","max-snippet":"max-snippet:-1","max-image-preview":"max-image-preview:large","max-video-preview":"max-video-preview:-1"},"canonical":"https:\/\/kinit.sk\/sk\/ranne-spravy-rtvs-maria-bielikova-o-buducnosti-umelej-inteligencie\/","og_locale":"sk_SK","og_type":"article","og_title":"Rann\u00e9 spr\u00e1vy RTVS: M\u00e1ria Bielikov\u00e1 o bud\u00facnosti umelej inteligencie\u00a0 - KInIT","og_description":"M\u00e1ria Bielikov\u00e1 bola hos\u0165om v Rann\u00fdch spr\u00e1vach na RTVS, kde hovorila o najnov\u0161\u00edch pokrokoch v oblasti umelej inteligencie a o tom, ako AI syst\u00e9my ovplyvnia v bud\u00facnosti trh pr\u00e1ce a vzdel\u00e1vanie.","og_url":"https:\/\/kinit.sk\/sk\/ranne-spravy-rtvs-maria-bielikova-o-buducnosti-umelej-inteligencie\/","og_site_name":"KInIT","article_published_time":"2023-03-31T12:56:00+00:00","article_modified_time":"2023-08-08T13:02:34+00:00","og_image":[{"width":2401,"height":1257,"url":"https:\/\/kinit.sk\/wp-content\/uploads\/2022\/03\/News-feature-imgs-Majka-FEATURE-1.png","type":"image\/png"}],"author":"Marianna Palkova","twitter_card":"summary_large_image","twitter_creator":"@kinit","twitter_site":"@kinit","twitter_misc":{"Autor":"Marianna Palkova","Predpokladan\u00fd \u010das \u010d\u00edtania":"1 min\u00fata"},"schema":{"@context":"https:\/\/schema.org","@graph":[{"@type":"Article","@id":"https:\/\/kinit.sk\/sk\/ranne-spravy-rtvs-maria-bielikova-o-buducnosti-umelej-inteligencie\/#article","isPartOf":{"@id":"https:\/\/kinit.sk\/sk\/ranne-spravy-rtvs-maria-bielikova-o-buducnosti-umelej-inteligencie\/"},"author":{"name":"Marianna Palkova","@id":"https:\/\/kinit.sk\/#\/schema\/person\/8b175aaaf3267b5bbbbb97e4a6db8cea"},"headline":"Rann\u00e9 spr\u00e1vy RTVS: M\u00e1ria Bielikov\u00e1 o bud\u00facnosti umelej inteligencie\u00a0","datePublished":"2023-03-31T12:56:00+00:00","dateModified":"2023-08-08T13:02:34+00:00","mainEntityOfPage":{"@id":"https:\/\/kinit.sk\/sk\/ranne-spravy-rtvs-maria-bielikova-o-buducnosti-umelej-inteligencie\/"},"wordCount":171,"image":{"@id":"https:\/\/kinit.sk\/sk\/ranne-spravy-rtvs-maria-bielikova-o-buducnosti-umelej-inteligencie\/#primaryimage"},"thumbnailUrl":"https:\/\/kinit.sk\/wp-content\/uploads\/2024\/10\/Media-coverage_feature-images_Maria-Bielikova-scaled.png","keywords":["Podcast","interview"],"articleSection":["Media coverage","2023"],"inLanguage":"sk-SK"},{"@type":"WebPage","@id":"https:\/\/kinit.sk\/sk\/ranne-spravy-rtvs-maria-bielikova-o-buducnosti-umelej-inteligencie\/","url":"https:\/\/kinit.sk\/sk\/ranne-spravy-rtvs-maria-bielikova-o-buducnosti-umelej-inteligencie\/","name":"Rann\u00e9 spr\u00e1vy RTVS: M\u00e1ria Bielikov\u00e1 o bud\u00facnosti umelej inteligencie\u00a0 - KInIT","isPartOf":{"@id":"https:\/\/kinit.sk\/#website"},"primaryImageOfPage":{"@id":"https:\/\/kinit.sk\/sk\/ranne-spravy-rtvs-maria-bielikova-o-buducnosti-umelej-inteligencie\/#primaryimage"},"image":{"@id":"https:\/\/kinit.sk\/sk\/ranne-spravy-rtvs-maria-bielikova-o-buducnosti-umelej-inteligencie\/#primaryimage"},"thumbnailUrl":"https:\/\/kinit.sk\/wp-content\/uploads\/2024\/10\/Media-coverage_feature-images_Maria-Bielikova-scaled.png","datePublished":"2023-03-31T12:56:00+00:00","dateModified":"2023-08-08T13:02:34+00:00","author":{"@id":"https:\/\/kinit.sk\/#\/schema\/person\/8b175aaaf3267b5bbbbb97e4a6db8cea"},"description":"M\u00e1ria Bielikov\u00e1 bola hos\u0165om v Rann\u00fdch spr\u00e1vach na RTVS, kde hovorila o najnov\u0161\u00edch pokrokoch v oblasti umelej inteligencie a o tom, ako AI syst\u00e9my ovplyvnia v bud\u00facnosti trh pr\u00e1ce a vzdel\u00e1vanie.","breadcrumb":{"@id":"https:\/\/kinit.sk\/sk\/ranne-spravy-rtvs-maria-bielikova-o-buducnosti-umelej-inteligencie\/#breadcrumb"},"inLanguage":"sk-SK","potentialAction":[{"@type":"ReadAction","target":["https:\/\/kinit.sk\/sk\/ranne-spravy-rtvs-maria-bielikova-o-buducnosti-umelej-inteligencie\/"]}]},{"@type":"ImageObject","inLanguage":"sk-SK","@id":"https:\/\/kinit.sk\/sk\/ranne-spravy-rtvs-maria-bielikova-o-buducnosti-umelej-inteligencie\/#primaryimage","url":"https:\/\/kinit.sk\/wp-content\/uploads\/2024\/10\/Media-coverage_feature-images_Maria-Bielikova-scaled.png","contentUrl":"https:\/\/kinit.sk\/wp-content\/uploads\/2024\/10\/Media-coverage_feature-images_Maria-Bielikova-scaled.png","width":2560,"height":1340},{"@type":"BreadcrumbList","@id":"https:\/\/kinit.sk\/sk\/ranne-spravy-rtvs-maria-bielikova-o-buducnosti-umelej-inteligencie\/#breadcrumb","itemListElement":[{"@type":"ListItem","position":1,"name":"Home","item":"https:\/\/kinit.sk\/sk\/uvod\/"},{"@type":"ListItem","position":2,"name":"Media coverage","item":"https:\/\/kinit.sk\/category\/media-coverage\/"},{"@type":"ListItem","position":3,"name":"Rann\u00e9 spr\u00e1vy RTVS: M\u00e1ria Bielikov\u00e1 o bud\u00facnosti umelej inteligencie\u00a0"}]},{"@type":"WebSite","@id":"https:\/\/kinit.sk\/#website","url":"https:\/\/kinit.sk\/","name":"KInIT","description":"Vyu\u017e\u00edvame v\u00fdskum pre \u013eud\u00ed a priemysel","potentialAction":[{"@type":"SearchAction","target":{"@type":"EntryPoint","urlTemplate":"https:\/\/kinit.sk\/?s={search_term_string}"},"query-input":{"@type":"PropertyValueSpecification","valueRequired":true,"valueName":"search_term_string"}}],"inLanguage":"sk-SK"},{"@type":"Person","@id":"https:\/\/kinit.sk\/#\/schema\/person\/8b175aaaf3267b5bbbbb97e4a6db8cea","name":"Marianna Palkova"}]}},"_links":{"self":[{"href":"https:\/\/kinit.sk\/sk\/wp-json\/wp\/v2\/posts\/27844","targetHints":{"allow":["GET"]}}],"collection":[{"href":"https:\/\/kinit.sk\/sk\/wp-json\/wp\/v2\/posts"}],"about":[{"href":"https:\/\/kinit.sk\/sk\/wp-json\/wp\/v2\/types\/post"}],"author":[{"embeddable":true,"href":"https:\/\/kinit.sk\/sk\/wp-json\/wp\/v2\/users\/26"}],"replies":[{"embeddable":true,"href":"https:\/\/kinit.sk\/sk\/wp-json\/wp\/v2\/comments?post=27844"}],"version-history":[{"count":3,"href":"https:\/\/kinit.sk\/sk\/wp-json\/wp\/v2\/posts\/27844\/revisions"}],"predecessor-version":[{"id":27848,"href":"https:\/\/kinit.sk\/sk\/wp-json\/wp\/v2\/posts\/27844\/revisions\/27848"}],"wp:featuredmedia":[{"embeddable":true,"href":"https:\/\/kinit.sk\/sk\/wp-json\/wp\/v2\/media\/36979"}],"wp:attachment":[{"href":"https:\/\/kinit.sk\/sk\/wp-json\/wp\/v2\/media?parent=27844"}],"wp:term":[{"taxonomy":"category","embeddable":true,"href":"https:\/\/kinit.sk\/sk\/wp-json\/wp\/v2\/categories?post=27844"},{"taxonomy":"post_tag","embeddable":true,"href":"https:\/\/kinit.sk\/sk\/wp-json\/wp\/v2\/tags?post=27844"}],"curies":[{"name":"wp","href":"https:\/\/api.w.org\/{rel}","templated":true}]}}