{"id":27266,"date":"2023-04-07T10:50:00","date_gmt":"2023-04-07T08:50:00","guid":{"rendered":"https:\/\/kinit.sk\/maria-bielikova-and-juraj-podrouzek-on-current-development-of-artificial-intelligence\/"},"modified":"2023-06-22T10:54:14","modified_gmt":"2023-06-22T08:54:14","slug":"maria-bielikova-a-juraj-podrouzek-o-aktualnom-vyvoji-umelej-inteligencie","status":"publish","type":"post","link":"https:\/\/kinit.sk\/sk\/maria-bielikova-a-juraj-podrouzek-o-aktualnom-vyvoji-umelej-inteligencie\/","title":{"rendered":"M\u00e1ria Bielikov\u00e1 a Juraj Podrou\u017eek o aktu\u00e1lnom v\u00fdvoji umelej inteligencie"},"content":{"rendered":"<div id=\"\" class=\"element core-paragraph\">\n<p>Umel\u00e1 inteligencia sa stala neoddelite\u013enou s\u00fa\u010das\u0165ou na\u0161ej ka\u017edodennej reality a revolu\u010dne transformuje r\u00f4zne oblasti, ako napr\u00edklad navig\u00e1ciu, prekladate\u013estvo, medic\u00ednau a predpove\u010f po\u010dasia.<\/p>\n<\/div>\n\n<div id=\"\" class=\"element core-paragraph\">\n<p>V ned\u00e1vnom rozhovore pre rel\u00e1ciu Svet:24 sa <a href=\"https:\/\/kinit.sk\/sk\/clen\/maria-bielikova\/\">M\u00e1ria Bielikov\u00e1 <\/a>a <a href=\"https:\/\/kinit.sk\/sk\/clen\/juraj-podrouzek\/\">Juraj Podrou\u017eek<\/a> zaoberali aktu\u00e1lnym v\u00fdvojom umelej inteligencie. V r\u00e1mci tejto diskusie pribl\u00ed\u017eili transforma\u010dn\u00fa silu AI a zd\u00f4raznili d\u00f4le\u017eitos\u0165 zodpovedn\u00e9ho a etick\u00e9ho za\u010dlenenia tejto technol\u00f3gie do na\u0161ej spolo\u010dnosti.<\/p>\n<\/div>\n\n<div id=\"\" class=\"element core-paragraph\">\n<p><a href=\"https:\/\/www.rtvs.sk\/televizia\/archiv\/19166\/396506#0\" target=\"_blank\" rel=\"noreferrer noopener\">Pozrite si rozhovor<\/a> a dozviete sa:<\/p>\n<\/div>\n\n<div id=\"\" class=\"element core-list\">\n<ul class=\"wp-block-list\"><div id=\"\" class=\"element core-list-item\">\n<li>Ako sa umel\u00e1 inteligencia vyv\u00edjala a kam smeruje jej v\u00fdvoj?<\/li>\n<\/div>\n\n<div id=\"\" class=\"element core-list-item\">\n<li>Ak\u00e9 s\u00fa mo\u017enosti a re\u00e1lne aplik\u00e1cie umelej inteligencie?<\/li>\n<\/div>\n\n<div id=\"\" class=\"element core-list-item\">\n<li>Pre\u010do je d\u00f4le\u017eit\u00e9 sa zamyslie\u0165, ako \u013eudia interaguj\u00fa s t\u00fdmito technol\u00f3giami?<\/li>\n<\/div>\n\n<div id=\"\" class=\"element core-list-item\">\n<li>Ako n\u00e1m&nbsp; m\u00f4\u017ee umel\u00e1 inteligencia zjednodu\u0161i\u0165 \u00falohy a posilni\u0165 na\u0161e schopnosti?<\/li>\n<\/div>\n\n<div id=\"\" class=\"element core-list-item\">\n<li>Ak\u00e9 s\u00fa etick\u00e9 a bezpe\u010dnostn\u00e9 v\u00fdzvy spojen\u00e9 s vyu\u017e\u00edvan\u00edm umelej inteligencie?<\/li>\n<\/div><\/ul>\n<\/div>\n\n<div id=\"\" class=\"element core-image\">\n<figure class=\"wp-block-image is-resized\"><img decoding=\"async\" data-src=\"https:\/\/lh6.googleusercontent.com\/QIPHOI0sCrMp1bhghX9GCK835gBT_Nv76k0JDrsIR-mCJsGCv8amqmfC8sQ4_bT3OvnpTlDxe7QHxsMT58OYmKnb9--1Nv1WZrIN4pqPz5FlIzwSVRxCe_ESswR-U4ICiac0_ZG8oAQqeeeh4zfvSNo\" alt=\"\" width=\"770\" height=\"429\" src=\"data:image\/svg+xml;base64,PHN2ZyB3aWR0aD0iMSIgaGVpZ2h0PSIxIiB4bWxucz0iaHR0cDovL3d3dy53My5vcmcvMjAwMC9zdmciPjwvc3ZnPg==\" class=\"lazyload\" style=\"--smush-placeholder-width: 770px; --smush-placeholder-aspect-ratio: 770\/429;\" \/><\/figure>\n<\/div>","protected":false},"excerpt":{"rendered":"<p>Umel\u00e1 inteligencia sa stala neoddelite\u013enou s\u00fa\u010das\u0165ou na\u0161ej ka\u017edodennej reality a revolu\u010dne transformuje r\u00f4zne oblasti, ako napr\u00edklad navig\u00e1ciu, prekladate\u013estvo, medic\u00ednau a predpove\u010f po\u010dasia. V ned\u00e1vnom rozhovore pre rel\u00e1ciu Svet:24 sa M\u00e1ria&#8230;<\/p>\n","protected":false},"author":26,"featured_media":25093,"comment_status":"closed","ping_status":"closed","sticky":false,"template":"","format":"standard","meta":{"_acf_changed":false,"footnotes":""},"categories":[109,142],"tags":[100],"class_list":["post-27266","post","type-post","status-publish","format-standard","has-post-thumbnail","hentry","category-media-coverage-sk","category-2023-sk","tag-podcast-sk"],"acf":[],"yoast_head":"<!-- This site is optimized with the Yoast SEO plugin v27.4 - https:\/\/yoast.com\/product\/yoast-seo-wordpress\/ -->\n<title>M\u00e1ria Bielikov\u00e1 a Juraj Podrou\u017eek o aktu\u00e1lnom v\u00fdvoji umelej inteligencie - KInIT<\/title>\n<meta name=\"description\" content=\"V ned\u00e1vnom rozhovore pre rel\u00e1ciu Svet:24 sa M\u00e1ria Bielikov\u00e1 a Juraj Podrou\u017eek zaoberali aktu\u00e1lnym v\u00fdvojom umelej inteligencie. V r\u00e1mci tejto diskusie pribl\u00ed\u017eili transforma\u010dn\u00fa silu AI a zd\u00f4raznili d\u00f4le\u017eitos\u0165 zodpovedn\u00e9ho a etick\u00e9ho za\u010dlenenia tejto technol\u00f3gie do na\u0161ej spolo\u010dnosti.\" \/>\n<meta name=\"robots\" content=\"index, follow, max-snippet:-1, max-image-preview:large, max-video-preview:-1\" \/>\n<link rel=\"canonical\" href=\"https:\/\/kinit.sk\/sk\/maria-bielikova-a-juraj-podrouzek-o-aktualnom-vyvoji-umelej-inteligencie\/\" \/>\n<meta property=\"og:locale\" content=\"sk_SK\" \/>\n<meta property=\"og:type\" content=\"article\" \/>\n<meta property=\"og:title\" content=\"M\u00e1ria Bielikov\u00e1 a Juraj Podrou\u017eek o aktu\u00e1lnom v\u00fdvoji umelej inteligencie - KInIT\" \/>\n<meta property=\"og:description\" content=\"V ned\u00e1vnom rozhovore pre rel\u00e1ciu Svet:24 sa M\u00e1ria Bielikov\u00e1 a Juraj Podrou\u017eek zaoberali aktu\u00e1lnym v\u00fdvojom umelej inteligencie. V r\u00e1mci tejto diskusie pribl\u00ed\u017eili transforma\u010dn\u00fa silu AI a zd\u00f4raznili d\u00f4le\u017eitos\u0165 zodpovedn\u00e9ho a etick\u00e9ho za\u010dlenenia tejto technol\u00f3gie do na\u0161ej spolo\u010dnosti.\" \/>\n<meta property=\"og:url\" content=\"https:\/\/kinit.sk\/sk\/maria-bielikova-a-juraj-podrouzek-o-aktualnom-vyvoji-umelej-inteligencie\/\" \/>\n<meta property=\"og:site_name\" content=\"KInIT\" \/>\n<meta property=\"article:published_time\" content=\"2023-04-07T08:50:00+00:00\" \/>\n<meta property=\"article:modified_time\" content=\"2023-06-22T08:54:14+00:00\" \/>\n<meta property=\"og:image\" content=\"https:\/\/kinit.sk\/wp-content\/uploads\/2023\/02\/Web_news_feature_general_6.png\" \/>\n\t<meta property=\"og:image:width\" content=\"1800\" \/>\n\t<meta property=\"og:image:height\" content=\"942\" \/>\n\t<meta property=\"og:image:type\" content=\"image\/png\" \/>\n<meta name=\"author\" content=\"Marianna Palkova\" \/>\n<meta name=\"twitter:card\" content=\"summary_large_image\" \/>\n<meta name=\"twitter:creator\" content=\"@kinit\" \/>\n<meta name=\"twitter:site\" content=\"@kinit\" \/>\n<meta name=\"twitter:label1\" content=\"Autor\" \/>\n\t<meta name=\"twitter:data1\" content=\"Marianna Palkova\" \/>\n\t<meta name=\"twitter:label2\" content=\"Predpokladan\u00fd \u010das \u010d\u00edtania\" \/>\n\t<meta name=\"twitter:data2\" content=\"1 min\u00fata\" \/>\n<script type=\"application\/ld+json\" class=\"yoast-schema-graph\">{\"@context\":\"https:\\\/\\\/schema.org\",\"@graph\":[{\"@type\":\"Article\",\"@id\":\"https:\\\/\\\/kinit.sk\\\/sk\\\/maria-bielikova-a-juraj-podrouzek-o-aktualnom-vyvoji-umelej-inteligencie\\\/#article\",\"isPartOf\":{\"@id\":\"https:\\\/\\\/kinit.sk\\\/sk\\\/maria-bielikova-a-juraj-podrouzek-o-aktualnom-vyvoji-umelej-inteligencie\\\/\"},\"author\":{\"name\":\"Marianna Palkova\",\"@id\":\"https:\\\/\\\/kinit.sk\\\/#\\\/schema\\\/person\\\/8b175aaaf3267b5bbbbb97e4a6db8cea\"},\"headline\":\"M\u00e1ria Bielikov\u00e1 a Juraj Podrou\u017eek o aktu\u00e1lnom v\u00fdvoji umelej inteligencie\",\"datePublished\":\"2023-04-07T08:50:00+00:00\",\"dateModified\":\"2023-06-22T08:54:14+00:00\",\"mainEntityOfPage\":{\"@id\":\"https:\\\/\\\/kinit.sk\\\/sk\\\/maria-bielikova-a-juraj-podrouzek-o-aktualnom-vyvoji-umelej-inteligencie\\\/\"},\"wordCount\":179,\"image\":{\"@id\":\"https:\\\/\\\/kinit.sk\\\/sk\\\/maria-bielikova-a-juraj-podrouzek-o-aktualnom-vyvoji-umelej-inteligencie\\\/#primaryimage\"},\"thumbnailUrl\":\"https:\\\/\\\/kinit.sk\\\/wp-content\\\/uploads\\\/2023\\\/02\\\/Web_news_feature_general_6.png\",\"keywords\":[\"Podcast\"],\"articleSection\":[\"Media coverage\",\"2023\"],\"inLanguage\":\"sk-SK\"},{\"@type\":\"WebPage\",\"@id\":\"https:\\\/\\\/kinit.sk\\\/sk\\\/maria-bielikova-a-juraj-podrouzek-o-aktualnom-vyvoji-umelej-inteligencie\\\/\",\"url\":\"https:\\\/\\\/kinit.sk\\\/sk\\\/maria-bielikova-a-juraj-podrouzek-o-aktualnom-vyvoji-umelej-inteligencie\\\/\",\"name\":\"M\u00e1ria Bielikov\u00e1 a Juraj Podrou\u017eek o aktu\u00e1lnom v\u00fdvoji umelej inteligencie - KInIT\",\"isPartOf\":{\"@id\":\"https:\\\/\\\/kinit.sk\\\/#website\"},\"primaryImageOfPage\":{\"@id\":\"https:\\\/\\\/kinit.sk\\\/sk\\\/maria-bielikova-a-juraj-podrouzek-o-aktualnom-vyvoji-umelej-inteligencie\\\/#primaryimage\"},\"image\":{\"@id\":\"https:\\\/\\\/kinit.sk\\\/sk\\\/maria-bielikova-a-juraj-podrouzek-o-aktualnom-vyvoji-umelej-inteligencie\\\/#primaryimage\"},\"thumbnailUrl\":\"https:\\\/\\\/kinit.sk\\\/wp-content\\\/uploads\\\/2023\\\/02\\\/Web_news_feature_general_6.png\",\"datePublished\":\"2023-04-07T08:50:00+00:00\",\"dateModified\":\"2023-06-22T08:54:14+00:00\",\"author\":{\"@id\":\"https:\\\/\\\/kinit.sk\\\/#\\\/schema\\\/person\\\/8b175aaaf3267b5bbbbb97e4a6db8cea\"},\"description\":\"V ned\u00e1vnom rozhovore pre rel\u00e1ciu Svet:24 sa M\u00e1ria Bielikov\u00e1 a Juraj Podrou\u017eek zaoberali aktu\u00e1lnym v\u00fdvojom umelej inteligencie. V r\u00e1mci tejto diskusie pribl\u00ed\u017eili transforma\u010dn\u00fa silu AI a zd\u00f4raznili d\u00f4le\u017eitos\u0165 zodpovedn\u00e9ho a etick\u00e9ho za\u010dlenenia tejto technol\u00f3gie do na\u0161ej spolo\u010dnosti.\",\"breadcrumb\":{\"@id\":\"https:\\\/\\\/kinit.sk\\\/sk\\\/maria-bielikova-a-juraj-podrouzek-o-aktualnom-vyvoji-umelej-inteligencie\\\/#breadcrumb\"},\"inLanguage\":\"sk-SK\",\"potentialAction\":[{\"@type\":\"ReadAction\",\"target\":[\"https:\\\/\\\/kinit.sk\\\/sk\\\/maria-bielikova-a-juraj-podrouzek-o-aktualnom-vyvoji-umelej-inteligencie\\\/\"]}]},{\"@type\":\"ImageObject\",\"inLanguage\":\"sk-SK\",\"@id\":\"https:\\\/\\\/kinit.sk\\\/sk\\\/maria-bielikova-a-juraj-podrouzek-o-aktualnom-vyvoji-umelej-inteligencie\\\/#primaryimage\",\"url\":\"https:\\\/\\\/kinit.sk\\\/wp-content\\\/uploads\\\/2023\\\/02\\\/Web_news_feature_general_6.png\",\"contentUrl\":\"https:\\\/\\\/kinit.sk\\\/wp-content\\\/uploads\\\/2023\\\/02\\\/Web_news_feature_general_6.png\",\"width\":1800,\"height\":942},{\"@type\":\"BreadcrumbList\",\"@id\":\"https:\\\/\\\/kinit.sk\\\/sk\\\/maria-bielikova-a-juraj-podrouzek-o-aktualnom-vyvoji-umelej-inteligencie\\\/#breadcrumb\",\"itemListElement\":[{\"@type\":\"ListItem\",\"position\":1,\"name\":\"Home\",\"item\":\"https:\\\/\\\/kinit.sk\\\/sk\\\/\"},{\"@type\":\"ListItem\",\"position\":2,\"name\":\"Media coverage\",\"item\":\"https:\\\/\\\/kinit.sk\\\/sk\\\/category\\\/media-coverage-sk\\\/\"},{\"@type\":\"ListItem\",\"position\":3,\"name\":\"M\u00e1ria Bielikov\u00e1 a Juraj Podrou\u017eek o aktu\u00e1lnom v\u00fdvoji umelej inteligencie\"}]},{\"@type\":\"WebSite\",\"@id\":\"https:\\\/\\\/kinit.sk\\\/#website\",\"url\":\"https:\\\/\\\/kinit.sk\\\/\",\"name\":\"KInIT\",\"description\":\"Vyu\u017e\u00edvame v\u00fdskum pre \u013eud\u00ed a priemysel\",\"potentialAction\":[{\"@type\":\"SearchAction\",\"target\":{\"@type\":\"EntryPoint\",\"urlTemplate\":\"https:\\\/\\\/kinit.sk\\\/?s={search_term_string}\"},\"query-input\":{\"@type\":\"PropertyValueSpecification\",\"valueRequired\":true,\"valueName\":\"search_term_string\"}}],\"inLanguage\":\"sk-SK\"},{\"@type\":\"Person\",\"@id\":\"https:\\\/\\\/kinit.sk\\\/#\\\/schema\\\/person\\\/8b175aaaf3267b5bbbbb97e4a6db8cea\",\"name\":\"Marianna Palkova\"}]}<\/script>\n<!-- \/ Yoast SEO plugin. -->","yoast_head_json":{"title":"M\u00e1ria Bielikov\u00e1 a Juraj Podrou\u017eek o aktu\u00e1lnom v\u00fdvoji umelej inteligencie - KInIT","description":"V ned\u00e1vnom rozhovore pre rel\u00e1ciu Svet:24 sa M\u00e1ria Bielikov\u00e1 a Juraj Podrou\u017eek zaoberali aktu\u00e1lnym v\u00fdvojom umelej inteligencie. V r\u00e1mci tejto diskusie pribl\u00ed\u017eili transforma\u010dn\u00fa silu AI a zd\u00f4raznili d\u00f4le\u017eitos\u0165 zodpovedn\u00e9ho a etick\u00e9ho za\u010dlenenia tejto technol\u00f3gie do na\u0161ej spolo\u010dnosti.","robots":{"index":"index","follow":"follow","max-snippet":"max-snippet:-1","max-image-preview":"max-image-preview:large","max-video-preview":"max-video-preview:-1"},"canonical":"https:\/\/kinit.sk\/sk\/maria-bielikova-a-juraj-podrouzek-o-aktualnom-vyvoji-umelej-inteligencie\/","og_locale":"sk_SK","og_type":"article","og_title":"M\u00e1ria Bielikov\u00e1 a Juraj Podrou\u017eek o aktu\u00e1lnom v\u00fdvoji umelej inteligencie - KInIT","og_description":"V ned\u00e1vnom rozhovore pre rel\u00e1ciu Svet:24 sa M\u00e1ria Bielikov\u00e1 a Juraj Podrou\u017eek zaoberali aktu\u00e1lnym v\u00fdvojom umelej inteligencie. V r\u00e1mci tejto diskusie pribl\u00ed\u017eili transforma\u010dn\u00fa silu AI a zd\u00f4raznili d\u00f4le\u017eitos\u0165 zodpovedn\u00e9ho a etick\u00e9ho za\u010dlenenia tejto technol\u00f3gie do na\u0161ej spolo\u010dnosti.","og_url":"https:\/\/kinit.sk\/sk\/maria-bielikova-a-juraj-podrouzek-o-aktualnom-vyvoji-umelej-inteligencie\/","og_site_name":"KInIT","article_published_time":"2023-04-07T08:50:00+00:00","article_modified_time":"2023-06-22T08:54:14+00:00","og_image":[{"width":1800,"height":942,"url":"https:\/\/kinit.sk\/wp-content\/uploads\/2023\/02\/Web_news_feature_general_6.png","type":"image\/png"}],"author":"Marianna Palkova","twitter_card":"summary_large_image","twitter_creator":"@kinit","twitter_site":"@kinit","twitter_misc":{"Autor":"Marianna Palkova","Predpokladan\u00fd \u010das \u010d\u00edtania":"1 min\u00fata"},"schema":{"@context":"https:\/\/schema.org","@graph":[{"@type":"Article","@id":"https:\/\/kinit.sk\/sk\/maria-bielikova-a-juraj-podrouzek-o-aktualnom-vyvoji-umelej-inteligencie\/#article","isPartOf":{"@id":"https:\/\/kinit.sk\/sk\/maria-bielikova-a-juraj-podrouzek-o-aktualnom-vyvoji-umelej-inteligencie\/"},"author":{"name":"Marianna Palkova","@id":"https:\/\/kinit.sk\/#\/schema\/person\/8b175aaaf3267b5bbbbb97e4a6db8cea"},"headline":"M\u00e1ria Bielikov\u00e1 a Juraj Podrou\u017eek o aktu\u00e1lnom v\u00fdvoji umelej inteligencie","datePublished":"2023-04-07T08:50:00+00:00","dateModified":"2023-06-22T08:54:14+00:00","mainEntityOfPage":{"@id":"https:\/\/kinit.sk\/sk\/maria-bielikova-a-juraj-podrouzek-o-aktualnom-vyvoji-umelej-inteligencie\/"},"wordCount":179,"image":{"@id":"https:\/\/kinit.sk\/sk\/maria-bielikova-a-juraj-podrouzek-o-aktualnom-vyvoji-umelej-inteligencie\/#primaryimage"},"thumbnailUrl":"https:\/\/kinit.sk\/wp-content\/uploads\/2023\/02\/Web_news_feature_general_6.png","keywords":["Podcast"],"articleSection":["Media coverage","2023"],"inLanguage":"sk-SK"},{"@type":"WebPage","@id":"https:\/\/kinit.sk\/sk\/maria-bielikova-a-juraj-podrouzek-o-aktualnom-vyvoji-umelej-inteligencie\/","url":"https:\/\/kinit.sk\/sk\/maria-bielikova-a-juraj-podrouzek-o-aktualnom-vyvoji-umelej-inteligencie\/","name":"M\u00e1ria Bielikov\u00e1 a Juraj Podrou\u017eek o aktu\u00e1lnom v\u00fdvoji umelej inteligencie - KInIT","isPartOf":{"@id":"https:\/\/kinit.sk\/#website"},"primaryImageOfPage":{"@id":"https:\/\/kinit.sk\/sk\/maria-bielikova-a-juraj-podrouzek-o-aktualnom-vyvoji-umelej-inteligencie\/#primaryimage"},"image":{"@id":"https:\/\/kinit.sk\/sk\/maria-bielikova-a-juraj-podrouzek-o-aktualnom-vyvoji-umelej-inteligencie\/#primaryimage"},"thumbnailUrl":"https:\/\/kinit.sk\/wp-content\/uploads\/2023\/02\/Web_news_feature_general_6.png","datePublished":"2023-04-07T08:50:00+00:00","dateModified":"2023-06-22T08:54:14+00:00","author":{"@id":"https:\/\/kinit.sk\/#\/schema\/person\/8b175aaaf3267b5bbbbb97e4a6db8cea"},"description":"V ned\u00e1vnom rozhovore pre rel\u00e1ciu Svet:24 sa M\u00e1ria Bielikov\u00e1 a Juraj Podrou\u017eek zaoberali aktu\u00e1lnym v\u00fdvojom umelej inteligencie. V r\u00e1mci tejto diskusie pribl\u00ed\u017eili transforma\u010dn\u00fa silu AI a zd\u00f4raznili d\u00f4le\u017eitos\u0165 zodpovedn\u00e9ho a etick\u00e9ho za\u010dlenenia tejto technol\u00f3gie do na\u0161ej spolo\u010dnosti.","breadcrumb":{"@id":"https:\/\/kinit.sk\/sk\/maria-bielikova-a-juraj-podrouzek-o-aktualnom-vyvoji-umelej-inteligencie\/#breadcrumb"},"inLanguage":"sk-SK","potentialAction":[{"@type":"ReadAction","target":["https:\/\/kinit.sk\/sk\/maria-bielikova-a-juraj-podrouzek-o-aktualnom-vyvoji-umelej-inteligencie\/"]}]},{"@type":"ImageObject","inLanguage":"sk-SK","@id":"https:\/\/kinit.sk\/sk\/maria-bielikova-a-juraj-podrouzek-o-aktualnom-vyvoji-umelej-inteligencie\/#primaryimage","url":"https:\/\/kinit.sk\/wp-content\/uploads\/2023\/02\/Web_news_feature_general_6.png","contentUrl":"https:\/\/kinit.sk\/wp-content\/uploads\/2023\/02\/Web_news_feature_general_6.png","width":1800,"height":942},{"@type":"BreadcrumbList","@id":"https:\/\/kinit.sk\/sk\/maria-bielikova-a-juraj-podrouzek-o-aktualnom-vyvoji-umelej-inteligencie\/#breadcrumb","itemListElement":[{"@type":"ListItem","position":1,"name":"Home","item":"https:\/\/kinit.sk\/sk\/"},{"@type":"ListItem","position":2,"name":"Media coverage","item":"https:\/\/kinit.sk\/sk\/category\/media-coverage-sk\/"},{"@type":"ListItem","position":3,"name":"M\u00e1ria Bielikov\u00e1 a Juraj Podrou\u017eek o aktu\u00e1lnom v\u00fdvoji umelej inteligencie"}]},{"@type":"WebSite","@id":"https:\/\/kinit.sk\/#website","url":"https:\/\/kinit.sk\/","name":"KInIT","description":"Vyu\u017e\u00edvame v\u00fdskum pre \u013eud\u00ed a priemysel","potentialAction":[{"@type":"SearchAction","target":{"@type":"EntryPoint","urlTemplate":"https:\/\/kinit.sk\/?s={search_term_string}"},"query-input":{"@type":"PropertyValueSpecification","valueRequired":true,"valueName":"search_term_string"}}],"inLanguage":"sk-SK"},{"@type":"Person","@id":"https:\/\/kinit.sk\/#\/schema\/person\/8b175aaaf3267b5bbbbb97e4a6db8cea","name":"Marianna Palkova"}]}},"_links":{"self":[{"href":"https:\/\/kinit.sk\/sk\/wp-json\/wp\/v2\/posts\/27266","targetHints":{"allow":["GET"]}}],"collection":[{"href":"https:\/\/kinit.sk\/sk\/wp-json\/wp\/v2\/posts"}],"about":[{"href":"https:\/\/kinit.sk\/sk\/wp-json\/wp\/v2\/types\/post"}],"author":[{"embeddable":true,"href":"https:\/\/kinit.sk\/sk\/wp-json\/wp\/v2\/users\/26"}],"replies":[{"embeddable":true,"href":"https:\/\/kinit.sk\/sk\/wp-json\/wp\/v2\/comments?post=27266"}],"version-history":[{"count":2,"href":"https:\/\/kinit.sk\/sk\/wp-json\/wp\/v2\/posts\/27266\/revisions"}],"predecessor-version":[{"id":27270,"href":"https:\/\/kinit.sk\/sk\/wp-json\/wp\/v2\/posts\/27266\/revisions\/27270"}],"wp:featuredmedia":[{"embeddable":true,"href":"https:\/\/kinit.sk\/sk\/wp-json\/wp\/v2\/media\/25093"}],"wp:attachment":[{"href":"https:\/\/kinit.sk\/sk\/wp-json\/wp\/v2\/media?parent=27266"}],"wp:term":[{"taxonomy":"category","embeddable":true,"href":"https:\/\/kinit.sk\/sk\/wp-json\/wp\/v2\/categories?post=27266"},{"taxonomy":"post_tag","embeddable":true,"href":"https:\/\/kinit.sk\/sk\/wp-json\/wp\/v2\/tags?post=27266"}],"curies":[{"name":"wp","href":"https:\/\/api.w.org\/{rel}","templated":true}]}}