{"id":26630,"date":"2023-03-18T12:00:00","date_gmt":"2023-03-18T11:00:00","guid":{"rendered":"https:\/\/kinit.sk\/marian-simko-for-dennikn-why-we-shouldnt-ask-ai-sensitive-questions\/"},"modified":"2023-05-11T12:07:49","modified_gmt":"2023-05-11T10:07:49","slug":"marian-simko-pre-dennikn-preco-by-sme-sa-nemali-umelej-inteligencie-pytat-citlive-otazky","status":"publish","type":"post","link":"https:\/\/kinit.sk\/sk\/marian-simko-pre-dennikn-preco-by-sme-sa-nemali-umelej-inteligencie-pytat-citlive-otazky\/","title":{"rendered":"Mari\u00e1n \u0160imko pre Denn\u00edkN: Pre\u010do by sme sa nemali umelej inteligencie p\u00fdta\u0165 citliv\u00e9 ot\u00e1zky"},"content":{"rendered":"<div id=\"\" class=\"element core-paragraph\">\n<p>Umel\u00e1 inteligencia dosahuje v\u00fdznamn\u00e9 pokroky v oblasti spracovania prirodzen\u00e9ho jazyka. St\u00e1le je v\u0161ak potrebn\u00e9 prekona\u0165 mnoho v\u00fdziev. Jednou z tak\u00fdchto v\u00fdziev je to, aby sa umel\u00e1 inteligencia nau\u010dila ch\u00e1pa\u0165 nuansy a r\u00f4zne interpret\u00e1cie jazyka, najm\u00e4 v pr\u00edpade citliv\u00fdch t\u00e9m, ako je politika a n\u00e1bo\u017eenstvo.<\/p>\n<\/div>\n\n<div id=\"\" class=\"element core-paragraph\">\n<p><a href=\"https:\/\/kinit.sk\/sk\/clen\/marian-simko\/\">Mari\u00e1n \u0160imko<\/a> je KInIT v\u00fdskumn\u00edk, ktor\u00fd u\u010d\u00ed umel\u00fa inteligenciu rozumie\u0165 slovensk\u00e9mu jazyku a jeho kontextu. <a href=\"https:\/\/dennikn.sk\/3288207\/vedec-ktory-uci-umelu-inteligenciu-po-slovensky-s-citlivymi-otazkami-by-som-sa-na-nu-zatial-neobracal\/?fbclid=IwAR24j4ZSGUPLPvegj2TytVqFzm9qyctw4gLRP7IYWCr3ftorCTqGRLedYAQ\" target=\"_blank\" rel=\"noreferrer noopener\">Pre\u010d\u00edtajte si rozhovor pre Denn\u00edkN<\/a>, v ktorom hovoril aj o t\u00fdchto ot\u00e1zkach:<\/p>\n<\/div>\n\n<div id=\"\" class=\"element core-list\">\n<ul class=\"wp-block-list\"><div id=\"\" class=\"element core-list-item\">\n<li>Pre\u010do je jednoduch\u0161ie nau\u010di\u0165 umel\u00fa inteligenciu po anglicky ako po slovensky?<\/li>\n<\/div>\n\n<div id=\"\" class=\"element core-list-item\">\n<li>Ako zbavi\u0165 umel\u00fa inteligenciu predsudkov?<\/li>\n<\/div>\n\n<div id=\"\" class=\"element core-list-item\">\n<li>Ako zabr\u00e1ni\u0165 tomu, aby sa umel\u00e1 inteligencia tr\u00e9novala na na\u0161ich citliv\u00fdch \u00fadajoch?<\/li>\n<\/div>\n\n<div id=\"\" class=\"element core-list-item\">\n<li>Mali by z\u00e1kony regulova\u0165 algoritmy na soci\u00e1lnych sie\u0165ach?<\/li>\n<\/div>\n\n<div id=\"\" class=\"element core-list-item\">\n<li>Ako&nbsp; za\u0165a\u017euje tr\u00e9ning modelov umelej inteligencie \u017eivotn\u00e9 prostredie?<\/li>\n<\/div><\/ul>\n<\/div>\n\n<div id=\"\" class=\"element core-image\">\n<figure class=\"wp-block-image size-full\"><img decoding=\"async\" width=\"684\" height=\"434\" data-src=\"https:\/\/kinit.sk\/wp-content\/uploads\/2023\/05\/image.png\" alt=\"\" class=\"wp-image-26626 lazyload\" data-srcset=\"https:\/\/kinit.sk\/wp-content\/uploads\/2023\/05\/image.png 684w, https:\/\/kinit.sk\/wp-content\/uploads\/2023\/05\/image-300x190.png 300w\" data-sizes=\"(max-width: 684px) 100vw, 684px\" src=\"data:image\/svg+xml;base64,PHN2ZyB3aWR0aD0iMSIgaGVpZ2h0PSIxIiB4bWxucz0iaHR0cDovL3d3dy53My5vcmcvMjAwMC9zdmciPjwvc3ZnPg==\" style=\"--smush-placeholder-width: 684px; --smush-placeholder-aspect-ratio: 684\/434;\" \/><\/figure>\n<\/div>","protected":false},"excerpt":{"rendered":"<p>Umel\u00e1 inteligencia dosahuje v\u00fdznamn\u00e9 pokroky v oblasti spracovania prirodzen\u00e9ho jazyka. St\u00e1le je v\u0161ak potrebn\u00e9 prekona\u0165 mnoho v\u00fdziev. Jednou z tak\u00fdchto v\u00fdziev je to, aby sa umel\u00e1 inteligencia nau\u010dila ch\u00e1pa\u0165 nuansy&#8230;<\/p>\n","protected":false},"author":26,"featured_media":25085,"comment_status":"closed","ping_status":"closed","sticky":false,"template":"","format":"standard","meta":{"_acf_changed":false,"footnotes":""},"categories":[109,142],"tags":[398],"class_list":["post-26630","post","type-post","status-publish","format-standard","has-post-thumbnail","hentry","category-media-coverage-sk","category-2023-sk","tag-interview-sk"],"acf":[],"yoast_head":"<!-- This site is optimized with the Yoast SEO plugin v27.4 - https:\/\/yoast.com\/product\/yoast-seo-wordpress\/ -->\n<title>Mari\u00e1n \u0160imko pre Denn\u00edkN: Pre\u010do by sme sa nemali umelej inteligencie p\u00fdta\u0165 citliv\u00e9 ot\u00e1zky - KInIT<\/title>\n<meta name=\"description\" content=\"Umel\u00e1 inteligencia dosahuje v\u00fdznamn\u00e9 pokroky v oblasti spracovania prirodzen\u00e9ho jazyka. St\u00e1le je v\u0161ak potrebn\u00e9 prekona\u0165 mnoho v\u00fdziev. Jednou z tak\u00fdchto v\u00fdziev je to, aby sa umel\u00e1 inteligencia nau\u010dila ch\u00e1pa\u0165 nuansy a r\u00f4zne interpret\u00e1cie jazyka, najm\u00e4 v pr\u00edpade citliv\u00fdch t\u00e9m, ako je politika a n\u00e1bo\u017eenstvo.\" \/>\n<meta name=\"robots\" content=\"index, follow, max-snippet:-1, max-image-preview:large, max-video-preview:-1\" \/>\n<link rel=\"canonical\" href=\"https:\/\/kinit.sk\/sk\/marian-simko-pre-dennikn-preco-by-sme-sa-nemali-umelej-inteligencie-pytat-citlive-otazky\/\" \/>\n<meta property=\"og:locale\" content=\"sk_SK\" \/>\n<meta property=\"og:type\" content=\"article\" \/>\n<meta property=\"og:title\" content=\"Mari\u00e1n \u0160imko pre Denn\u00edkN: Pre\u010do by sme sa nemali umelej inteligencie p\u00fdta\u0165 citliv\u00e9 ot\u00e1zky - KInIT\" \/>\n<meta property=\"og:description\" content=\"Umel\u00e1 inteligencia dosahuje v\u00fdznamn\u00e9 pokroky v oblasti spracovania prirodzen\u00e9ho jazyka. St\u00e1le je v\u0161ak potrebn\u00e9 prekona\u0165 mnoho v\u00fdziev. Jednou z tak\u00fdchto v\u00fdziev je to, aby sa umel\u00e1 inteligencia nau\u010dila ch\u00e1pa\u0165 nuansy a r\u00f4zne interpret\u00e1cie jazyka, najm\u00e4 v pr\u00edpade citliv\u00fdch t\u00e9m, ako je politika a n\u00e1bo\u017eenstvo.\" \/>\n<meta property=\"og:url\" content=\"https:\/\/kinit.sk\/sk\/marian-simko-pre-dennikn-preco-by-sme-sa-nemali-umelej-inteligencie-pytat-citlive-otazky\/\" \/>\n<meta property=\"og:site_name\" content=\"KInIT\" \/>\n<meta property=\"article:published_time\" content=\"2023-03-18T11:00:00+00:00\" \/>\n<meta property=\"article:modified_time\" content=\"2023-05-11T10:07:49+00:00\" \/>\n<meta property=\"og:image\" content=\"https:\/\/kinit.sk\/wp-content\/uploads\/2023\/02\/Web_news_feature_general_2.png\" \/>\n\t<meta property=\"og:image:width\" content=\"1800\" \/>\n\t<meta property=\"og:image:height\" content=\"942\" \/>\n\t<meta property=\"og:image:type\" content=\"image\/png\" \/>\n<meta name=\"author\" content=\"Marianna Palkova\" \/>\n<meta name=\"twitter:card\" content=\"summary_large_image\" \/>\n<meta name=\"twitter:creator\" content=\"@kinit\" \/>\n<meta name=\"twitter:site\" content=\"@kinit\" \/>\n<meta name=\"twitter:label1\" content=\"Autor\" \/>\n\t<meta name=\"twitter:data1\" content=\"Marianna Palkova\" \/>\n\t<meta name=\"twitter:label2\" content=\"Predpokladan\u00fd \u010das \u010d\u00edtania\" \/>\n\t<meta name=\"twitter:data2\" content=\"1 min\u00fata\" \/>\n<script type=\"application\/ld+json\" class=\"yoast-schema-graph\">{\"@context\":\"https:\\\/\\\/schema.org\",\"@graph\":[{\"@type\":\"Article\",\"@id\":\"https:\\\/\\\/kinit.sk\\\/sk\\\/marian-simko-pre-dennikn-preco-by-sme-sa-nemali-umelej-inteligencie-pytat-citlive-otazky\\\/#article\",\"isPartOf\":{\"@id\":\"https:\\\/\\\/kinit.sk\\\/sk\\\/marian-simko-pre-dennikn-preco-by-sme-sa-nemali-umelej-inteligencie-pytat-citlive-otazky\\\/\"},\"author\":{\"name\":\"Marianna Palkova\",\"@id\":\"https:\\\/\\\/kinit.sk\\\/#\\\/schema\\\/person\\\/8b175aaaf3267b5bbbbb97e4a6db8cea\"},\"headline\":\"Mari\u00e1n \u0160imko pre Denn\u00edkN: Pre\u010do by sme sa nemali umelej inteligencie p\u00fdta\u0165 citliv\u00e9 ot\u00e1zky\",\"datePublished\":\"2023-03-18T11:00:00+00:00\",\"dateModified\":\"2023-05-11T10:07:49+00:00\",\"mainEntityOfPage\":{\"@id\":\"https:\\\/\\\/kinit.sk\\\/sk\\\/marian-simko-pre-dennikn-preco-by-sme-sa-nemali-umelej-inteligencie-pytat-citlive-otazky\\\/\"},\"wordCount\":172,\"image\":{\"@id\":\"https:\\\/\\\/kinit.sk\\\/sk\\\/marian-simko-pre-dennikn-preco-by-sme-sa-nemali-umelej-inteligencie-pytat-citlive-otazky\\\/#primaryimage\"},\"thumbnailUrl\":\"https:\\\/\\\/kinit.sk\\\/wp-content\\\/uploads\\\/2023\\\/02\\\/Web_news_feature_general_2.png\",\"keywords\":[\"interview\"],\"articleSection\":[\"Media coverage\",\"2023\"],\"inLanguage\":\"sk-SK\"},{\"@type\":\"WebPage\",\"@id\":\"https:\\\/\\\/kinit.sk\\\/sk\\\/marian-simko-pre-dennikn-preco-by-sme-sa-nemali-umelej-inteligencie-pytat-citlive-otazky\\\/\",\"url\":\"https:\\\/\\\/kinit.sk\\\/sk\\\/marian-simko-pre-dennikn-preco-by-sme-sa-nemali-umelej-inteligencie-pytat-citlive-otazky\\\/\",\"name\":\"Mari\u00e1n \u0160imko pre Denn\u00edkN: Pre\u010do by sme sa nemali umelej inteligencie p\u00fdta\u0165 citliv\u00e9 ot\u00e1zky - KInIT\",\"isPartOf\":{\"@id\":\"https:\\\/\\\/kinit.sk\\\/#website\"},\"primaryImageOfPage\":{\"@id\":\"https:\\\/\\\/kinit.sk\\\/sk\\\/marian-simko-pre-dennikn-preco-by-sme-sa-nemali-umelej-inteligencie-pytat-citlive-otazky\\\/#primaryimage\"},\"image\":{\"@id\":\"https:\\\/\\\/kinit.sk\\\/sk\\\/marian-simko-pre-dennikn-preco-by-sme-sa-nemali-umelej-inteligencie-pytat-citlive-otazky\\\/#primaryimage\"},\"thumbnailUrl\":\"https:\\\/\\\/kinit.sk\\\/wp-content\\\/uploads\\\/2023\\\/02\\\/Web_news_feature_general_2.png\",\"datePublished\":\"2023-03-18T11:00:00+00:00\",\"dateModified\":\"2023-05-11T10:07:49+00:00\",\"author\":{\"@id\":\"https:\\\/\\\/kinit.sk\\\/#\\\/schema\\\/person\\\/8b175aaaf3267b5bbbbb97e4a6db8cea\"},\"description\":\"Umel\u00e1 inteligencia dosahuje v\u00fdznamn\u00e9 pokroky v oblasti spracovania prirodzen\u00e9ho jazyka. St\u00e1le je v\u0161ak potrebn\u00e9 prekona\u0165 mnoho v\u00fdziev. Jednou z tak\u00fdchto v\u00fdziev je to, aby sa umel\u00e1 inteligencia nau\u010dila ch\u00e1pa\u0165 nuansy a r\u00f4zne interpret\u00e1cie jazyka, najm\u00e4 v pr\u00edpade citliv\u00fdch t\u00e9m, ako je politika a n\u00e1bo\u017eenstvo.\",\"breadcrumb\":{\"@id\":\"https:\\\/\\\/kinit.sk\\\/sk\\\/marian-simko-pre-dennikn-preco-by-sme-sa-nemali-umelej-inteligencie-pytat-citlive-otazky\\\/#breadcrumb\"},\"inLanguage\":\"sk-SK\",\"potentialAction\":[{\"@type\":\"ReadAction\",\"target\":[\"https:\\\/\\\/kinit.sk\\\/sk\\\/marian-simko-pre-dennikn-preco-by-sme-sa-nemali-umelej-inteligencie-pytat-citlive-otazky\\\/\"]}]},{\"@type\":\"ImageObject\",\"inLanguage\":\"sk-SK\",\"@id\":\"https:\\\/\\\/kinit.sk\\\/sk\\\/marian-simko-pre-dennikn-preco-by-sme-sa-nemali-umelej-inteligencie-pytat-citlive-otazky\\\/#primaryimage\",\"url\":\"https:\\\/\\\/kinit.sk\\\/wp-content\\\/uploads\\\/2023\\\/02\\\/Web_news_feature_general_2.png\",\"contentUrl\":\"https:\\\/\\\/kinit.sk\\\/wp-content\\\/uploads\\\/2023\\\/02\\\/Web_news_feature_general_2.png\",\"width\":1800,\"height\":942},{\"@type\":\"BreadcrumbList\",\"@id\":\"https:\\\/\\\/kinit.sk\\\/sk\\\/marian-simko-pre-dennikn-preco-by-sme-sa-nemali-umelej-inteligencie-pytat-citlive-otazky\\\/#breadcrumb\",\"itemListElement\":[{\"@type\":\"ListItem\",\"position\":1,\"name\":\"Home\",\"item\":\"https:\\\/\\\/kinit.sk\\\/sk\\\/\"},{\"@type\":\"ListItem\",\"position\":2,\"name\":\"Media coverage\",\"item\":\"https:\\\/\\\/kinit.sk\\\/sk\\\/category\\\/media-coverage-sk\\\/\"},{\"@type\":\"ListItem\",\"position\":3,\"name\":\"Mari\u00e1n \u0160imko pre Denn\u00edkN: Pre\u010do by sme sa nemali umelej inteligencie p\u00fdta\u0165 citliv\u00e9 ot\u00e1zky\"}]},{\"@type\":\"WebSite\",\"@id\":\"https:\\\/\\\/kinit.sk\\\/#website\",\"url\":\"https:\\\/\\\/kinit.sk\\\/\",\"name\":\"KInIT\",\"description\":\"Vyu\u017e\u00edvame v\u00fdskum pre \u013eud\u00ed a priemysel\",\"potentialAction\":[{\"@type\":\"SearchAction\",\"target\":{\"@type\":\"EntryPoint\",\"urlTemplate\":\"https:\\\/\\\/kinit.sk\\\/?s={search_term_string}\"},\"query-input\":{\"@type\":\"PropertyValueSpecification\",\"valueRequired\":true,\"valueName\":\"search_term_string\"}}],\"inLanguage\":\"sk-SK\"},{\"@type\":\"Person\",\"@id\":\"https:\\\/\\\/kinit.sk\\\/#\\\/schema\\\/person\\\/8b175aaaf3267b5bbbbb97e4a6db8cea\",\"name\":\"Marianna Palkova\"}]}<\/script>\n<!-- \/ Yoast SEO plugin. -->","yoast_head_json":{"title":"Mari\u00e1n \u0160imko pre Denn\u00edkN: Pre\u010do by sme sa nemali umelej inteligencie p\u00fdta\u0165 citliv\u00e9 ot\u00e1zky - KInIT","description":"Umel\u00e1 inteligencia dosahuje v\u00fdznamn\u00e9 pokroky v oblasti spracovania prirodzen\u00e9ho jazyka. St\u00e1le je v\u0161ak potrebn\u00e9 prekona\u0165 mnoho v\u00fdziev. Jednou z tak\u00fdchto v\u00fdziev je to, aby sa umel\u00e1 inteligencia nau\u010dila ch\u00e1pa\u0165 nuansy a r\u00f4zne interpret\u00e1cie jazyka, najm\u00e4 v pr\u00edpade citliv\u00fdch t\u00e9m, ako je politika a n\u00e1bo\u017eenstvo.","robots":{"index":"index","follow":"follow","max-snippet":"max-snippet:-1","max-image-preview":"max-image-preview:large","max-video-preview":"max-video-preview:-1"},"canonical":"https:\/\/kinit.sk\/sk\/marian-simko-pre-dennikn-preco-by-sme-sa-nemali-umelej-inteligencie-pytat-citlive-otazky\/","og_locale":"sk_SK","og_type":"article","og_title":"Mari\u00e1n \u0160imko pre Denn\u00edkN: Pre\u010do by sme sa nemali umelej inteligencie p\u00fdta\u0165 citliv\u00e9 ot\u00e1zky - KInIT","og_description":"Umel\u00e1 inteligencia dosahuje v\u00fdznamn\u00e9 pokroky v oblasti spracovania prirodzen\u00e9ho jazyka. St\u00e1le je v\u0161ak potrebn\u00e9 prekona\u0165 mnoho v\u00fdziev. Jednou z tak\u00fdchto v\u00fdziev je to, aby sa umel\u00e1 inteligencia nau\u010dila ch\u00e1pa\u0165 nuansy a r\u00f4zne interpret\u00e1cie jazyka, najm\u00e4 v pr\u00edpade citliv\u00fdch t\u00e9m, ako je politika a n\u00e1bo\u017eenstvo.","og_url":"https:\/\/kinit.sk\/sk\/marian-simko-pre-dennikn-preco-by-sme-sa-nemali-umelej-inteligencie-pytat-citlive-otazky\/","og_site_name":"KInIT","article_published_time":"2023-03-18T11:00:00+00:00","article_modified_time":"2023-05-11T10:07:49+00:00","og_image":[{"width":1800,"height":942,"url":"https:\/\/kinit.sk\/wp-content\/uploads\/2023\/02\/Web_news_feature_general_2.png","type":"image\/png"}],"author":"Marianna Palkova","twitter_card":"summary_large_image","twitter_creator":"@kinit","twitter_site":"@kinit","twitter_misc":{"Autor":"Marianna Palkova","Predpokladan\u00fd \u010das \u010d\u00edtania":"1 min\u00fata"},"schema":{"@context":"https:\/\/schema.org","@graph":[{"@type":"Article","@id":"https:\/\/kinit.sk\/sk\/marian-simko-pre-dennikn-preco-by-sme-sa-nemali-umelej-inteligencie-pytat-citlive-otazky\/#article","isPartOf":{"@id":"https:\/\/kinit.sk\/sk\/marian-simko-pre-dennikn-preco-by-sme-sa-nemali-umelej-inteligencie-pytat-citlive-otazky\/"},"author":{"name":"Marianna Palkova","@id":"https:\/\/kinit.sk\/#\/schema\/person\/8b175aaaf3267b5bbbbb97e4a6db8cea"},"headline":"Mari\u00e1n \u0160imko pre Denn\u00edkN: Pre\u010do by sme sa nemali umelej inteligencie p\u00fdta\u0165 citliv\u00e9 ot\u00e1zky","datePublished":"2023-03-18T11:00:00+00:00","dateModified":"2023-05-11T10:07:49+00:00","mainEntityOfPage":{"@id":"https:\/\/kinit.sk\/sk\/marian-simko-pre-dennikn-preco-by-sme-sa-nemali-umelej-inteligencie-pytat-citlive-otazky\/"},"wordCount":172,"image":{"@id":"https:\/\/kinit.sk\/sk\/marian-simko-pre-dennikn-preco-by-sme-sa-nemali-umelej-inteligencie-pytat-citlive-otazky\/#primaryimage"},"thumbnailUrl":"https:\/\/kinit.sk\/wp-content\/uploads\/2023\/02\/Web_news_feature_general_2.png","keywords":["interview"],"articleSection":["Media coverage","2023"],"inLanguage":"sk-SK"},{"@type":"WebPage","@id":"https:\/\/kinit.sk\/sk\/marian-simko-pre-dennikn-preco-by-sme-sa-nemali-umelej-inteligencie-pytat-citlive-otazky\/","url":"https:\/\/kinit.sk\/sk\/marian-simko-pre-dennikn-preco-by-sme-sa-nemali-umelej-inteligencie-pytat-citlive-otazky\/","name":"Mari\u00e1n \u0160imko pre Denn\u00edkN: Pre\u010do by sme sa nemali umelej inteligencie p\u00fdta\u0165 citliv\u00e9 ot\u00e1zky - KInIT","isPartOf":{"@id":"https:\/\/kinit.sk\/#website"},"primaryImageOfPage":{"@id":"https:\/\/kinit.sk\/sk\/marian-simko-pre-dennikn-preco-by-sme-sa-nemali-umelej-inteligencie-pytat-citlive-otazky\/#primaryimage"},"image":{"@id":"https:\/\/kinit.sk\/sk\/marian-simko-pre-dennikn-preco-by-sme-sa-nemali-umelej-inteligencie-pytat-citlive-otazky\/#primaryimage"},"thumbnailUrl":"https:\/\/kinit.sk\/wp-content\/uploads\/2023\/02\/Web_news_feature_general_2.png","datePublished":"2023-03-18T11:00:00+00:00","dateModified":"2023-05-11T10:07:49+00:00","author":{"@id":"https:\/\/kinit.sk\/#\/schema\/person\/8b175aaaf3267b5bbbbb97e4a6db8cea"},"description":"Umel\u00e1 inteligencia dosahuje v\u00fdznamn\u00e9 pokroky v oblasti spracovania prirodzen\u00e9ho jazyka. St\u00e1le je v\u0161ak potrebn\u00e9 prekona\u0165 mnoho v\u00fdziev. Jednou z tak\u00fdchto v\u00fdziev je to, aby sa umel\u00e1 inteligencia nau\u010dila ch\u00e1pa\u0165 nuansy a r\u00f4zne interpret\u00e1cie jazyka, najm\u00e4 v pr\u00edpade citliv\u00fdch t\u00e9m, ako je politika a n\u00e1bo\u017eenstvo.","breadcrumb":{"@id":"https:\/\/kinit.sk\/sk\/marian-simko-pre-dennikn-preco-by-sme-sa-nemali-umelej-inteligencie-pytat-citlive-otazky\/#breadcrumb"},"inLanguage":"sk-SK","potentialAction":[{"@type":"ReadAction","target":["https:\/\/kinit.sk\/sk\/marian-simko-pre-dennikn-preco-by-sme-sa-nemali-umelej-inteligencie-pytat-citlive-otazky\/"]}]},{"@type":"ImageObject","inLanguage":"sk-SK","@id":"https:\/\/kinit.sk\/sk\/marian-simko-pre-dennikn-preco-by-sme-sa-nemali-umelej-inteligencie-pytat-citlive-otazky\/#primaryimage","url":"https:\/\/kinit.sk\/wp-content\/uploads\/2023\/02\/Web_news_feature_general_2.png","contentUrl":"https:\/\/kinit.sk\/wp-content\/uploads\/2023\/02\/Web_news_feature_general_2.png","width":1800,"height":942},{"@type":"BreadcrumbList","@id":"https:\/\/kinit.sk\/sk\/marian-simko-pre-dennikn-preco-by-sme-sa-nemali-umelej-inteligencie-pytat-citlive-otazky\/#breadcrumb","itemListElement":[{"@type":"ListItem","position":1,"name":"Home","item":"https:\/\/kinit.sk\/sk\/"},{"@type":"ListItem","position":2,"name":"Media coverage","item":"https:\/\/kinit.sk\/sk\/category\/media-coverage-sk\/"},{"@type":"ListItem","position":3,"name":"Mari\u00e1n \u0160imko pre Denn\u00edkN: Pre\u010do by sme sa nemali umelej inteligencie p\u00fdta\u0165 citliv\u00e9 ot\u00e1zky"}]},{"@type":"WebSite","@id":"https:\/\/kinit.sk\/#website","url":"https:\/\/kinit.sk\/","name":"KInIT","description":"Vyu\u017e\u00edvame v\u00fdskum pre \u013eud\u00ed a priemysel","potentialAction":[{"@type":"SearchAction","target":{"@type":"EntryPoint","urlTemplate":"https:\/\/kinit.sk\/?s={search_term_string}"},"query-input":{"@type":"PropertyValueSpecification","valueRequired":true,"valueName":"search_term_string"}}],"inLanguage":"sk-SK"},{"@type":"Person","@id":"https:\/\/kinit.sk\/#\/schema\/person\/8b175aaaf3267b5bbbbb97e4a6db8cea","name":"Marianna Palkova"}]}},"_links":{"self":[{"href":"https:\/\/kinit.sk\/sk\/wp-json\/wp\/v2\/posts\/26630","targetHints":{"allow":["GET"]}}],"collection":[{"href":"https:\/\/kinit.sk\/sk\/wp-json\/wp\/v2\/posts"}],"about":[{"href":"https:\/\/kinit.sk\/sk\/wp-json\/wp\/v2\/types\/post"}],"author":[{"embeddable":true,"href":"https:\/\/kinit.sk\/sk\/wp-json\/wp\/v2\/users\/26"}],"replies":[{"embeddable":true,"href":"https:\/\/kinit.sk\/sk\/wp-json\/wp\/v2\/comments?post=26630"}],"version-history":[{"count":4,"href":"https:\/\/kinit.sk\/sk\/wp-json\/wp\/v2\/posts\/26630\/revisions"}],"predecessor-version":[{"id":26652,"href":"https:\/\/kinit.sk\/sk\/wp-json\/wp\/v2\/posts\/26630\/revisions\/26652"}],"wp:featuredmedia":[{"embeddable":true,"href":"https:\/\/kinit.sk\/sk\/wp-json\/wp\/v2\/media\/25085"}],"wp:attachment":[{"href":"https:\/\/kinit.sk\/sk\/wp-json\/wp\/v2\/media?parent=26630"}],"wp:term":[{"taxonomy":"category","embeddable":true,"href":"https:\/\/kinit.sk\/sk\/wp-json\/wp\/v2\/categories?post=26630"},{"taxonomy":"post_tag","embeddable":true,"href":"https:\/\/kinit.sk\/sk\/wp-json\/wp\/v2\/tags?post=26630"}],"curies":[{"name":"wp","href":"https:\/\/api.w.org\/{rel}","templated":true}]}}