{"id":23172,"date":"2022-11-25T11:37:05","date_gmt":"2022-11-25T10:37:05","guid":{"rendered":"https:\/\/kinit.sk\/?p=23172"},"modified":"2022-11-25T11:44:59","modified_gmt":"2022-11-25T10:44:59","slug":"otvoreny-list-na-podporu-narodnej-strategie-pre-vyskum-a-inovacie","status":"publish","type":"post","link":"https:\/\/kinit.sk\/sk\/otvoreny-list-na-podporu-narodnej-strategie-pre-vyskum-a-inovacie\/","title":{"rendered":"Otvoren\u00fd list na podporu N\u00e1rodnej strat\u00e9gie pre v\u00fdskum a inov\u00e1cie"},"content":{"rendered":"<div id=\"\" class=\"element core-paragraph\">\n<p>Zdru\u017eenie siedmich organiz\u00e1cii, ktor\u00e9ho s\u00fa\u010das\u0165ou je aj KInIT, predlo\u017eilo list verejnej podpory pripravovanej N\u00e1rodnej strat\u00e9gii pre v\u00fdskum, v\u00fdvoj a inov\u00e1cie.&nbsp;<\/p>\n<\/div>\n\n<div id=\"\" class=\"element core-paragraph\">\n<p>Strat\u00e9gii vyjadrujeme podporu, preto\u017ee spr\u00e1vne pomen\u00fava slab\u00e9 miesta syst\u00e9mu podpory vedy, v\u00fdskumu, v\u00fdvoja a inov\u00e1ci\u00ed. Slovensko patr\u00ed medzi krajiny s najv\u00e4\u010d\u0161\u00edm odlivom talentu v Eur\u00f3pe, preto pova\u017eujeme za k\u013e\u00fa\u010dov\u00e9, aby sa vytvorili podmienky na n\u00e1vrat \u0161pi\u010dkov\u00fdch slovensk\u00fdch vedcov a profesion\u00e1lov zo zahrani\u010dia. Dokument tie\u017e pomen\u00fava d\u00f4le\u017eitos\u0165 region\u00e1lnych inova\u010dn\u00fdch ekosyst\u00e9mov ako motora region\u00e1lneho rozvoja a uv\u00e1dza soci\u00e1lne inov\u00e1cie ako funk\u010dn\u00fd sp\u00f4sob rie\u0161enia komplexn\u00fdch spolo\u010densk\u00fdch probl\u00e9mov.<\/p>\n<\/div>\n\n<div id=\"\" class=\"element core-image\">\n<figure class=\"wp-block-image size-full is-resized\"><img decoding=\"async\" data-src=\"https:\/\/kinit.sk\/wp-content\/uploads\/2022\/11\/sapie-image.jpg\" alt=\"\" class=\"wp-image-23174 lazyload\" width=\"600\" height=\"338\" data-srcset=\"https:\/\/kinit.sk\/wp-content\/uploads\/2022\/11\/sapie-image.jpg 800w, https:\/\/kinit.sk\/wp-content\/uploads\/2022\/11\/sapie-image-300x169.jpg 300w, https:\/\/kinit.sk\/wp-content\/uploads\/2022\/11\/sapie-image-768x432.jpg 768w\" data-sizes=\"(max-width: 600px) 100vw, 600px\" src=\"data:image\/svg+xml;base64,PHN2ZyB3aWR0aD0iMSIgaGVpZ2h0PSIxIiB4bWxucz0iaHR0cDovL3d3dy53My5vcmcvMjAwMC9zdmciPjwvc3ZnPg==\" style=\"--smush-placeholder-width: 600px; --smush-placeholder-aspect-ratio: 600\/338;\" \/><\/figure>\n<\/div>\n\n<div id=\"\" class=\"element core-paragraph\">\n<p>Otvoren\u00fd list sme adresovali najvy\u0161\u0161\u00edm \u00fastavn\u00fdm \u010dinite\u013eom, ako aj predstavite\u013eom parlamentu a vl\u00e1dy SR. Listom sme oslovili:<\/p>\n<\/div>\n\n<div id=\"\" class=\"element core-list\">\n<ul class=\"wp-block-list\"><li>Zuzana \u010caputov\u00e1, Prezidentka Slovenskej republiky<\/li><li>Eduard Heger, Predseda vl\u00e1dy Slovenskej republiky<\/li><li>Boris Koll\u00e1r, Predseda N\u00e1rodnej rady Slovenskej republiky<\/li><li>Karel Hirman, Minister hospod\u00e1rstva Slovenskej republiky<\/li><li>J\u00e1n Horeck\u00fd, Minister \u0161kolstva, vedy, v\u00fdskumu a \u0161portu Slovenskej republiky<\/li><li>Igor Matovi\u010d, Minister financi\u00ed Slovenskej republiky<\/li><li>Veronika Remi\u0161ov\u00e1, Ministerka invest\u00edci\u00ed, region\u00e1lneho rozvoja a informatiz\u00e1cie Slovenskej republiky<\/li><li>Mari\u00e1n Viskupi\u010d, Predseda v\u00fdboru NR SR pre financie a rozpo\u010det<\/li><li>Peter Kremsk\u00fd, Predseda v\u00fdboru NR SR pre hospod\u00e1rske z\u00e1le\u017eitosti<\/li><li>Vladim\u00edra Marcinkov\u00e1, Predsedn\u00ed\u010dka v\u00fdboru NR SR pre eur\u00f3pske z\u00e1le\u017eitosti<\/li><\/ul>\n<\/div>\n\n<div id=\"\" class=\"element core-paragraph\">\n<p>Znenie listu:<\/p>\n<\/div>\n\n<div id=\"\" class=\"element core-paragraph\">\n<p><em>V\u00e1\u017een\u00e1 pani, v\u00e1\u017een\u00fd p\u00e1n,<\/em><\/p>\n<\/div>\n\n<div id=\"\" class=\"element core-paragraph\">\n<p><em>Slovensk\u00e1 ekonomika \u010del\u00ed \u0161truktur\u00e1lnej kr\u00edze \u2013 ako krajina v\u00fdrazne zaost\u00e1vame za priemerom Eur\u00f3py prakticky vo v\u0161etk\u00fdch ukazovate\u013eoch vedeckej a inova\u010dnej v\u00fdkonnosti. Negat\u00edvne dopady t\u00fdchto indik\u00e1torov sa v praxi prejavuj\u00fa v kvalite pracovnej sily, schopnostiach firiem inovova\u0165, ale aj medzin\u00e1rodnom porovnan\u00ed slovensk\u00fdch akademick\u00fdch a vedecko-v\u00fdskumn\u00fdch in\u0161tit\u00faci\u00ed. Ak Slovensko v kr\u00e1tkom \u010dase neprijme z\u00e1sadn\u00e9 \u0161truktur\u00e1lne reformy v oblasti vedy, v\u00fdskumu a inov\u00e1ci\u00ed, konkurencieschopnos\u0165 krajiny bude klesa\u0165 a prejav\u00ed sa aj v poklese \u017eivotnej \u00farovne.<\/em><\/p>\n<\/div>\n\n<div id=\"\" class=\"element core-paragraph\">\n<p><em>&nbsp;Z tohoto d\u00f4vodu pova\u017eujeme za potrebn\u00e9 vyjadri\u0165 na\u0161u verejn\u00fa podporu pripravovanej N\u00e1rodnej strat\u00e9gii pre v\u00fdskum, v\u00fdvoj a inov\u00e1cie, ako aj podporu celej reforme tejto oblasti na Slovensku. Tento dokument m\u00e1 po dlhej dobe potenci\u00e1l prispie\u0165 k zmene smerovania na\u0161ej ekonomiky.<\/em><\/p>\n<\/div>\n\n<div id=\"\" class=\"element core-paragraph\">\n<p><em>Strat\u00e9gii vyjadrujeme podporu zo \u0161tyroch d\u00f4vodov:<\/em><\/p>\n<\/div>\n\n<div id=\"\" class=\"element core-paragraph\">\n<p><em>Po prv\u00e9, strat\u00e9gia spr\u00e1vne pomen\u00fava slab\u00e9 miesta syst\u00e9mu podpory vedy, v\u00fdskumu, v\u00fdvoja a inov\u00e1ci\u00ed (VVI) spo\u010d\u00edvaj\u00face vo fragment\u00e1cii kompetenci\u00ed \u0161t\u00e1tnych in\u0161tit\u00faci\u00ed, nedostatku koordin\u00e1cie, netransparentnosti a neefektivite financovania. Navrhovan\u00e9 zmeny maj\u00fa potenci\u00e1l prinies\u0165 transparentnej\u0161\u00ed syst\u00e9m riadenia podpory, zjednodu\u0161enie procesov ako aj zv\u00fd\u0161enie rozpo\u010dtov\u00fdch prostriedkov na VVI. Z poh\u013eadu s\u00fakromn\u00fdch firiem ale aj v\u00fdskumno-v\u00fdvojov\u00fdch in\u0161tit\u00faci\u00ed s\u00fa tieto kroky nevyhnutn\u00fdmi predpokladmi pre zv\u00fd\u0161enie d\u00f4very v syst\u00e9m, jeho kvalitu a v kone\u010dnom d\u00f4sledku aj pre zv\u00fd\u0161enie s\u00fakromn\u00fdch v\u00fddavkov na v\u00fdskum, v\u00fdvoj a inov\u00e1cie.<\/em><\/p>\n<\/div>\n\n<div id=\"\" class=\"element core-paragraph\">\n<p><em>Po druh\u00e9, Slovensko patr\u00ed medzi krajiny s najv\u00e4\u010d\u0161\u00edm odlivom talentu v Eur\u00f3pe. Dlhodobo to obmedzuje rast firiem s vysokou pridanou hodnotou a zni\u017euje konkurencieschopnos\u0165 krajiny. Preto podporujeme kroky ved\u00face k zv\u00fd\u0161eniu kvality vzdel\u00e1vania ako aj podpore iniciat\u00edv zameran\u00e9 na tzv. nov\u00e9 zru\u010dnosti \u0161tudentov a profesion\u00e1lov, vr\u00e1tane podnikavosti. Signat\u00e1ri tejto v\u00fdzvy pova\u017euj\u00fa za k\u013e\u00fa\u010dov\u00e9, aby Slovensko vytvorilo podmienky pre n\u00e1vrat \u0161pi\u010dkov\u00fdch slovensk\u00fdch vedcov a profesion\u00e1lov zo zahrani\u010dia ako aj zjednodu\u0161ilo procesy pre prij\u00edmanie kvalifikovan\u00fdch pracovn\u00edkov z tret\u00edch kraj\u00edn.<\/em><\/p>\n<\/div>\n\n<div id=\"\" class=\"element core-paragraph\">\n<p><em>Po tretie, dokument pomen\u00fava d\u00f4le\u017eitos\u0165 region\u00e1lnych inova\u010dn\u00fdch ekosyst\u00e9mov ako motora region\u00e1lneho rozvoja a zd\u00f4raz\u0148uje potrebu systematickej podpory samospr\u00e1v v ich amb\u00edcii zvy\u0161ova\u0165 konkurencieschopnos\u0165 cez inov\u00e1cie. D\u00f4le\u017eit\u00fdm bodom je zn\u00ed\u017eenie fragment\u00e1cie podpory z n\u00e1rodnej \u00farovne a zv\u00fd\u0161enie koordin\u00e1cie verejn\u00fdch iniciat\u00edv za \u00fa\u010delom vy\u0161\u0161ej efektivity. Sme presved\u010den\u00ed, \u017ee \u00faspe\u0161n\u00e9 bud\u00fa tak\u00e9 mest\u00e1 a regi\u00f3ny, ktor\u00e9 dok\u00e1\u017eu koncentrova\u0165 talent a n\u00e1pady a vytv\u00e1ra\u0165 prostredie pre vz\u00e1jomn\u00fa spolupr\u00e1cu k\u013e\u00fa\u010dov\u00fdch akt\u00e9rov.<\/em><\/p>\n<\/div>\n\n<div id=\"\" class=\"element core-paragraph\">\n<p><em>Po \u0161tvrt\u00e9, Strat\u00e9gia ako prv\u00fd verejn\u00fd strategick\u00fd dokument jasne pomen\u00fava soci\u00e1lne inov\u00e1cie ako funk\u010dn\u00fd sp\u00f4sob rie\u0161enia komplexn\u00fdch spolo\u010densk\u00fdch probl\u00e9mov. T\u00fdmto sa dost\u00e1vame na \u00farove\u0148 vyspel\u00fdch kraj\u00edn, ktor\u00e9 si uvedomuj\u00fa potrebu rozvoja spolo\u010densk\u00fdch vied a soci\u00e1lnych inov\u00e1ci\u00ed v r\u00e1mci inova\u010dn\u00e9ho ekosyst\u00e9mu. Ako pozit\u00edvne vn\u00edmame, \u017ee je v dokumente vyjadren\u00e1 nielen podpora inov\u00e1ci\u00e1m v ka\u017edej f\u00e1ze inova\u010dn\u00e9ho cyklu vr\u00e1tane z\u00e1kladn\u00e9ho v\u00fdskumu, ale aj d\u00f4raz na rozvoj inova\u010dn\u00e9ho prostredia pre v\u00e4\u010d\u0161\u00ed \u00faspech soci\u00e1lnych inov\u00e1ci\u00ed. Ver\u00edme, \u017ee podpora soci\u00e1lnych inov\u00e1ci\u00ed a \u0161k\u00e1lovania funk\u010dn\u00fdch rie\u0161en\u00ed na lok\u00e1lnej \u00farovni je d\u00f4le\u017eit\u00e1 z poh\u013eadu efekt\u00edvnych zmien s pozit\u00edvnych dopadom u\u017e v kr\u00e1tkom a strednodobom horizonte.<\/em><\/p>\n<\/div>\n\n<div id=\"\" class=\"element core-paragraph\">\n<p><em>Z t\u00fdchto d\u00f4vodov sa zasadzujeme za prijatie N\u00e1rodnej strat\u00e9gie pre v\u00fdskum, v\u00fdvoj a inov\u00e1cie vl\u00e1dou SR a podporujeme implement\u00e1ciu reforiem, ktor\u00e9 bud\u00fa vies\u0165 k transform\u00e1cii slovenskej ekonomiky na ekonomiku zalo\u017een\u00fa na znalostiach a inov\u00e1ci\u00e1ch. Vn\u00edmame, \u017ee ide o \u017eiv\u00fd dokument s priestorom na postupn\u00e9 zdokona\u013eovanie, ale indikuje ve\u013ek\u00fd potenci\u00e1l nevyhnutn\u00fdch a pozit\u00edvnych zmien v celom ekosyst\u00e9me VVI.<\/em><\/p>\n<\/div>\n\n<div id=\"\" class=\"element core-paragraph\">\n<p><em>S \u00factou,<\/em><\/p>\n<\/div>\n\n<div id=\"\" class=\"element core-paragraph\">\n<p><em><a href=\"https:\/\/www.linkedin.com\/in\/mariabielik\/\" target=\"_blank\" rel=\"noreferrer noopener\">M\u00e1ria Bielikov\u00e1<\/a>, Gener\u00e1lna riadite\u013eka, Kempelenov in\u0161tit\u00fat inteligentn\u00fdch technol\u00f3gi\u00ed<\/em><\/p>\n<\/div>\n\n<div id=\"\" class=\"element core-paragraph\">\n<p><em>Gabriel Galg\u00f3ci, Prezident, <a href=\"https:\/\/amcham.sk\/\" target=\"_blank\" rel=\"noreferrer noopener\">Americk\u00e1 obchodn\u00e1 komora v SR<\/a><\/em><\/p>\n<\/div>\n\n<div id=\"\" class=\"element core-paragraph\">\n<p><em>Juraj Girman, Predseda Spr\u00e1vnej rady, <a href=\"https:\/\/www.kosiceitvalley.sk\/\" target=\"_blank\" rel=\"noreferrer noopener\">Ko\u0161ice IT Valley<\/a><\/em><\/p>\n<\/div>\n\n<div id=\"\" class=\"element core-paragraph\">\n<p><em>Michal Kardo\u0161, V\u00fdkonn\u00fd riadite\u013e, <a href=\"https:\/\/sapie.sk\/\" target=\"_blank\" rel=\"noreferrer noopener\">SAPIE<\/a><\/em><\/p>\n<\/div>\n\n<div id=\"\" class=\"element core-paragraph\">\n<p><em>Palo Luka, Prev\u00e1dzkov\u00fd riadite\u013e, <a href=\"https:\/\/www.eset.com\/\" target=\"_blank\" rel=\"noreferrer noopener\">ESET<\/a><\/em><\/p>\n<\/div>\n\n<div id=\"\" class=\"element core-paragraph\">\n<p><em>Mari\u00e1n Porva\u017en\u00edk, Ambas\u00e1dor, <a href=\"https:\/\/www.zainovativneslovensko.sk\/\" target=\"_blank\" rel=\"noreferrer noopener\">Za inovat\u00edvne Slovensko<\/a><\/em><\/p>\n<\/div>\n\n<div id=\"\" class=\"element core-paragraph\">\n<p><em>Pavol \u0160ajgal\u00edk, Predseda, <a href=\"https:\/\/www.sav.sk\/\" target=\"_blank\" rel=\"noreferrer noopener\">Slovensk\u00e1 akad\u00e9mia vied<\/a><\/em><\/p>\n<\/div>","protected":false},"excerpt":{"rendered":"<p>Zdru\u017eenie siedmich organiz\u00e1cii, ktor\u00e9ho s\u00fa\u010das\u0165ou je aj KInIT, predlo\u017eilo list verejnej podpory pripravovanej N\u00e1rodnej strat\u00e9gii pre v\u00fdskum, v\u00fdvoj a inov\u00e1cie.&nbsp; Strat\u00e9gii vyjadrujeme podporu, preto\u017ee spr\u00e1vne pomen\u00fava slab\u00e9 miesta syst\u00e9mu podpory&#8230;<\/p>\n","protected":false},"author":26,"featured_media":16666,"comment_status":"closed","ping_status":"closed","sticky":false,"template":"","format":"standard","meta":{"_acf_changed":false,"footnotes":""},"categories":[83,349],"tags":[],"class_list":["post-23172","post","type-post","status-publish","format-standard","has-post-thumbnail","hentry","category-news-sk","category-2022-sk"],"acf":[],"yoast_head":"<!-- This site is optimized with the Yoast SEO plugin v27.4 - https:\/\/yoast.com\/product\/yoast-seo-wordpress\/ -->\n<title>Otvoren\u00fd list na podporu N\u00e1rodnej strat\u00e9gie pre v\u00fdskum a inov\u00e1cie - KInIT<\/title>\n<meta name=\"description\" content=\"Zdru\u017eenie siedmich organiz\u00e1cii, ktor\u00e9ho s\u00fa\u010das\u0165ou je aj KInIT, predlo\u017eilo list verejnej podpory pripravovanej N\u00e1rodnej strat\u00e9gii pre v\u00fdskum, v\u00fdvoj a inov\u00e1cie.\u00a0\" \/>\n<meta name=\"robots\" content=\"index, follow, max-snippet:-1, max-image-preview:large, max-video-preview:-1\" \/>\n<link rel=\"canonical\" href=\"https:\/\/kinit.sk\/sk\/otvoreny-list-na-podporu-narodnej-strategie-pre-vyskum-a-inovacie\/\" \/>\n<meta property=\"og:locale\" content=\"sk_SK\" \/>\n<meta property=\"og:type\" content=\"article\" \/>\n<meta property=\"og:title\" content=\"Otvoren\u00fd list na podporu N\u00e1rodnej strat\u00e9gie pre v\u00fdskum a inov\u00e1cie - KInIT\" \/>\n<meta property=\"og:description\" content=\"Zdru\u017eenie siedmich organiz\u00e1cii, ktor\u00e9ho s\u00fa\u010das\u0165ou je aj KInIT, predlo\u017eilo list verejnej podpory pripravovanej N\u00e1rodnej strat\u00e9gii pre v\u00fdskum, v\u00fdvoj a inov\u00e1cie.\u00a0\" \/>\n<meta property=\"og:url\" content=\"https:\/\/kinit.sk\/sk\/otvoreny-list-na-podporu-narodnej-strategie-pre-vyskum-a-inovacie\/\" \/>\n<meta property=\"og:site_name\" content=\"KInIT\" \/>\n<meta property=\"article:published_time\" content=\"2022-11-25T10:37:05+00:00\" \/>\n<meta property=\"article:modified_time\" content=\"2022-11-25T10:44:59+00:00\" \/>\n<meta property=\"og:image\" content=\"https:\/\/kinit.sk\/wp-content\/uploads\/2022\/05\/202204_news_acm_winter_school-FEATURE.jpg\" \/>\n\t<meta property=\"og:image:width\" content=\"1201\" \/>\n\t<meta property=\"og:image:height\" content=\"629\" \/>\n\t<meta property=\"og:image:type\" content=\"image\/jpeg\" \/>\n<meta name=\"author\" content=\"Marianna Palkova\" \/>\n<meta name=\"twitter:card\" content=\"summary_large_image\" \/>\n<meta name=\"twitter:creator\" content=\"@kinit\" \/>\n<meta name=\"twitter:site\" content=\"@kinit\" \/>\n<meta name=\"twitter:label1\" content=\"Autor\" \/>\n\t<meta name=\"twitter:data1\" content=\"Marianna Palkova\" \/>\n\t<meta name=\"twitter:label2\" content=\"Predpokladan\u00fd \u010das \u010d\u00edtania\" \/>\n\t<meta name=\"twitter:data2\" content=\"4 min\u00faty\" \/>\n<script type=\"application\/ld+json\" class=\"yoast-schema-graph\">{\"@context\":\"https:\\\/\\\/schema.org\",\"@graph\":[{\"@type\":\"Article\",\"@id\":\"https:\\\/\\\/kinit.sk\\\/sk\\\/otvoreny-list-na-podporu-narodnej-strategie-pre-vyskum-a-inovacie\\\/#article\",\"isPartOf\":{\"@id\":\"https:\\\/\\\/kinit.sk\\\/sk\\\/otvoreny-list-na-podporu-narodnej-strategie-pre-vyskum-a-inovacie\\\/\"},\"author\":{\"name\":\"Marianna Palkova\",\"@id\":\"https:\\\/\\\/kinit.sk\\\/#\\\/schema\\\/person\\\/8b175aaaf3267b5bbbbb97e4a6db8cea\"},\"headline\":\"Otvoren\u00fd list na podporu N\u00e1rodnej strat\u00e9gie pre v\u00fdskum a inov\u00e1cie\",\"datePublished\":\"2022-11-25T10:37:05+00:00\",\"dateModified\":\"2022-11-25T10:44:59+00:00\",\"mainEntityOfPage\":{\"@id\":\"https:\\\/\\\/kinit.sk\\\/sk\\\/otvoreny-list-na-podporu-narodnej-strategie-pre-vyskum-a-inovacie\\\/\"},\"wordCount\":1054,\"image\":{\"@id\":\"https:\\\/\\\/kinit.sk\\\/sk\\\/otvoreny-list-na-podporu-narodnej-strategie-pre-vyskum-a-inovacie\\\/#primaryimage\"},\"thumbnailUrl\":\"https:\\\/\\\/kinit.sk\\\/wp-content\\\/uploads\\\/2022\\\/05\\\/202204_news_acm_winter_school-FEATURE.jpg\",\"articleSection\":[\"News\",\"2022\"],\"inLanguage\":\"sk-SK\"},{\"@type\":\"WebPage\",\"@id\":\"https:\\\/\\\/kinit.sk\\\/sk\\\/otvoreny-list-na-podporu-narodnej-strategie-pre-vyskum-a-inovacie\\\/\",\"url\":\"https:\\\/\\\/kinit.sk\\\/sk\\\/otvoreny-list-na-podporu-narodnej-strategie-pre-vyskum-a-inovacie\\\/\",\"name\":\"Otvoren\u00fd list na podporu N\u00e1rodnej strat\u00e9gie pre v\u00fdskum a inov\u00e1cie - KInIT\",\"isPartOf\":{\"@id\":\"https:\\\/\\\/kinit.sk\\\/#website\"},\"primaryImageOfPage\":{\"@id\":\"https:\\\/\\\/kinit.sk\\\/sk\\\/otvoreny-list-na-podporu-narodnej-strategie-pre-vyskum-a-inovacie\\\/#primaryimage\"},\"image\":{\"@id\":\"https:\\\/\\\/kinit.sk\\\/sk\\\/otvoreny-list-na-podporu-narodnej-strategie-pre-vyskum-a-inovacie\\\/#primaryimage\"},\"thumbnailUrl\":\"https:\\\/\\\/kinit.sk\\\/wp-content\\\/uploads\\\/2022\\\/05\\\/202204_news_acm_winter_school-FEATURE.jpg\",\"datePublished\":\"2022-11-25T10:37:05+00:00\",\"dateModified\":\"2022-11-25T10:44:59+00:00\",\"author\":{\"@id\":\"https:\\\/\\\/kinit.sk\\\/#\\\/schema\\\/person\\\/8b175aaaf3267b5bbbbb97e4a6db8cea\"},\"description\":\"Zdru\u017eenie siedmich organiz\u00e1cii, ktor\u00e9ho s\u00fa\u010das\u0165ou je aj KInIT, predlo\u017eilo list verejnej podpory pripravovanej N\u00e1rodnej strat\u00e9gii pre v\u00fdskum, v\u00fdvoj a inov\u00e1cie.\u00a0\",\"breadcrumb\":{\"@id\":\"https:\\\/\\\/kinit.sk\\\/sk\\\/otvoreny-list-na-podporu-narodnej-strategie-pre-vyskum-a-inovacie\\\/#breadcrumb\"},\"inLanguage\":\"sk-SK\",\"potentialAction\":[{\"@type\":\"ReadAction\",\"target\":[\"https:\\\/\\\/kinit.sk\\\/sk\\\/otvoreny-list-na-podporu-narodnej-strategie-pre-vyskum-a-inovacie\\\/\"]}]},{\"@type\":\"ImageObject\",\"inLanguage\":\"sk-SK\",\"@id\":\"https:\\\/\\\/kinit.sk\\\/sk\\\/otvoreny-list-na-podporu-narodnej-strategie-pre-vyskum-a-inovacie\\\/#primaryimage\",\"url\":\"https:\\\/\\\/kinit.sk\\\/wp-content\\\/uploads\\\/2022\\\/05\\\/202204_news_acm_winter_school-FEATURE.jpg\",\"contentUrl\":\"https:\\\/\\\/kinit.sk\\\/wp-content\\\/uploads\\\/2022\\\/05\\\/202204_news_acm_winter_school-FEATURE.jpg\",\"width\":1201,\"height\":629},{\"@type\":\"BreadcrumbList\",\"@id\":\"https:\\\/\\\/kinit.sk\\\/sk\\\/otvoreny-list-na-podporu-narodnej-strategie-pre-vyskum-a-inovacie\\\/#breadcrumb\",\"itemListElement\":[{\"@type\":\"ListItem\",\"position\":1,\"name\":\"Home\",\"item\":\"https:\\\/\\\/kinit.sk\\\/sk\\\/\"},{\"@type\":\"ListItem\",\"position\":2,\"name\":\"News\",\"item\":\"https:\\\/\\\/kinit.sk\\\/sk\\\/category\\\/news-sk\\\/\"},{\"@type\":\"ListItem\",\"position\":3,\"name\":\"Otvoren\u00fd list na podporu N\u00e1rodnej strat\u00e9gie pre v\u00fdskum a inov\u00e1cie\"}]},{\"@type\":\"WebSite\",\"@id\":\"https:\\\/\\\/kinit.sk\\\/#website\",\"url\":\"https:\\\/\\\/kinit.sk\\\/\",\"name\":\"KInIT\",\"description\":\"Vyu\u017e\u00edvame v\u00fdskum pre \u013eud\u00ed a priemysel\",\"potentialAction\":[{\"@type\":\"SearchAction\",\"target\":{\"@type\":\"EntryPoint\",\"urlTemplate\":\"https:\\\/\\\/kinit.sk\\\/?s={search_term_string}\"},\"query-input\":{\"@type\":\"PropertyValueSpecification\",\"valueRequired\":true,\"valueName\":\"search_term_string\"}}],\"inLanguage\":\"sk-SK\"},{\"@type\":\"Person\",\"@id\":\"https:\\\/\\\/kinit.sk\\\/#\\\/schema\\\/person\\\/8b175aaaf3267b5bbbbb97e4a6db8cea\",\"name\":\"Marianna Palkova\"}]}<\/script>\n<!-- \/ Yoast SEO plugin. -->","yoast_head_json":{"title":"Otvoren\u00fd list na podporu N\u00e1rodnej strat\u00e9gie pre v\u00fdskum a inov\u00e1cie - KInIT","description":"Zdru\u017eenie siedmich organiz\u00e1cii, ktor\u00e9ho s\u00fa\u010das\u0165ou je aj KInIT, predlo\u017eilo list verejnej podpory pripravovanej N\u00e1rodnej strat\u00e9gii pre v\u00fdskum, v\u00fdvoj a inov\u00e1cie.\u00a0","robots":{"index":"index","follow":"follow","max-snippet":"max-snippet:-1","max-image-preview":"max-image-preview:large","max-video-preview":"max-video-preview:-1"},"canonical":"https:\/\/kinit.sk\/sk\/otvoreny-list-na-podporu-narodnej-strategie-pre-vyskum-a-inovacie\/","og_locale":"sk_SK","og_type":"article","og_title":"Otvoren\u00fd list na podporu N\u00e1rodnej strat\u00e9gie pre v\u00fdskum a inov\u00e1cie - KInIT","og_description":"Zdru\u017eenie siedmich organiz\u00e1cii, ktor\u00e9ho s\u00fa\u010das\u0165ou je aj KInIT, predlo\u017eilo list verejnej podpory pripravovanej N\u00e1rodnej strat\u00e9gii pre v\u00fdskum, v\u00fdvoj a inov\u00e1cie.\u00a0","og_url":"https:\/\/kinit.sk\/sk\/otvoreny-list-na-podporu-narodnej-strategie-pre-vyskum-a-inovacie\/","og_site_name":"KInIT","article_published_time":"2022-11-25T10:37:05+00:00","article_modified_time":"2022-11-25T10:44:59+00:00","og_image":[{"width":1201,"height":629,"url":"https:\/\/kinit.sk\/wp-content\/uploads\/2022\/05\/202204_news_acm_winter_school-FEATURE.jpg","type":"image\/jpeg"}],"author":"Marianna Palkova","twitter_card":"summary_large_image","twitter_creator":"@kinit","twitter_site":"@kinit","twitter_misc":{"Autor":"Marianna Palkova","Predpokladan\u00fd \u010das \u010d\u00edtania":"4 min\u00faty"},"schema":{"@context":"https:\/\/schema.org","@graph":[{"@type":"Article","@id":"https:\/\/kinit.sk\/sk\/otvoreny-list-na-podporu-narodnej-strategie-pre-vyskum-a-inovacie\/#article","isPartOf":{"@id":"https:\/\/kinit.sk\/sk\/otvoreny-list-na-podporu-narodnej-strategie-pre-vyskum-a-inovacie\/"},"author":{"name":"Marianna Palkova","@id":"https:\/\/kinit.sk\/#\/schema\/person\/8b175aaaf3267b5bbbbb97e4a6db8cea"},"headline":"Otvoren\u00fd list na podporu N\u00e1rodnej strat\u00e9gie pre v\u00fdskum a inov\u00e1cie","datePublished":"2022-11-25T10:37:05+00:00","dateModified":"2022-11-25T10:44:59+00:00","mainEntityOfPage":{"@id":"https:\/\/kinit.sk\/sk\/otvoreny-list-na-podporu-narodnej-strategie-pre-vyskum-a-inovacie\/"},"wordCount":1054,"image":{"@id":"https:\/\/kinit.sk\/sk\/otvoreny-list-na-podporu-narodnej-strategie-pre-vyskum-a-inovacie\/#primaryimage"},"thumbnailUrl":"https:\/\/kinit.sk\/wp-content\/uploads\/2022\/05\/202204_news_acm_winter_school-FEATURE.jpg","articleSection":["News","2022"],"inLanguage":"sk-SK"},{"@type":"WebPage","@id":"https:\/\/kinit.sk\/sk\/otvoreny-list-na-podporu-narodnej-strategie-pre-vyskum-a-inovacie\/","url":"https:\/\/kinit.sk\/sk\/otvoreny-list-na-podporu-narodnej-strategie-pre-vyskum-a-inovacie\/","name":"Otvoren\u00fd list na podporu N\u00e1rodnej strat\u00e9gie pre v\u00fdskum a inov\u00e1cie - KInIT","isPartOf":{"@id":"https:\/\/kinit.sk\/#website"},"primaryImageOfPage":{"@id":"https:\/\/kinit.sk\/sk\/otvoreny-list-na-podporu-narodnej-strategie-pre-vyskum-a-inovacie\/#primaryimage"},"image":{"@id":"https:\/\/kinit.sk\/sk\/otvoreny-list-na-podporu-narodnej-strategie-pre-vyskum-a-inovacie\/#primaryimage"},"thumbnailUrl":"https:\/\/kinit.sk\/wp-content\/uploads\/2022\/05\/202204_news_acm_winter_school-FEATURE.jpg","datePublished":"2022-11-25T10:37:05+00:00","dateModified":"2022-11-25T10:44:59+00:00","author":{"@id":"https:\/\/kinit.sk\/#\/schema\/person\/8b175aaaf3267b5bbbbb97e4a6db8cea"},"description":"Zdru\u017eenie siedmich organiz\u00e1cii, ktor\u00e9ho s\u00fa\u010das\u0165ou je aj KInIT, predlo\u017eilo list verejnej podpory pripravovanej N\u00e1rodnej strat\u00e9gii pre v\u00fdskum, v\u00fdvoj a inov\u00e1cie.\u00a0","breadcrumb":{"@id":"https:\/\/kinit.sk\/sk\/otvoreny-list-na-podporu-narodnej-strategie-pre-vyskum-a-inovacie\/#breadcrumb"},"inLanguage":"sk-SK","potentialAction":[{"@type":"ReadAction","target":["https:\/\/kinit.sk\/sk\/otvoreny-list-na-podporu-narodnej-strategie-pre-vyskum-a-inovacie\/"]}]},{"@type":"ImageObject","inLanguage":"sk-SK","@id":"https:\/\/kinit.sk\/sk\/otvoreny-list-na-podporu-narodnej-strategie-pre-vyskum-a-inovacie\/#primaryimage","url":"https:\/\/kinit.sk\/wp-content\/uploads\/2022\/05\/202204_news_acm_winter_school-FEATURE.jpg","contentUrl":"https:\/\/kinit.sk\/wp-content\/uploads\/2022\/05\/202204_news_acm_winter_school-FEATURE.jpg","width":1201,"height":629},{"@type":"BreadcrumbList","@id":"https:\/\/kinit.sk\/sk\/otvoreny-list-na-podporu-narodnej-strategie-pre-vyskum-a-inovacie\/#breadcrumb","itemListElement":[{"@type":"ListItem","position":1,"name":"Home","item":"https:\/\/kinit.sk\/sk\/"},{"@type":"ListItem","position":2,"name":"News","item":"https:\/\/kinit.sk\/sk\/category\/news-sk\/"},{"@type":"ListItem","position":3,"name":"Otvoren\u00fd list na podporu N\u00e1rodnej strat\u00e9gie pre v\u00fdskum a inov\u00e1cie"}]},{"@type":"WebSite","@id":"https:\/\/kinit.sk\/#website","url":"https:\/\/kinit.sk\/","name":"KInIT","description":"Vyu\u017e\u00edvame v\u00fdskum pre \u013eud\u00ed a priemysel","potentialAction":[{"@type":"SearchAction","target":{"@type":"EntryPoint","urlTemplate":"https:\/\/kinit.sk\/?s={search_term_string}"},"query-input":{"@type":"PropertyValueSpecification","valueRequired":true,"valueName":"search_term_string"}}],"inLanguage":"sk-SK"},{"@type":"Person","@id":"https:\/\/kinit.sk\/#\/schema\/person\/8b175aaaf3267b5bbbbb97e4a6db8cea","name":"Marianna Palkova"}]}},"_links":{"self":[{"href":"https:\/\/kinit.sk\/sk\/wp-json\/wp\/v2\/posts\/23172","targetHints":{"allow":["GET"]}}],"collection":[{"href":"https:\/\/kinit.sk\/sk\/wp-json\/wp\/v2\/posts"}],"about":[{"href":"https:\/\/kinit.sk\/sk\/wp-json\/wp\/v2\/types\/post"}],"author":[{"embeddable":true,"href":"https:\/\/kinit.sk\/sk\/wp-json\/wp\/v2\/users\/26"}],"replies":[{"embeddable":true,"href":"https:\/\/kinit.sk\/sk\/wp-json\/wp\/v2\/comments?post=23172"}],"version-history":[{"count":9,"href":"https:\/\/kinit.sk\/sk\/wp-json\/wp\/v2\/posts\/23172\/revisions"}],"predecessor-version":[{"id":23184,"href":"https:\/\/kinit.sk\/sk\/wp-json\/wp\/v2\/posts\/23172\/revisions\/23184"}],"wp:featuredmedia":[{"embeddable":true,"href":"https:\/\/kinit.sk\/sk\/wp-json\/wp\/v2\/media\/16666"}],"wp:attachment":[{"href":"https:\/\/kinit.sk\/sk\/wp-json\/wp\/v2\/media?parent=23172"}],"wp:term":[{"taxonomy":"category","embeddable":true,"href":"https:\/\/kinit.sk\/sk\/wp-json\/wp\/v2\/categories?post=23172"},{"taxonomy":"post_tag","embeddable":true,"href":"https:\/\/kinit.sk\/sk\/wp-json\/wp\/v2\/tags?post=23172"}],"curies":[{"name":"wp","href":"https:\/\/api.w.org\/{rel}","templated":true}]}}