{"id":23087,"date":"2022-11-22T11:06:49","date_gmt":"2022-11-22T10:06:49","guid":{"rendered":"https:\/\/kinit.sk\/veda-odpoveda-podcast-interview-with-maria-bielikova\/"},"modified":"2022-11-22T11:25:08","modified_gmt":"2022-11-22T10:25:08","slug":"maria-bielikova-v-podcaste-veda-odpoveda","status":"publish","type":"post","link":"https:\/\/kinit.sk\/sk\/maria-bielikova-v-podcaste-veda-odpoveda\/","title":{"rendered":"M\u00e1ria Bielikov\u00e1 v podcaste Veda Odpoved\u00e1"},"content":{"rendered":"<div id=\"\" class=\"element core-paragraph\">\n<p>Vypo\u010dujte si rozhovor s <a href=\"https:\/\/kinit.sk\/member\/maria-bielikova\/\">M\u00e1riou Bielikovou<\/a> v podcaste <a href=\"https:\/\/www.vedaodpoveda.sk\" target=\"_blank\" rel=\"noreferrer noopener\">Veda odpoved\u00e1<\/a>, ktor\u00fd pripravuje organiz\u00e1cia <a href=\"https:\/\/www.linkedin.com\/company\/sovva\/?originalSubdomain=sk\" target=\"_blank\" rel=\"noreferrer noopener\">SOVVA<\/a> v spolupr\u00e1ci s platformou <a href=\"https:\/\/zijemvedu.sk\" target=\"_blank\" rel=\"noreferrer noopener\">\u017dijem vedu<\/a>. Ako hostia v podcaste vystupuj\u00fa slovensk\u00ed vedci a vedkyne a ich cie\u013eom je identifikova\u0165 hlavn\u00e9 v\u00fdzvy a zmeny, ktor\u00e9 ovplyv\u0148uj\u00fa v\u00fdvoj spolo\u010dnosti, ekonomiky a ka\u017edodenn\u00e9ho \u017eivota \u013eud\u00ed po pand\u00e9mii.\u00a0<\/p>\n<\/div>\n\n<div id=\"\" class=\"element core-paragraph\">\n<p>V epiz\u00f3de s n\u00e1zvom \u201c<a href=\"https:\/\/vedaodpoveda.sk\/sk\/rozhovory\/2022\/interdisciplinarita-je-kluc-pre-riesenie-vsetkeho.html\" target=\"_blank\" rel=\"noreferrer noopener\"><em>Interdisciplinarita je k\u013e\u00fa\u010d pre rie\u0161enie v\u0161etk\u00e9ho<\/em><\/a><em>\u201d <\/em>vyst\u00fapila M\u00e1ria Bielikov\u00e1 spolu s profesorom <a href=\"https:\/\/www.linkedin.com\/in\/franti%C5%A1ek-ducho%C5%88-9b7028200\/?originalSubdomain=sk\" target=\"_blank\" rel=\"noreferrer noopener\">Franti\u0161kom Ducho\u0148om<\/a>, ktor\u00fd je prezidentom <a href=\"https:\/\/nacero.sk\/language\/sk\/\" target=\"_blank\" rel=\"noreferrer noopener\">N\u00e1rodn\u00e9ho centra robotiky<\/a>.&nbsp;<\/p>\n<\/div>\n\n<div id=\"\" class=\"element core-paragraph\">\n<p>Spolu rozoberali r\u00f4zne t\u00e9my, venovali sa napr\u00edklad t\u00fdmto ot\u00e1zkam:<\/p>\n<\/div>\n\n<div id=\"\" class=\"element core-list\">\n<ul class=\"wp-block-list\"><li>Pre\u010do je d\u00f4le\u017eit\u00e9, aby sa rozvinula multidisciplinarita v slovenskom vzdel\u00e1van\u00ed?<\/li><li>Ak\u00e9 pr\u00ednosy pre spolo\u010dnos\u0165 m\u00f4\u017ee ma\u0165 v\u00fdskum a v\u00fdvoj v oblasti umelej inteligencie a robotiky?&nbsp;<\/li><li>Pre\u010do m\u00f4\u017ee by\u0165 umel\u00e1 inteligencia efekt\u00edvnym n\u00e1strojom na boj s dezinform\u00e1ciami?<\/li><li>Ak\u00e9 s\u00fa pod\u013ea nich najv\u00e4\u010d\u0161ie n\u00e1strahy a v\u00fdzvy s\u00fa\u010dasnosti?<\/li><\/ul>\n<\/div>\n\n<div id=\"\" class=\"element core-paragraph\">\n<p>V podcaste tie\u017e diskutovali o d\u00f4le\u017eitosti rozv\u00edjania talentov v oblasti vedy a v\u00fdskumu na Slovensku. Dozviete sa aj to, ako pand\u00e9mia ovplyvnila ich pr\u00e1cu. Cel\u00fd rozhovor si m\u00f4\u017eete vypo\u010du\u0165 <a href=\"https:\/\/vedaodpoveda.sk\/sk\/rozhovory\/2022\/interdisciplinarita-je-kluc-pre-riesenie-vsetkeho.html\" target=\"_blank\" rel=\"noreferrer noopener\">tu<\/a>.<\/p>\n<\/div>","protected":false},"excerpt":{"rendered":"<p>Vypo\u010dujte si rozhovor s M\u00e1riou Bielikovou v podcaste Veda odpoved\u00e1, ktor\u00fd pripravuje organiz\u00e1cia SOVVA v spolupr\u00e1ci s platformou \u017dijem vedu. Ako hostia v podcaste vystupuj\u00fa slovensk\u00ed vedci a vedkyne a&#8230;<\/p>\n","protected":false},"author":26,"featured_media":23081,"comment_status":"closed","ping_status":"closed","sticky":false,"template":"","format":"standard","meta":{"_acf_changed":false,"footnotes":""},"categories":[96,349],"tags":[100,397,427],"class_list":["post-23087","post","type-post","status-publish","format-standard","has-post-thumbnail","hentry","category-podcasts-sk","category-2022-sk","tag-podcast-sk","tag-media-coverage-sk","tag-media-appearance-2-sk"],"acf":[],"yoast_head":"<!-- This site is optimized with the Yoast SEO plugin v27.4 - https:\/\/yoast.com\/product\/yoast-seo-wordpress\/ -->\n<title>M\u00e1ria Bielikov\u00e1 v podcaste Veda Odpoved\u00e1 - KInIT<\/title>\n<meta name=\"description\" content=\"Vypo\u010dujte si rozhovor s M\u00e1riou Bielikovou v podcaste Veda odpoved\u00e1, ktor\u00fd pripravuje organiz\u00e1cia SOVVA v spolupr\u00e1ci s platformou \u017dijem vedu.\" \/>\n<meta name=\"robots\" content=\"index, follow, max-snippet:-1, max-image-preview:large, max-video-preview:-1\" \/>\n<link rel=\"canonical\" href=\"https:\/\/kinit.sk\/sk\/maria-bielikova-v-podcaste-veda-odpoveda\/\" \/>\n<meta property=\"og:locale\" content=\"sk_SK\" \/>\n<meta property=\"og:type\" content=\"article\" \/>\n<meta property=\"og:title\" content=\"M\u00e1ria Bielikov\u00e1 v podcaste Veda Odpoved\u00e1 - KInIT\" \/>\n<meta property=\"og:description\" content=\"Vypo\u010dujte si rozhovor s M\u00e1riou Bielikovou v podcaste Veda odpoved\u00e1, ktor\u00fd pripravuje organiz\u00e1cia SOVVA v spolupr\u00e1ci s platformou \u017dijem vedu.\" \/>\n<meta property=\"og:url\" content=\"https:\/\/kinit.sk\/sk\/maria-bielikova-v-podcaste-veda-odpoveda\/\" \/>\n<meta property=\"og:site_name\" content=\"KInIT\" \/>\n<meta property=\"article:published_time\" content=\"2022-11-22T10:06:49+00:00\" \/>\n<meta property=\"article:modified_time\" content=\"2022-11-22T10:25:08+00:00\" \/>\n<meta property=\"og:image\" content=\"https:\/\/kinit.sk\/wp-content\/uploads\/2022\/11\/202210_web_news_MB_podcast_Feature.png\" \/>\n\t<meta property=\"og:image:width\" content=\"1201\" \/>\n\t<meta property=\"og:image:height\" content=\"629\" \/>\n\t<meta property=\"og:image:type\" content=\"image\/png\" \/>\n<meta name=\"author\" content=\"Marianna Palkova\" \/>\n<meta name=\"twitter:card\" content=\"summary_large_image\" \/>\n<meta name=\"twitter:creator\" content=\"@kinit\" \/>\n<meta name=\"twitter:site\" content=\"@kinit\" \/>\n<meta name=\"twitter:label1\" content=\"Autor\" \/>\n\t<meta name=\"twitter:data1\" content=\"Marianna Palkova\" \/>\n\t<meta name=\"twitter:label2\" content=\"Predpokladan\u00fd \u010das \u010d\u00edtania\" \/>\n\t<meta name=\"twitter:data2\" content=\"1 min\u00fata\" \/>\n<script type=\"application\/ld+json\" class=\"yoast-schema-graph\">{\"@context\":\"https:\\\/\\\/schema.org\",\"@graph\":[{\"@type\":\"Article\",\"@id\":\"https:\\\/\\\/kinit.sk\\\/sk\\\/maria-bielikova-v-podcaste-veda-odpoveda\\\/#article\",\"isPartOf\":{\"@id\":\"https:\\\/\\\/kinit.sk\\\/sk\\\/maria-bielikova-v-podcaste-veda-odpoveda\\\/\"},\"author\":{\"name\":\"Marianna Palkova\",\"@id\":\"https:\\\/\\\/kinit.sk\\\/#\\\/schema\\\/person\\\/8b175aaaf3267b5bbbbb97e4a6db8cea\"},\"headline\":\"M\u00e1ria Bielikov\u00e1 v podcaste Veda Odpoved\u00e1\",\"datePublished\":\"2022-11-22T10:06:49+00:00\",\"dateModified\":\"2022-11-22T10:25:08+00:00\",\"mainEntityOfPage\":{\"@id\":\"https:\\\/\\\/kinit.sk\\\/sk\\\/maria-bielikova-v-podcaste-veda-odpoveda\\\/\"},\"wordCount\":221,\"image\":{\"@id\":\"https:\\\/\\\/kinit.sk\\\/sk\\\/maria-bielikova-v-podcaste-veda-odpoveda\\\/#primaryimage\"},\"thumbnailUrl\":\"https:\\\/\\\/kinit.sk\\\/wp-content\\\/uploads\\\/2022\\\/11\\\/202210_web_news_MB_podcast_Feature.png\",\"keywords\":[\"Podcast\",\"media coverage\",\"media appearance\"],\"articleSection\":[\"Podcasts\",\"2022\"],\"inLanguage\":\"sk-SK\"},{\"@type\":\"WebPage\",\"@id\":\"https:\\\/\\\/kinit.sk\\\/sk\\\/maria-bielikova-v-podcaste-veda-odpoveda\\\/\",\"url\":\"https:\\\/\\\/kinit.sk\\\/sk\\\/maria-bielikova-v-podcaste-veda-odpoveda\\\/\",\"name\":\"M\u00e1ria Bielikov\u00e1 v podcaste Veda Odpoved\u00e1 - KInIT\",\"isPartOf\":{\"@id\":\"https:\\\/\\\/kinit.sk\\\/#website\"},\"primaryImageOfPage\":{\"@id\":\"https:\\\/\\\/kinit.sk\\\/sk\\\/maria-bielikova-v-podcaste-veda-odpoveda\\\/#primaryimage\"},\"image\":{\"@id\":\"https:\\\/\\\/kinit.sk\\\/sk\\\/maria-bielikova-v-podcaste-veda-odpoveda\\\/#primaryimage\"},\"thumbnailUrl\":\"https:\\\/\\\/kinit.sk\\\/wp-content\\\/uploads\\\/2022\\\/11\\\/202210_web_news_MB_podcast_Feature.png\",\"datePublished\":\"2022-11-22T10:06:49+00:00\",\"dateModified\":\"2022-11-22T10:25:08+00:00\",\"author\":{\"@id\":\"https:\\\/\\\/kinit.sk\\\/#\\\/schema\\\/person\\\/8b175aaaf3267b5bbbbb97e4a6db8cea\"},\"description\":\"Vypo\u010dujte si rozhovor s M\u00e1riou Bielikovou v podcaste Veda odpoved\u00e1, ktor\u00fd pripravuje organiz\u00e1cia SOVVA v spolupr\u00e1ci s platformou \u017dijem vedu.\",\"breadcrumb\":{\"@id\":\"https:\\\/\\\/kinit.sk\\\/sk\\\/maria-bielikova-v-podcaste-veda-odpoveda\\\/#breadcrumb\"},\"inLanguage\":\"sk-SK\",\"potentialAction\":[{\"@type\":\"ReadAction\",\"target\":[\"https:\\\/\\\/kinit.sk\\\/sk\\\/maria-bielikova-v-podcaste-veda-odpoveda\\\/\"]}]},{\"@type\":\"ImageObject\",\"inLanguage\":\"sk-SK\",\"@id\":\"https:\\\/\\\/kinit.sk\\\/sk\\\/maria-bielikova-v-podcaste-veda-odpoveda\\\/#primaryimage\",\"url\":\"https:\\\/\\\/kinit.sk\\\/wp-content\\\/uploads\\\/2022\\\/11\\\/202210_web_news_MB_podcast_Feature.png\",\"contentUrl\":\"https:\\\/\\\/kinit.sk\\\/wp-content\\\/uploads\\\/2022\\\/11\\\/202210_web_news_MB_podcast_Feature.png\",\"width\":1201,\"height\":629},{\"@type\":\"BreadcrumbList\",\"@id\":\"https:\\\/\\\/kinit.sk\\\/sk\\\/maria-bielikova-v-podcaste-veda-odpoveda\\\/#breadcrumb\",\"itemListElement\":[{\"@type\":\"ListItem\",\"position\":1,\"name\":\"Home\",\"item\":\"https:\\\/\\\/kinit.sk\\\/sk\\\/uvod\\\/\"},{\"@type\":\"ListItem\",\"position\":2,\"name\":\"Podcasts\",\"item\":\"https:\\\/\\\/kinit.sk\\\/category\\\/podcasts\\\/\"},{\"@type\":\"ListItem\",\"position\":3,\"name\":\"M\u00e1ria Bielikov\u00e1 v podcaste Veda Odpoved\u00e1\"}]},{\"@type\":\"WebSite\",\"@id\":\"https:\\\/\\\/kinit.sk\\\/#website\",\"url\":\"https:\\\/\\\/kinit.sk\\\/\",\"name\":\"KInIT\",\"description\":\"Vyu\u017e\u00edvame v\u00fdskum pre \u013eud\u00ed a priemysel\",\"potentialAction\":[{\"@type\":\"SearchAction\",\"target\":{\"@type\":\"EntryPoint\",\"urlTemplate\":\"https:\\\/\\\/kinit.sk\\\/?s={search_term_string}\"},\"query-input\":{\"@type\":\"PropertyValueSpecification\",\"valueRequired\":true,\"valueName\":\"search_term_string\"}}],\"inLanguage\":\"sk-SK\"},{\"@type\":\"Person\",\"@id\":\"https:\\\/\\\/kinit.sk\\\/#\\\/schema\\\/person\\\/8b175aaaf3267b5bbbbb97e4a6db8cea\",\"name\":\"Marianna Palkova\"}]}<\/script>\n<!-- \/ Yoast SEO plugin. -->","yoast_head_json":{"title":"M\u00e1ria Bielikov\u00e1 v podcaste Veda Odpoved\u00e1 - KInIT","description":"Vypo\u010dujte si rozhovor s M\u00e1riou Bielikovou v podcaste Veda odpoved\u00e1, ktor\u00fd pripravuje organiz\u00e1cia SOVVA v spolupr\u00e1ci s platformou \u017dijem vedu.","robots":{"index":"index","follow":"follow","max-snippet":"max-snippet:-1","max-image-preview":"max-image-preview:large","max-video-preview":"max-video-preview:-1"},"canonical":"https:\/\/kinit.sk\/sk\/maria-bielikova-v-podcaste-veda-odpoveda\/","og_locale":"sk_SK","og_type":"article","og_title":"M\u00e1ria Bielikov\u00e1 v podcaste Veda Odpoved\u00e1 - KInIT","og_description":"Vypo\u010dujte si rozhovor s M\u00e1riou Bielikovou v podcaste Veda odpoved\u00e1, ktor\u00fd pripravuje organiz\u00e1cia SOVVA v spolupr\u00e1ci s platformou \u017dijem vedu.","og_url":"https:\/\/kinit.sk\/sk\/maria-bielikova-v-podcaste-veda-odpoveda\/","og_site_name":"KInIT","article_published_time":"2022-11-22T10:06:49+00:00","article_modified_time":"2022-11-22T10:25:08+00:00","og_image":[{"width":1201,"height":629,"url":"https:\/\/kinit.sk\/wp-content\/uploads\/2022\/11\/202210_web_news_MB_podcast_Feature.png","type":"image\/png"}],"author":"Marianna Palkova","twitter_card":"summary_large_image","twitter_creator":"@kinit","twitter_site":"@kinit","twitter_misc":{"Autor":"Marianna Palkova","Predpokladan\u00fd \u010das \u010d\u00edtania":"1 min\u00fata"},"schema":{"@context":"https:\/\/schema.org","@graph":[{"@type":"Article","@id":"https:\/\/kinit.sk\/sk\/maria-bielikova-v-podcaste-veda-odpoveda\/#article","isPartOf":{"@id":"https:\/\/kinit.sk\/sk\/maria-bielikova-v-podcaste-veda-odpoveda\/"},"author":{"name":"Marianna Palkova","@id":"https:\/\/kinit.sk\/#\/schema\/person\/8b175aaaf3267b5bbbbb97e4a6db8cea"},"headline":"M\u00e1ria Bielikov\u00e1 v podcaste Veda Odpoved\u00e1","datePublished":"2022-11-22T10:06:49+00:00","dateModified":"2022-11-22T10:25:08+00:00","mainEntityOfPage":{"@id":"https:\/\/kinit.sk\/sk\/maria-bielikova-v-podcaste-veda-odpoveda\/"},"wordCount":221,"image":{"@id":"https:\/\/kinit.sk\/sk\/maria-bielikova-v-podcaste-veda-odpoveda\/#primaryimage"},"thumbnailUrl":"https:\/\/kinit.sk\/wp-content\/uploads\/2022\/11\/202210_web_news_MB_podcast_Feature.png","keywords":["Podcast","media coverage","media appearance"],"articleSection":["Podcasts","2022"],"inLanguage":"sk-SK"},{"@type":"WebPage","@id":"https:\/\/kinit.sk\/sk\/maria-bielikova-v-podcaste-veda-odpoveda\/","url":"https:\/\/kinit.sk\/sk\/maria-bielikova-v-podcaste-veda-odpoveda\/","name":"M\u00e1ria Bielikov\u00e1 v podcaste Veda Odpoved\u00e1 - KInIT","isPartOf":{"@id":"https:\/\/kinit.sk\/#website"},"primaryImageOfPage":{"@id":"https:\/\/kinit.sk\/sk\/maria-bielikova-v-podcaste-veda-odpoveda\/#primaryimage"},"image":{"@id":"https:\/\/kinit.sk\/sk\/maria-bielikova-v-podcaste-veda-odpoveda\/#primaryimage"},"thumbnailUrl":"https:\/\/kinit.sk\/wp-content\/uploads\/2022\/11\/202210_web_news_MB_podcast_Feature.png","datePublished":"2022-11-22T10:06:49+00:00","dateModified":"2022-11-22T10:25:08+00:00","author":{"@id":"https:\/\/kinit.sk\/#\/schema\/person\/8b175aaaf3267b5bbbbb97e4a6db8cea"},"description":"Vypo\u010dujte si rozhovor s M\u00e1riou Bielikovou v podcaste Veda odpoved\u00e1, ktor\u00fd pripravuje organiz\u00e1cia SOVVA v spolupr\u00e1ci s platformou \u017dijem vedu.","breadcrumb":{"@id":"https:\/\/kinit.sk\/sk\/maria-bielikova-v-podcaste-veda-odpoveda\/#breadcrumb"},"inLanguage":"sk-SK","potentialAction":[{"@type":"ReadAction","target":["https:\/\/kinit.sk\/sk\/maria-bielikova-v-podcaste-veda-odpoveda\/"]}]},{"@type":"ImageObject","inLanguage":"sk-SK","@id":"https:\/\/kinit.sk\/sk\/maria-bielikova-v-podcaste-veda-odpoveda\/#primaryimage","url":"https:\/\/kinit.sk\/wp-content\/uploads\/2022\/11\/202210_web_news_MB_podcast_Feature.png","contentUrl":"https:\/\/kinit.sk\/wp-content\/uploads\/2022\/11\/202210_web_news_MB_podcast_Feature.png","width":1201,"height":629},{"@type":"BreadcrumbList","@id":"https:\/\/kinit.sk\/sk\/maria-bielikova-v-podcaste-veda-odpoveda\/#breadcrumb","itemListElement":[{"@type":"ListItem","position":1,"name":"Home","item":"https:\/\/kinit.sk\/sk\/uvod\/"},{"@type":"ListItem","position":2,"name":"Podcasts","item":"https:\/\/kinit.sk\/category\/podcasts\/"},{"@type":"ListItem","position":3,"name":"M\u00e1ria Bielikov\u00e1 v podcaste Veda Odpoved\u00e1"}]},{"@type":"WebSite","@id":"https:\/\/kinit.sk\/#website","url":"https:\/\/kinit.sk\/","name":"KInIT","description":"Vyu\u017e\u00edvame v\u00fdskum pre \u013eud\u00ed a priemysel","potentialAction":[{"@type":"SearchAction","target":{"@type":"EntryPoint","urlTemplate":"https:\/\/kinit.sk\/?s={search_term_string}"},"query-input":{"@type":"PropertyValueSpecification","valueRequired":true,"valueName":"search_term_string"}}],"inLanguage":"sk-SK"},{"@type":"Person","@id":"https:\/\/kinit.sk\/#\/schema\/person\/8b175aaaf3267b5bbbbb97e4a6db8cea","name":"Marianna Palkova"}]}},"_links":{"self":[{"href":"https:\/\/kinit.sk\/sk\/wp-json\/wp\/v2\/posts\/23087","targetHints":{"allow":["GET"]}}],"collection":[{"href":"https:\/\/kinit.sk\/sk\/wp-json\/wp\/v2\/posts"}],"about":[{"href":"https:\/\/kinit.sk\/sk\/wp-json\/wp\/v2\/types\/post"}],"author":[{"embeddable":true,"href":"https:\/\/kinit.sk\/sk\/wp-json\/wp\/v2\/users\/26"}],"replies":[{"embeddable":true,"href":"https:\/\/kinit.sk\/sk\/wp-json\/wp\/v2\/comments?post=23087"}],"version-history":[{"count":4,"href":"https:\/\/kinit.sk\/sk\/wp-json\/wp\/v2\/posts\/23087\/revisions"}],"predecessor-version":[{"id":23095,"href":"https:\/\/kinit.sk\/sk\/wp-json\/wp\/v2\/posts\/23087\/revisions\/23095"}],"wp:featuredmedia":[{"embeddable":true,"href":"https:\/\/kinit.sk\/sk\/wp-json\/wp\/v2\/media\/23081"}],"wp:attachment":[{"href":"https:\/\/kinit.sk\/sk\/wp-json\/wp\/v2\/media?parent=23087"}],"wp:term":[{"taxonomy":"category","embeddable":true,"href":"https:\/\/kinit.sk\/sk\/wp-json\/wp\/v2\/categories?post=23087"},{"taxonomy":"post_tag","embeddable":true,"href":"https:\/\/kinit.sk\/sk\/wp-json\/wp\/v2\/tags?post=23087"}],"curies":[{"name":"wp","href":"https:\/\/api.w.org\/{rel}","templated":true}]}}