{"id":22111,"date":"2022-10-10T07:10:31","date_gmt":"2022-10-10T05:10:31","guid":{"rendered":"https:\/\/kinit.sk\/vera-ai-horizon-eu-project-kick-off\/"},"modified":"2022-10-10T07:14:32","modified_gmt":"2022-10-10T05:14:32","slug":"vera-ai-spustenie-projektu-v-programe-horizont-europa","status":"publish","type":"post","link":"https:\/\/kinit.sk\/sk\/vera-ai-spustenie-projektu-v-programe-horizont-europa\/","title":{"rendered":"vera.ai: Spustenie projektu v programe Horizont Eur\u00f3pa"},"content":{"rendered":"<div id=\"\" class=\"element core-paragraph\">\n<p>KInIT je hrd\u00fdm \u010dlenom konzorcia nov\u00e9ho projektu <a href=\"https:\/\/kinit.sk\/project\/vera-ai-verification-assisted-by-artificial-intelligence\/\">vera.ai<\/a>, ktor\u00fd sa ofici\u00e1lne za\u010dal len ned\u00e1vno, 15. septembra 2022. Projekt vera.ai financuje Eur\u00f3pska komisia do roku 2025 v r\u00e1mci v\u00fdzvy Horizont Eur\u00f3pa &#8222;Umel\u00e1 inteligencia proti dezinform\u00e1ci\u00e1m&#8220;. Celkov\u00fdm cie\u013eom projektu je vyvin\u00fa\u0165 a vybudova\u0165 spo\u013eahliv\u00e9 rie\u0161enia vyu\u017e\u00edvaj\u00face umel\u00fa inteligenciu na podporu boja proti dezinform\u00e1ci\u00e1m v textovom obsahu, obr\u00e1zkoch, audiu a videu. Jednou z \u00faloh KInITu v r\u00e1mci projektu je prispie\u0165 k v\u00fdskumu viacjazy\u010dn\u00e9ho textov\u00e9ho obsahu, s osobitn\u00fdm zameran\u00edm na jazyky s n\u00edzkym po\u010dtom zdrojov.<\/p>\n<\/div>\n\n<div id=\"\" class=\"element core-heading\">\n<h3 class=\"wp-block-heading\">O projekte<\/h3>\n<\/div>\n\n<div id=\"\" class=\"element core-paragraph\">\n<p>Cie\u013eov\u00fa skupinu pou\u017e\u00edvate\u013eov vera.ai rie\u0161en\u00ed tvoria novin\u00e1ri, overovatelia faktov (fact-checkeri), v\u00fdskumn\u00edci a odborn\u00edci na ochranu \u013eudsk\u00fdch pr\u00e1v. <strong>Jedn\u00e1 sa preva\u017ene o profesion\u00e1lov z medi\u00e1lnej sf\u00e9ry, ktor\u00ed potrebuj\u00fa r\u00fdchlo a jednoducho odhali\u0165 nepravdiv\u00fd obsah<\/strong>.<\/p>\n<\/div>\n\n<div id=\"\" class=\"element core-paragraph\">\n<p>Amb\u00edciou projektu vera.ai je vytv\u00e1ra\u0165 prototypy a testova\u0165 v\u00fdstupy svojho v\u00fdvoja <strong>v \u00fazkej spolupr\u00e1ci s t\u00fdmito medi\u00e1lnymi \u0161pecialistami<\/strong>. Cie\u013eom je vyvin\u00fa\u0165 efekt\u00edvnej\u0161ie softv\u00e9rov\u00e9 n\u00e1stroje.<\/p>\n<\/div>\n\n<div id=\"\" class=\"element core-paragraph\">\n<p>Tento technologick\u00fd v\u00fdskumn\u00fd projekt bude tie\u017e \u00fazko spolupracova\u0165 s r\u00f4znymi\u00a0 iniciat\u00edvami zameran\u00fdmi na boj proti dezinform\u00e1ci\u00e1m v r\u00e1mci Eur\u00f3pskeho observat\u00f3ria digit\u00e1lnych m\u00e9di\u00ed (<a href=\"https:\/\/edmo.eu\/\" target=\"_blank\" rel=\"noreferrer noopener\">EDMO<\/a>), vr\u00e1tane Stredoeur\u00f3pskeho observat\u00f3ria digit\u00e1lnych m\u00e9di\u00ed (<a href=\"https:\/\/kinit.sk\/project\/cedmo-central-european-digital-media-observatory\/\" target=\"_blank\" rel=\"noreferrer noopener\">CEDMO<\/a>), ktor\u00e9ho je KInIT s\u00fa\u010das\u0165ou.<\/p>\n<\/div>\n\n<div id=\"\" class=\"element core-heading\">\n<h3 class=\"wp-block-heading\">Zah\u00e1jenie projektu<\/h3>\n<\/div>\n\n<div id=\"\" class=\"element core-paragraph\">\n<p>Projekt sa za\u010dal za \u00fa\u010dasti v\u0161etk\u00fdch 14 partnerov, stretli sme sa 27. &#8211; 28. septembra 2022 v Gr\u00e9cku. Na \u00favodnom stretnut\u00ed sa z\u00fa\u010dastnili <a href=\"https:\/\/kinit.sk\/member\/maria-bielikova\/\">M\u00e1ria Bielikov\u00e1<\/a> a <a href=\"https:\/\/kinit.sk\/member\/ivan-srba\/\">Ivan Srba<\/a>, ktor\u00ed s\u00fa spolu s \u010fal\u0161\u00edmi kolegami s\u00fa\u010das\u0165ou projektu za KInIT. Navy\u0161e dvaja na\u0161i kolegovia sa stretnutia z\u00fa\u010dastnili na dia\u013eku &#8211; <a href=\"https:\/\/kinit.sk\/member\/martin-hyben\">Martin Hyben<\/a>, na\u0161a nov\u00e1 v\u00fdskumn\u00e1 posila pre vera.ai projekt, a Elena Mo\u0165ovsk\u00e1, na\u0161a projektov\u00e1 mana\u017e\u00e9rka. Po\u010das dvoch dn\u00ed sme sa s\u00fastredili na pl\u00e1novan\u00e9 projektov\u00e9 aktivity. Tie\u017e sme mali pr\u00edle\u017eitos\u0165 intenz\u00edvne a produkt\u00edvne diskutova\u0165 o konkr\u00e9tnych v\u00fdskumn\u00fdch v\u00fdzvach, ktor\u00e9 budeme po\u010das projektu rie\u0161i\u0165.&nbsp;<\/p>\n<\/div>\n\n<div id=\"\" class=\"element core-paragraph\">\n<p>Stretn\u00fa\u0165 sa s nov\u00fdmi kolegami osobne bolo ve\u013emi hodnotnou sk\u00fasenos\u0165ou, v\u00fdrazne to podporilo na\u0161u u\u017e aj tak ve\u013emi vysok\u00fa motiv\u00e1ciu. Bolo naozaj povzbudzuj\u00face a in\u0161piruj\u00face vidie\u0165 odhodlanie a odborn\u00e9 znalosti v\u0161etk\u00fdch z\u00fa\u010dastnen\u00fdch.<\/p>\n<\/div>\n\n<div id=\"\" class=\"element core-paragraph\">\n<p>Ve\u013emi si cen\u00edme, \u017ee sme s\u00fa\u010das\u0165ou tohto skvel\u00e9ho v\u00fdskumn\u00e9ho t\u00edmu a te\u0161\u00edme sa na spolupr\u00e1cu so v\u0161etk\u00fdmi partnermi pri rie\u0161en\u00ed problematiky dezinform\u00e1ci\u00ed.<\/p>\n<\/div>\n\n<div id=\"\" class=\"element core-image\">\n<figure class=\"wp-block-image is-resized\"><img decoding=\"async\" data-src=\"https:\/\/lh5.googleusercontent.com\/dGqhPOJ1Fjw4ycDaoEKFbKEsc7mcLFvXX1lt7iChQ9c6fDrb-MFA6O8jzSDaOFrjPriLDttaBkv6oHycJsM0LiWBlYPlN_NgR0sl-Peg8EzOBxMzyeTmjE3S-0WbtS_JWR-WFaLqPcwtoX4A1yP52ES49-mfTirNm5FW3EVEJKmzR5DY-a7UZrTjVA\" alt=\"\" width=\"800\" height=\"461\" src=\"data:image\/svg+xml;base64,PHN2ZyB3aWR0aD0iMSIgaGVpZ2h0PSIxIiB4bWxucz0iaHR0cDovL3d3dy53My5vcmcvMjAwMC9zdmciPjwvc3ZnPg==\" class=\"lazyload\" style=\"--smush-placeholder-width: 800px; --smush-placeholder-aspect-ratio: 800\/461;\" \/><figcaption>T\u00edm vera.ai <em>(<\/em><a href=\"https:\/\/twitter.com\/veraai_eu\/status\/1574691942742515714\" target=\"_blank\" rel=\"noreferrer noopener\"><em>Zdroj<\/em><\/a>)<\/figcaption><\/figure>\n<\/div>\n\n<div id=\"\" class=\"element core-paragraph\">\n<p>Sledujte <a href=\"https:\/\/twitter.com\/veraai_eu\" target=\"_blank\" rel=\"noreferrer noopener\">vera.ai<\/a> na Twitteri pre najnov\u0161ie inform\u00e1cie o projekte.\u00a0<\/p>\n<\/div>\n\n<div id=\"\" class=\"element core-paragraph\">\n<p>Projekt koordinuje t\u00edm <a href=\"https:\/\/mever.gr\/\" target=\"_blank\" rel=\"noreferrer noopener\">Mever<\/a> (Media Verification) V\u00fdskumn\u00e9ho in\u0161tit\u00fatu informatiky <a href=\"http:\/\/www.certh.gr\/\" target=\"_blank\" rel=\"noreferrer noopener\">ITI-CERTH<\/a> v gr\u00e9ckom Sol\u00fane.\u00a0<\/p>\n<\/div>\n\n<div id=\"\" class=\"element core-paragraph\">\n<p>V\u00fdskumn\u00ed partneri projektu s\u00fa: <a href=\"https:\/\/www.sheffield.ac.uk\/\" target=\"_blank\" rel=\"noreferrer noopener\">Univerzita v Sheffielde<\/a> (Spojen\u00e9 kr\u00e1\u013eovstvo), talianske univerzity <a href=\"http:\/\/www.uniurb.it\/\" target=\"_blank\" rel=\"noreferrer noopener\">Urbino Carlo Bo<\/a> a <a href=\"http:\/\/www.unina.it\/\" target=\"_blank\" rel=\"noreferrer noopener\">Federico II<\/a>, <a href=\"http:\/\/www.uva.nl\/\" target=\"_blank\" rel=\"noreferrer noopener\">Amsterdamsk\u00e1 univerzita<\/a> (Holandsko), <a href=\"http:\/\/www.fraunhofer.de\/\" target=\"_blank\" rel=\"noreferrer noopener\">Fraunhofer in\u0161tit\u00fat<\/a> (Nemecko), <a href=\"https:\/\/ens-paris-saclay.fr\/\" target=\"_blank\" rel=\"noreferrer noopener\">Borelli Centre<\/a> univerzity \u00c9cole Normale Sup\u00e9rieure Paris-Saclay (Franc\u00fazsko), <a href=\"http:\/\/www.kinit.sk\/sk\">Kempelenov in\u0161tit\u00fat inteligentn\u00fdch technol\u00f3gi\u00ed<\/a> (Slovensko).\u00a0<\/p>\n<\/div>\n\n<div id=\"\" class=\"element core-paragraph\">\n<p>Medi\u00e1lnymi partnermi projektu s\u00fa <a href=\"https:\/\/www.afp.com\/en\" target=\"_blank\" rel=\"noreferrer noopener\">AFP<\/a> (Franc\u00fazsko), <a href=\"https:\/\/www.ebu.ch\/home\" target=\"_blank\" rel=\"noreferrer noopener\">EBU<\/a> (\u0160vaj\u010diarsko) a nemeck\u00fd medzin\u00e1rodn\u00fd kan\u00e1l <a href=\"https:\/\/www.dw.com\/en\/about-dw\/s-30688\" target=\"_blank\" rel=\"noreferrer noopener\">Deutsche Welle<\/a>. Priemyseln\u00fdmi partnermi s\u00fa <a href=\"http:\/\/www.ontotext.com\/\" target=\"_blank\" rel=\"noreferrer noopener\">Sirma AI<\/a> (Bulharsko), <a href=\"http:\/\/www.atc.gr\/\" target=\"_blank\" rel=\"noreferrer noopener\">At\u00e9nske technologick\u00e9 centrum<\/a> (Gr\u00e9cko) a mimovl\u00e1dne organiz\u00e1cie zastupuje <a href=\"http:\/\/www.disinfo.eu\/\" target=\"_blank\" rel=\"noreferrer noopener\">EU DisinfoLab<\/a> (Belgicko).\u00a0<\/p>\n<\/div>\n\n<div id=\"\" class=\"element core-paragraph\">\n<p><\/p>\n<\/div>","protected":false},"excerpt":{"rendered":"<p>KInIT je hrd\u00fdm \u010dlenom konzorcia nov\u00e9ho projektu vera.ai, ktor\u00fd sa ofici\u00e1lne za\u010dal len ned\u00e1vno, 15. septembra 2022. Projekt vera.ai financuje Eur\u00f3pska komisia do roku 2025 v r\u00e1mci v\u00fdzvy Horizont Eur\u00f3pa&#8230;<\/p>\n","protected":false},"author":26,"featured_media":22106,"comment_status":"closed","ping_status":"closed","sticky":false,"template":"","format":"standard","meta":{"_acf_changed":false,"footnotes":""},"categories":[78,83,349],"tags":[106,111,394],"class_list":["post-22111","post","type-post","status-publish","format-standard","has-post-thumbnail","hentry","category-web-user-data-processing-sk","category-news-sk","category-2022-sk","tag-project-sk","tag-disinformation-sk","tag-horizon-europe-sk"],"acf":[],"yoast_head":"<!-- This site is optimized with the Yoast SEO plugin v27.4 - https:\/\/yoast.com\/product\/yoast-seo-wordpress\/ -->\n<title>vera.ai: Spustenie projektu v programe Horizont Eur\u00f3pa - KInIT<\/title>\n<meta name=\"description\" content=\"KInIT je hrd\u00fdm \u010dlenom konzorcia nov\u00e9ho projektu vera.ai, ktor\u00fd sa ofici\u00e1lne za\u010dal len ned\u00e1vno, 15. septembra 2022. Jednou z \u00faloh KInITu v r\u00e1mci projektu je prispie\u0165 k v\u00fdskumu viacjazy\u010dn\u00e9ho textov\u00e9ho obsahu, s osobitn\u00fdm zameran\u00edm na jazyky s n\u00edzkym po\u010dtom zdrojov.\" \/>\n<meta name=\"robots\" content=\"index, follow, max-snippet:-1, max-image-preview:large, max-video-preview:-1\" \/>\n<link rel=\"canonical\" href=\"https:\/\/kinit.sk\/sk\/vera-ai-spustenie-projektu-v-programe-horizont-europa\/\" \/>\n<meta property=\"og:locale\" content=\"sk_SK\" \/>\n<meta property=\"og:type\" content=\"article\" \/>\n<meta property=\"og:title\" content=\"vera.ai: Spustenie projektu v programe Horizont Eur\u00f3pa - KInIT\" \/>\n<meta property=\"og:description\" content=\"KInIT je hrd\u00fdm \u010dlenom konzorcia nov\u00e9ho projektu vera.ai, ktor\u00fd sa ofici\u00e1lne za\u010dal len ned\u00e1vno, 15. septembra 2022. Jednou z \u00faloh KInITu v r\u00e1mci projektu je prispie\u0165 k v\u00fdskumu viacjazy\u010dn\u00e9ho textov\u00e9ho obsahu, s osobitn\u00fdm zameran\u00edm na jazyky s n\u00edzkym po\u010dtom zdrojov.\" \/>\n<meta property=\"og:url\" content=\"https:\/\/kinit.sk\/sk\/vera-ai-spustenie-projektu-v-programe-horizont-europa\/\" \/>\n<meta property=\"og:site_name\" content=\"KInIT\" \/>\n<meta property=\"article:published_time\" content=\"2022-10-10T05:10:31+00:00\" \/>\n<meta property=\"article:modified_time\" content=\"2022-10-10T05:14:32+00:00\" \/>\n<meta property=\"og:image\" content=\"https:\/\/kinit.sk\/wp-content\/uploads\/2022\/10\/202209_web_news_vera.ai_featureimg.png\" \/>\n\t<meta property=\"og:image:width\" content=\"2401\" \/>\n\t<meta property=\"og:image:height\" content=\"1257\" \/>\n\t<meta property=\"og:image:type\" content=\"image\/png\" \/>\n<meta name=\"author\" content=\"Marianna Palkova\" \/>\n<meta name=\"twitter:card\" content=\"summary_large_image\" \/>\n<meta name=\"twitter:creator\" content=\"@kinit\" \/>\n<meta name=\"twitter:site\" content=\"@kinit\" \/>\n<meta name=\"twitter:label1\" content=\"Autor\" \/>\n\t<meta name=\"twitter:data1\" content=\"Marianna Palkova\" \/>\n\t<meta name=\"twitter:label2\" content=\"Predpokladan\u00fd \u010das \u010d\u00edtania\" \/>\n\t<meta name=\"twitter:data2\" content=\"2 min\u00faty\" \/>\n<script type=\"application\/ld+json\" class=\"yoast-schema-graph\">{\"@context\":\"https:\\\/\\\/schema.org\",\"@graph\":[{\"@type\":\"Article\",\"@id\":\"https:\\\/\\\/kinit.sk\\\/sk\\\/vera-ai-spustenie-projektu-v-programe-horizont-europa\\\/#article\",\"isPartOf\":{\"@id\":\"https:\\\/\\\/kinit.sk\\\/sk\\\/vera-ai-spustenie-projektu-v-programe-horizont-europa\\\/\"},\"author\":{\"name\":\"Marianna Palkova\",\"@id\":\"https:\\\/\\\/kinit.sk\\\/#\\\/schema\\\/person\\\/8b175aaaf3267b5bbbbb97e4a6db8cea\"},\"headline\":\"vera.ai: Spustenie projektu v programe Horizont Eur\u00f3pa\",\"datePublished\":\"2022-10-10T05:10:31+00:00\",\"dateModified\":\"2022-10-10T05:14:32+00:00\",\"mainEntityOfPage\":{\"@id\":\"https:\\\/\\\/kinit.sk\\\/sk\\\/vera-ai-spustenie-projektu-v-programe-horizont-europa\\\/\"},\"wordCount\":587,\"image\":{\"@id\":\"https:\\\/\\\/kinit.sk\\\/sk\\\/vera-ai-spustenie-projektu-v-programe-horizont-europa\\\/#primaryimage\"},\"thumbnailUrl\":\"https:\\\/\\\/kinit.sk\\\/wp-content\\\/uploads\\\/2022\\\/10\\\/202209_web_news_vera.ai_featureimg.png\",\"keywords\":[\"project\",\"disinformation\",\"horizon europe\"],\"articleSection\":[\"Web &amp; User Data Processing\",\"News\",\"2022\"],\"inLanguage\":\"sk-SK\"},{\"@type\":\"WebPage\",\"@id\":\"https:\\\/\\\/kinit.sk\\\/sk\\\/vera-ai-spustenie-projektu-v-programe-horizont-europa\\\/\",\"url\":\"https:\\\/\\\/kinit.sk\\\/sk\\\/vera-ai-spustenie-projektu-v-programe-horizont-europa\\\/\",\"name\":\"vera.ai: Spustenie projektu v programe Horizont Eur\u00f3pa - KInIT\",\"isPartOf\":{\"@id\":\"https:\\\/\\\/kinit.sk\\\/#website\"},\"primaryImageOfPage\":{\"@id\":\"https:\\\/\\\/kinit.sk\\\/sk\\\/vera-ai-spustenie-projektu-v-programe-horizont-europa\\\/#primaryimage\"},\"image\":{\"@id\":\"https:\\\/\\\/kinit.sk\\\/sk\\\/vera-ai-spustenie-projektu-v-programe-horizont-europa\\\/#primaryimage\"},\"thumbnailUrl\":\"https:\\\/\\\/kinit.sk\\\/wp-content\\\/uploads\\\/2022\\\/10\\\/202209_web_news_vera.ai_featureimg.png\",\"datePublished\":\"2022-10-10T05:10:31+00:00\",\"dateModified\":\"2022-10-10T05:14:32+00:00\",\"author\":{\"@id\":\"https:\\\/\\\/kinit.sk\\\/#\\\/schema\\\/person\\\/8b175aaaf3267b5bbbbb97e4a6db8cea\"},\"description\":\"KInIT je hrd\u00fdm \u010dlenom konzorcia nov\u00e9ho projektu vera.ai, ktor\u00fd sa ofici\u00e1lne za\u010dal len ned\u00e1vno, 15. septembra 2022. Jednou z \u00faloh KInITu v r\u00e1mci projektu je prispie\u0165 k v\u00fdskumu viacjazy\u010dn\u00e9ho textov\u00e9ho obsahu, s osobitn\u00fdm zameran\u00edm na jazyky s n\u00edzkym po\u010dtom zdrojov.\",\"breadcrumb\":{\"@id\":\"https:\\\/\\\/kinit.sk\\\/sk\\\/vera-ai-spustenie-projektu-v-programe-horizont-europa\\\/#breadcrumb\"},\"inLanguage\":\"sk-SK\",\"potentialAction\":[{\"@type\":\"ReadAction\",\"target\":[\"https:\\\/\\\/kinit.sk\\\/sk\\\/vera-ai-spustenie-projektu-v-programe-horizont-europa\\\/\"]}]},{\"@type\":\"ImageObject\",\"inLanguage\":\"sk-SK\",\"@id\":\"https:\\\/\\\/kinit.sk\\\/sk\\\/vera-ai-spustenie-projektu-v-programe-horizont-europa\\\/#primaryimage\",\"url\":\"https:\\\/\\\/kinit.sk\\\/wp-content\\\/uploads\\\/2022\\\/10\\\/202209_web_news_vera.ai_featureimg.png\",\"contentUrl\":\"https:\\\/\\\/kinit.sk\\\/wp-content\\\/uploads\\\/2022\\\/10\\\/202209_web_news_vera.ai_featureimg.png\",\"width\":2401,\"height\":1257},{\"@type\":\"BreadcrumbList\",\"@id\":\"https:\\\/\\\/kinit.sk\\\/sk\\\/vera-ai-spustenie-projektu-v-programe-horizont-europa\\\/#breadcrumb\",\"itemListElement\":[{\"@type\":\"ListItem\",\"position\":1,\"name\":\"Home\",\"item\":\"https:\\\/\\\/kinit.sk\\\/sk\\\/uvod\\\/\"},{\"@type\":\"ListItem\",\"position\":2,\"name\":\"News\",\"item\":\"https:\\\/\\\/kinit.sk\\\/category\\\/news\\\/\"},{\"@type\":\"ListItem\",\"position\":3,\"name\":\"vera.ai: Spustenie projektu v programe Horizont Eur\u00f3pa\"}]},{\"@type\":\"WebSite\",\"@id\":\"https:\\\/\\\/kinit.sk\\\/#website\",\"url\":\"https:\\\/\\\/kinit.sk\\\/\",\"name\":\"KInIT\",\"description\":\"Vyu\u017e\u00edvame v\u00fdskum pre \u013eud\u00ed a priemysel\",\"potentialAction\":[{\"@type\":\"SearchAction\",\"target\":{\"@type\":\"EntryPoint\",\"urlTemplate\":\"https:\\\/\\\/kinit.sk\\\/?s={search_term_string}\"},\"query-input\":{\"@type\":\"PropertyValueSpecification\",\"valueRequired\":true,\"valueName\":\"search_term_string\"}}],\"inLanguage\":\"sk-SK\"},{\"@type\":\"Person\",\"@id\":\"https:\\\/\\\/kinit.sk\\\/#\\\/schema\\\/person\\\/8b175aaaf3267b5bbbbb97e4a6db8cea\",\"name\":\"Marianna Palkova\"}]}<\/script>\n<!-- \/ Yoast SEO plugin. -->","yoast_head_json":{"title":"vera.ai: Spustenie projektu v programe Horizont Eur\u00f3pa - KInIT","description":"KInIT je hrd\u00fdm \u010dlenom konzorcia nov\u00e9ho projektu vera.ai, ktor\u00fd sa ofici\u00e1lne za\u010dal len ned\u00e1vno, 15. septembra 2022. Jednou z \u00faloh KInITu v r\u00e1mci projektu je prispie\u0165 k v\u00fdskumu viacjazy\u010dn\u00e9ho textov\u00e9ho obsahu, s osobitn\u00fdm zameran\u00edm na jazyky s n\u00edzkym po\u010dtom zdrojov.","robots":{"index":"index","follow":"follow","max-snippet":"max-snippet:-1","max-image-preview":"max-image-preview:large","max-video-preview":"max-video-preview:-1"},"canonical":"https:\/\/kinit.sk\/sk\/vera-ai-spustenie-projektu-v-programe-horizont-europa\/","og_locale":"sk_SK","og_type":"article","og_title":"vera.ai: Spustenie projektu v programe Horizont Eur\u00f3pa - KInIT","og_description":"KInIT je hrd\u00fdm \u010dlenom konzorcia nov\u00e9ho projektu vera.ai, ktor\u00fd sa ofici\u00e1lne za\u010dal len ned\u00e1vno, 15. septembra 2022. Jednou z \u00faloh KInITu v r\u00e1mci projektu je prispie\u0165 k v\u00fdskumu viacjazy\u010dn\u00e9ho textov\u00e9ho obsahu, s osobitn\u00fdm zameran\u00edm na jazyky s n\u00edzkym po\u010dtom zdrojov.","og_url":"https:\/\/kinit.sk\/sk\/vera-ai-spustenie-projektu-v-programe-horizont-europa\/","og_site_name":"KInIT","article_published_time":"2022-10-10T05:10:31+00:00","article_modified_time":"2022-10-10T05:14:32+00:00","og_image":[{"width":2401,"height":1257,"url":"https:\/\/kinit.sk\/wp-content\/uploads\/2022\/10\/202209_web_news_vera.ai_featureimg.png","type":"image\/png"}],"author":"Marianna Palkova","twitter_card":"summary_large_image","twitter_creator":"@kinit","twitter_site":"@kinit","twitter_misc":{"Autor":"Marianna Palkova","Predpokladan\u00fd \u010das \u010d\u00edtania":"2 min\u00faty"},"schema":{"@context":"https:\/\/schema.org","@graph":[{"@type":"Article","@id":"https:\/\/kinit.sk\/sk\/vera-ai-spustenie-projektu-v-programe-horizont-europa\/#article","isPartOf":{"@id":"https:\/\/kinit.sk\/sk\/vera-ai-spustenie-projektu-v-programe-horizont-europa\/"},"author":{"name":"Marianna Palkova","@id":"https:\/\/kinit.sk\/#\/schema\/person\/8b175aaaf3267b5bbbbb97e4a6db8cea"},"headline":"vera.ai: Spustenie projektu v programe Horizont Eur\u00f3pa","datePublished":"2022-10-10T05:10:31+00:00","dateModified":"2022-10-10T05:14:32+00:00","mainEntityOfPage":{"@id":"https:\/\/kinit.sk\/sk\/vera-ai-spustenie-projektu-v-programe-horizont-europa\/"},"wordCount":587,"image":{"@id":"https:\/\/kinit.sk\/sk\/vera-ai-spustenie-projektu-v-programe-horizont-europa\/#primaryimage"},"thumbnailUrl":"https:\/\/kinit.sk\/wp-content\/uploads\/2022\/10\/202209_web_news_vera.ai_featureimg.png","keywords":["project","disinformation","horizon europe"],"articleSection":["Web &amp; User Data Processing","News","2022"],"inLanguage":"sk-SK"},{"@type":"WebPage","@id":"https:\/\/kinit.sk\/sk\/vera-ai-spustenie-projektu-v-programe-horizont-europa\/","url":"https:\/\/kinit.sk\/sk\/vera-ai-spustenie-projektu-v-programe-horizont-europa\/","name":"vera.ai: Spustenie projektu v programe Horizont Eur\u00f3pa - KInIT","isPartOf":{"@id":"https:\/\/kinit.sk\/#website"},"primaryImageOfPage":{"@id":"https:\/\/kinit.sk\/sk\/vera-ai-spustenie-projektu-v-programe-horizont-europa\/#primaryimage"},"image":{"@id":"https:\/\/kinit.sk\/sk\/vera-ai-spustenie-projektu-v-programe-horizont-europa\/#primaryimage"},"thumbnailUrl":"https:\/\/kinit.sk\/wp-content\/uploads\/2022\/10\/202209_web_news_vera.ai_featureimg.png","datePublished":"2022-10-10T05:10:31+00:00","dateModified":"2022-10-10T05:14:32+00:00","author":{"@id":"https:\/\/kinit.sk\/#\/schema\/person\/8b175aaaf3267b5bbbbb97e4a6db8cea"},"description":"KInIT je hrd\u00fdm \u010dlenom konzorcia nov\u00e9ho projektu vera.ai, ktor\u00fd sa ofici\u00e1lne za\u010dal len ned\u00e1vno, 15. septembra 2022. Jednou z \u00faloh KInITu v r\u00e1mci projektu je prispie\u0165 k v\u00fdskumu viacjazy\u010dn\u00e9ho textov\u00e9ho obsahu, s osobitn\u00fdm zameran\u00edm na jazyky s n\u00edzkym po\u010dtom zdrojov.","breadcrumb":{"@id":"https:\/\/kinit.sk\/sk\/vera-ai-spustenie-projektu-v-programe-horizont-europa\/#breadcrumb"},"inLanguage":"sk-SK","potentialAction":[{"@type":"ReadAction","target":["https:\/\/kinit.sk\/sk\/vera-ai-spustenie-projektu-v-programe-horizont-europa\/"]}]},{"@type":"ImageObject","inLanguage":"sk-SK","@id":"https:\/\/kinit.sk\/sk\/vera-ai-spustenie-projektu-v-programe-horizont-europa\/#primaryimage","url":"https:\/\/kinit.sk\/wp-content\/uploads\/2022\/10\/202209_web_news_vera.ai_featureimg.png","contentUrl":"https:\/\/kinit.sk\/wp-content\/uploads\/2022\/10\/202209_web_news_vera.ai_featureimg.png","width":2401,"height":1257},{"@type":"BreadcrumbList","@id":"https:\/\/kinit.sk\/sk\/vera-ai-spustenie-projektu-v-programe-horizont-europa\/#breadcrumb","itemListElement":[{"@type":"ListItem","position":1,"name":"Home","item":"https:\/\/kinit.sk\/sk\/uvod\/"},{"@type":"ListItem","position":2,"name":"News","item":"https:\/\/kinit.sk\/category\/news\/"},{"@type":"ListItem","position":3,"name":"vera.ai: Spustenie projektu v programe Horizont Eur\u00f3pa"}]},{"@type":"WebSite","@id":"https:\/\/kinit.sk\/#website","url":"https:\/\/kinit.sk\/","name":"KInIT","description":"Vyu\u017e\u00edvame v\u00fdskum pre \u013eud\u00ed a priemysel","potentialAction":[{"@type":"SearchAction","target":{"@type":"EntryPoint","urlTemplate":"https:\/\/kinit.sk\/?s={search_term_string}"},"query-input":{"@type":"PropertyValueSpecification","valueRequired":true,"valueName":"search_term_string"}}],"inLanguage":"sk-SK"},{"@type":"Person","@id":"https:\/\/kinit.sk\/#\/schema\/person\/8b175aaaf3267b5bbbbb97e4a6db8cea","name":"Marianna Palkova"}]}},"_links":{"self":[{"href":"https:\/\/kinit.sk\/sk\/wp-json\/wp\/v2\/posts\/22111","targetHints":{"allow":["GET"]}}],"collection":[{"href":"https:\/\/kinit.sk\/sk\/wp-json\/wp\/v2\/posts"}],"about":[{"href":"https:\/\/kinit.sk\/sk\/wp-json\/wp\/v2\/types\/post"}],"author":[{"embeddable":true,"href":"https:\/\/kinit.sk\/sk\/wp-json\/wp\/v2\/users\/26"}],"replies":[{"embeddable":true,"href":"https:\/\/kinit.sk\/sk\/wp-json\/wp\/v2\/comments?post=22111"}],"version-history":[{"count":3,"href":"https:\/\/kinit.sk\/sk\/wp-json\/wp\/v2\/posts\/22111\/revisions"}],"predecessor-version":[{"id":22116,"href":"https:\/\/kinit.sk\/sk\/wp-json\/wp\/v2\/posts\/22111\/revisions\/22116"}],"wp:featuredmedia":[{"embeddable":true,"href":"https:\/\/kinit.sk\/sk\/wp-json\/wp\/v2\/media\/22106"}],"wp:attachment":[{"href":"https:\/\/kinit.sk\/sk\/wp-json\/wp\/v2\/media?parent=22111"}],"wp:term":[{"taxonomy":"category","embeddable":true,"href":"https:\/\/kinit.sk\/sk\/wp-json\/wp\/v2\/categories?post=22111"},{"taxonomy":"post_tag","embeddable":true,"href":"https:\/\/kinit.sk\/sk\/wp-json\/wp\/v2\/tags?post=22111"}],"curies":[{"name":"wp","href":"https:\/\/api.w.org\/{rel}","templated":true}]}}