{"id":16299,"date":"2022-04-12T14:00:00","date_gmt":"2022-04-12T12:00:00","guid":{"rendered":"https:\/\/kinit.sk\/?p=16299"},"modified":"2022-04-12T10:46:54","modified_gmt":"2022-04-12T08:46:54","slug":"zeny-v-technike-kedysi-a-dnes","status":"publish","type":"post","link":"https:\/\/kinit.sk\/sk\/zeny-v-technike-kedysi-a-dnes\/","title":{"rendered":"Rozhovor s M\u00e1riou Bielikovou: \u017deny v technike kedysi a dnes"},"content":{"rendered":"<div id=\"\" class=\"element core-paragraph\">\n<p style=\"font-size:24px\">V s\u00fa\u010dasnosti vyu\u017e\u00edvame mno\u017estvo skvel\u00fdch technol\u00f3gi\u00ed zalo\u017een\u00fdch na v\u00fddobytkoch vedy a v\u00fdskumu. Nie ka\u017ed\u00fd v\u0161ak tu\u0161\u00ed, \u017ee za mnoh\u00fdmi k\u013e\u00fa\u010dov\u00fdmi technick\u00fdmi inov\u00e1ciami stoja pr\u00e1ve \u017eeny. Napr\u00edklad aj prv\u00fd po\u010d\u00edta\u010dov\u00fd program nap\u00edsala \u017eena. Ada Lovelace, ktor\u00e1 sa narodila do v\u00fdrazne patriarch\u00e1lneho sveta viktori\u00e1nskej \u00e9ry, \u010faleko predbehla svoju dobu v ch\u00e1pan\u00ed potenci\u00e1lu v\u00fdpo\u010dtovej techniky.<\/p>\n<\/div>\n\n<div id=\"\" class=\"element core-paragraph\">\n<p>Ak\u00e9 pr\u00edle\u017eitosti mali a ak\u00e9 prek\u00e1\u017eky pri budovan\u00ed kari\u00e9ry v odvetv\u00ed, v ktorom dominuj\u00fa mu\u017ei, prekon\u00e1vali \u017eeny na prelome 20. a 21. storo\u010dia? A pre\u010do by si mali vybra\u0165 kari\u00e9ru v oblasti vedy, techniky, in\u017einierstva a matematiky (STEM)?<\/p>\n<\/div>\n\n<div id=\"\" class=\"element core-paragraph\">\n<p>M\u00e1ria Bielikov\u00e1 sa viac ako 30 rokov svojej kari\u00e9ry venuje technol\u00f3gi\u00e1m a inov\u00e1ci\u00e1m. Pri pr\u00edle\u017eitosti \u201cWomen&#8217;s History Month\u201d (marec 2022) poskytla rozhovor n\u00e1\u0161mu partnerovi, spolo\u010dnosti <a href=\"https:\/\/www.eset.com\/\">E<\/a><a href=\"https:\/\/www.eset.com\/\" target=\"_blank\" rel=\"noreferrer noopener\">SET<\/a>, v ktorom sa dozviete:<\/p>\n<\/div>\n\n<div id=\"\" class=\"element core-list\">\n<ul class=\"wp-block-list\"><li>Ako sa rozhodla pre kari\u00e9ru v oblasti informatiky<\/li><li>Ako je to s platovou rovnos\u0165ou mu\u017eov a \u017eien v odvetv\u00ed IT<\/li><li>Ak\u00e9 s\u00fa rozdiely v myslen\u00ed mu\u017eov a \u017eien a v \u010dom sa dop\u013a\u0148aj\u00fa<\/li><li>\u010ci potrebuj\u00fa diev\u010dat\u00e1 vzory preto, aby si v\u00f4bec vybrali technick\u00fd odbor ako svoju bud\u00facu kari\u00e9ru<\/li><li>Ak\u00fa radu by dala rodi\u010dom, ktor\u00ed chc\u00fa pom\u00f4c\u0165 svojim de\u0165om uspie\u0165 v technick\u00fdch odboroch<\/li><\/ul>\n<\/div>\n\n<div id=\"\" class=\"element core-paragraph\">\n<p>Cel\u00fd rozhovor (len v angli\u010dtine) si m\u00f4\u017eete pre\u010d\u00edta\u0165 <a href=\"https:\/\/www.welivesecurity.com\/2022\/03\/30\/women-tech-unique-insights-pursuit-innovation\/\" target=\"_blank\" rel=\"noreferrer noopener\">tu<\/a>.<\/p>\n<\/div>","protected":false},"excerpt":{"rendered":"<p>V s\u00fa\u010dasnosti vyu\u017e\u00edvame mno\u017estvo skvel\u00fdch technol\u00f3gi\u00ed zalo\u017een\u00fdch na v\u00fddobytkoch vedy a v\u00fdskumu. Nie ka\u017ed\u00fd v\u0161ak tu\u0161\u00ed, \u017ee za mnoh\u00fdmi k\u013e\u00fa\u010dov\u00fdmi technick\u00fdmi inov\u00e1ciami stoja pr\u00e1ve \u017eeny. Napr\u00edklad aj prv\u00fd po\u010d\u00edta\u010dov\u00fd program&#8230;<\/p>\n","protected":false},"author":26,"featured_media":36979,"comment_status":"closed","ping_status":"closed","sticky":false,"template":"","format":"standard","meta":{"_acf_changed":false,"footnotes":""},"categories":[109,349],"tags":[366,391,398],"class_list":["post-16299","post","type-post","status-publish","format-standard","has-post-thumbnail","hentry","category-media-coverage-sk","category-2022-sk","tag-rozhovor","tag-zeny-v-it","tag-interview-sk"],"acf":[],"yoast_head":"<!-- This site is optimized with the Yoast SEO plugin v27.4 - https:\/\/yoast.com\/product\/yoast-seo-wordpress\/ -->\n<title>Rozhovor s M\u00e1riou Bielikovou: \u017deny v technike kedysi a dnes - KInIT<\/title>\n<meta name=\"description\" content=\"Rozhovor s M\u00e1riou Bielikovou, ktor\u00e1 sa podelila o postrehy ak\u00e9 kari\u00e9rne pr\u00edle\u017eitosti mali a maj\u00fa \u017eeny v technick\u00fdch odvetviach.\" \/>\n<meta name=\"robots\" content=\"index, follow, max-snippet:-1, max-image-preview:large, max-video-preview:-1\" \/>\n<link rel=\"canonical\" href=\"https:\/\/kinit.sk\/?p=16293\" \/>\n<meta property=\"og:locale\" content=\"sk_SK\" \/>\n<meta property=\"og:type\" content=\"article\" \/>\n<meta property=\"og:title\" content=\"Rozhovor s M\u00e1riou Bielikovou: \u017deny v technike kedysi a dnes - KInIT\" \/>\n<meta property=\"og:description\" content=\"Rozhovor s M\u00e1riou Bielikovou, ktor\u00e1 sa podelila o postrehy ak\u00e9 kari\u00e9rne pr\u00edle\u017eitosti mali a maj\u00fa \u017eeny v technick\u00fdch odvetviach.\" \/>\n<meta property=\"og:url\" content=\"https:\/\/kinit.sk\/?p=16293\" \/>\n<meta property=\"og:site_name\" content=\"KInIT\" \/>\n<meta property=\"article:published_time\" content=\"2022-04-12T12:00:00+00:00\" \/>\n<meta property=\"og:image\" content=\"https:\/\/kinit.sk\/wp-content\/uploads\/2022\/04\/202204_new_majka_eset.jpg\" \/>\n\t<meta property=\"og:image:width\" content=\"1201\" \/>\n\t<meta property=\"og:image:height\" content=\"629\" \/>\n\t<meta property=\"og:image:type\" content=\"image\/jpeg\" \/>\n<meta name=\"author\" content=\"Marianna Palkova\" \/>\n<meta name=\"twitter:card\" content=\"summary_large_image\" \/>\n<meta name=\"twitter:creator\" content=\"@kinit\" \/>\n<meta name=\"twitter:site\" content=\"@kinit\" \/>\n<meta name=\"twitter:label1\" content=\"Autor\" \/>\n\t<meta name=\"twitter:data1\" content=\"Marianna Palkova\" \/>\n\t<meta name=\"twitter:label2\" content=\"Predpokladan\u00fd \u010das \u010d\u00edtania\" \/>\n\t<meta name=\"twitter:data2\" content=\"1 min\u00fata\" \/>\n<script type=\"application\/ld+json\" class=\"yoast-schema-graph\">{\"@context\":\"https:\\\/\\\/schema.org\",\"@graph\":[{\"@type\":\"Article\",\"@id\":\"https:\\\/\\\/kinit.sk\\\/?p=16293#article\",\"isPartOf\":{\"@id\":\"https:\\\/\\\/kinit.sk\\\/?p=16293\"},\"author\":{\"name\":\"Marianna Palkova\",\"@id\":\"https:\\\/\\\/kinit.sk\\\/#\\\/schema\\\/person\\\/8b175aaaf3267b5bbbbb97e4a6db8cea\"},\"headline\":\"Rozhovor s M\u00e1riou Bielikovou: \u017deny v technike kedysi a dnes\",\"datePublished\":\"2022-04-12T12:00:00+00:00\",\"mainEntityOfPage\":{\"@id\":\"https:\\\/\\\/kinit.sk\\\/?p=16293\"},\"wordCount\":264,\"image\":{\"@id\":\"https:\\\/\\\/kinit.sk\\\/?p=16293#primaryimage\"},\"thumbnailUrl\":\"https:\\\/\\\/kinit.sk\\\/wp-content\\\/uploads\\\/2024\\\/10\\\/Media-coverage_feature-images_Maria-Bielikova-scaled.png\",\"keywords\":[\"rozhovor\",\"\u017eeny v IT\",\"interview\"],\"articleSection\":[\"Media coverage\",\"2022\"],\"inLanguage\":\"sk-SK\"},{\"@type\":\"WebPage\",\"@id\":\"https:\\\/\\\/kinit.sk\\\/?p=16293\",\"url\":\"https:\\\/\\\/kinit.sk\\\/?p=16293\",\"name\":\"Rozhovor s M\u00e1riou Bielikovou: \u017deny v technike kedysi a dnes - KInIT\",\"isPartOf\":{\"@id\":\"https:\\\/\\\/kinit.sk\\\/#website\"},\"primaryImageOfPage\":{\"@id\":\"https:\\\/\\\/kinit.sk\\\/?p=16293#primaryimage\"},\"image\":{\"@id\":\"https:\\\/\\\/kinit.sk\\\/?p=16293#primaryimage\"},\"thumbnailUrl\":\"https:\\\/\\\/kinit.sk\\\/wp-content\\\/uploads\\\/2024\\\/10\\\/Media-coverage_feature-images_Maria-Bielikova-scaled.png\",\"datePublished\":\"2022-04-12T12:00:00+00:00\",\"author\":{\"@id\":\"https:\\\/\\\/kinit.sk\\\/#\\\/schema\\\/person\\\/8b175aaaf3267b5bbbbb97e4a6db8cea\"},\"description\":\"Rozhovor s M\u00e1riou Bielikovou, ktor\u00e1 sa podelila o postrehy ak\u00e9 kari\u00e9rne pr\u00edle\u017eitosti mali a maj\u00fa \u017eeny v technick\u00fdch odvetviach.\",\"breadcrumb\":{\"@id\":\"https:\\\/\\\/kinit.sk\\\/?p=16293#breadcrumb\"},\"inLanguage\":\"sk-SK\",\"potentialAction\":[{\"@type\":\"ReadAction\",\"target\":[\"https:\\\/\\\/kinit.sk\\\/?p=16293\"]}]},{\"@type\":\"ImageObject\",\"inLanguage\":\"sk-SK\",\"@id\":\"https:\\\/\\\/kinit.sk\\\/?p=16293#primaryimage\",\"url\":\"https:\\\/\\\/kinit.sk\\\/wp-content\\\/uploads\\\/2024\\\/10\\\/Media-coverage_feature-images_Maria-Bielikova-scaled.png\",\"contentUrl\":\"https:\\\/\\\/kinit.sk\\\/wp-content\\\/uploads\\\/2024\\\/10\\\/Media-coverage_feature-images_Maria-Bielikova-scaled.png\",\"width\":2560,\"height\":1340},{\"@type\":\"BreadcrumbList\",\"@id\":\"https:\\\/\\\/kinit.sk\\\/?p=16293#breadcrumb\",\"itemListElement\":[{\"@type\":\"ListItem\",\"position\":1,\"name\":\"Home\",\"item\":\"https:\\\/\\\/kinit.sk\\\/sk\\\/\"},{\"@type\":\"ListItem\",\"position\":2,\"name\":\"2022\",\"item\":\"https:\\\/\\\/kinit.sk\\\/category\\\/2022\\\/\"},{\"@type\":\"ListItem\",\"position\":3,\"name\":\"Rozhovor s M\u00e1riou Bielikovou: \u017deny v technike kedysi a dnes\"}]},{\"@type\":\"WebSite\",\"@id\":\"https:\\\/\\\/kinit.sk\\\/#website\",\"url\":\"https:\\\/\\\/kinit.sk\\\/\",\"name\":\"KInIT\",\"description\":\"Vyu\u017e\u00edvame v\u00fdskum pre \u013eud\u00ed a priemysel\",\"potentialAction\":[{\"@type\":\"SearchAction\",\"target\":{\"@type\":\"EntryPoint\",\"urlTemplate\":\"https:\\\/\\\/kinit.sk\\\/?s={search_term_string}\"},\"query-input\":{\"@type\":\"PropertyValueSpecification\",\"valueRequired\":true,\"valueName\":\"search_term_string\"}}],\"inLanguage\":\"sk-SK\"},{\"@type\":\"Person\",\"@id\":\"https:\\\/\\\/kinit.sk\\\/#\\\/schema\\\/person\\\/8b175aaaf3267b5bbbbb97e4a6db8cea\",\"name\":\"Marianna Palkova\"}]}<\/script>\n<!-- \/ Yoast SEO plugin. -->","yoast_head_json":{"title":"Rozhovor s M\u00e1riou Bielikovou: \u017deny v technike kedysi a dnes - KInIT","description":"Rozhovor s M\u00e1riou Bielikovou, ktor\u00e1 sa podelila o postrehy ak\u00e9 kari\u00e9rne pr\u00edle\u017eitosti mali a maj\u00fa \u017eeny v technick\u00fdch odvetviach.","robots":{"index":"index","follow":"follow","max-snippet":"max-snippet:-1","max-image-preview":"max-image-preview:large","max-video-preview":"max-video-preview:-1"},"canonical":"https:\/\/kinit.sk\/?p=16293","og_locale":"sk_SK","og_type":"article","og_title":"Rozhovor s M\u00e1riou Bielikovou: \u017deny v technike kedysi a dnes - KInIT","og_description":"Rozhovor s M\u00e1riou Bielikovou, ktor\u00e1 sa podelila o postrehy ak\u00e9 kari\u00e9rne pr\u00edle\u017eitosti mali a maj\u00fa \u017eeny v technick\u00fdch odvetviach.","og_url":"https:\/\/kinit.sk\/?p=16293","og_site_name":"KInIT","article_published_time":"2022-04-12T12:00:00+00:00","og_image":[{"width":1201,"height":629,"url":"https:\/\/kinit.sk\/wp-content\/uploads\/2022\/04\/202204_new_majka_eset.jpg","type":"image\/jpeg"}],"author":"Marianna Palkova","twitter_card":"summary_large_image","twitter_creator":"@kinit","twitter_site":"@kinit","twitter_misc":{"Autor":"Marianna Palkova","Predpokladan\u00fd \u010das \u010d\u00edtania":"1 min\u00fata"},"schema":{"@context":"https:\/\/schema.org","@graph":[{"@type":"Article","@id":"https:\/\/kinit.sk\/?p=16293#article","isPartOf":{"@id":"https:\/\/kinit.sk\/?p=16293"},"author":{"name":"Marianna Palkova","@id":"https:\/\/kinit.sk\/#\/schema\/person\/8b175aaaf3267b5bbbbb97e4a6db8cea"},"headline":"Rozhovor s M\u00e1riou Bielikovou: \u017deny v technike kedysi a dnes","datePublished":"2022-04-12T12:00:00+00:00","mainEntityOfPage":{"@id":"https:\/\/kinit.sk\/?p=16293"},"wordCount":264,"image":{"@id":"https:\/\/kinit.sk\/?p=16293#primaryimage"},"thumbnailUrl":"https:\/\/kinit.sk\/wp-content\/uploads\/2024\/10\/Media-coverage_feature-images_Maria-Bielikova-scaled.png","keywords":["rozhovor","\u017eeny v IT","interview"],"articleSection":["Media coverage","2022"],"inLanguage":"sk-SK"},{"@type":"WebPage","@id":"https:\/\/kinit.sk\/?p=16293","url":"https:\/\/kinit.sk\/?p=16293","name":"Rozhovor s M\u00e1riou Bielikovou: \u017deny v technike kedysi a dnes - KInIT","isPartOf":{"@id":"https:\/\/kinit.sk\/#website"},"primaryImageOfPage":{"@id":"https:\/\/kinit.sk\/?p=16293#primaryimage"},"image":{"@id":"https:\/\/kinit.sk\/?p=16293#primaryimage"},"thumbnailUrl":"https:\/\/kinit.sk\/wp-content\/uploads\/2024\/10\/Media-coverage_feature-images_Maria-Bielikova-scaled.png","datePublished":"2022-04-12T12:00:00+00:00","author":{"@id":"https:\/\/kinit.sk\/#\/schema\/person\/8b175aaaf3267b5bbbbb97e4a6db8cea"},"description":"Rozhovor s M\u00e1riou Bielikovou, ktor\u00e1 sa podelila o postrehy ak\u00e9 kari\u00e9rne pr\u00edle\u017eitosti mali a maj\u00fa \u017eeny v technick\u00fdch odvetviach.","breadcrumb":{"@id":"https:\/\/kinit.sk\/?p=16293#breadcrumb"},"inLanguage":"sk-SK","potentialAction":[{"@type":"ReadAction","target":["https:\/\/kinit.sk\/?p=16293"]}]},{"@type":"ImageObject","inLanguage":"sk-SK","@id":"https:\/\/kinit.sk\/?p=16293#primaryimage","url":"https:\/\/kinit.sk\/wp-content\/uploads\/2024\/10\/Media-coverage_feature-images_Maria-Bielikova-scaled.png","contentUrl":"https:\/\/kinit.sk\/wp-content\/uploads\/2024\/10\/Media-coverage_feature-images_Maria-Bielikova-scaled.png","width":2560,"height":1340},{"@type":"BreadcrumbList","@id":"https:\/\/kinit.sk\/?p=16293#breadcrumb","itemListElement":[{"@type":"ListItem","position":1,"name":"Home","item":"https:\/\/kinit.sk\/sk\/"},{"@type":"ListItem","position":2,"name":"2022","item":"https:\/\/kinit.sk\/category\/2022\/"},{"@type":"ListItem","position":3,"name":"Rozhovor s M\u00e1riou Bielikovou: \u017deny v technike kedysi a dnes"}]},{"@type":"WebSite","@id":"https:\/\/kinit.sk\/#website","url":"https:\/\/kinit.sk\/","name":"KInIT","description":"Vyu\u017e\u00edvame v\u00fdskum pre \u013eud\u00ed a priemysel","potentialAction":[{"@type":"SearchAction","target":{"@type":"EntryPoint","urlTemplate":"https:\/\/kinit.sk\/?s={search_term_string}"},"query-input":{"@type":"PropertyValueSpecification","valueRequired":true,"valueName":"search_term_string"}}],"inLanguage":"sk-SK"},{"@type":"Person","@id":"https:\/\/kinit.sk\/#\/schema\/person\/8b175aaaf3267b5bbbbb97e4a6db8cea","name":"Marianna Palkova"}]}},"_links":{"self":[{"href":"https:\/\/kinit.sk\/sk\/wp-json\/wp\/v2\/posts\/16299","targetHints":{"allow":["GET"]}}],"collection":[{"href":"https:\/\/kinit.sk\/sk\/wp-json\/wp\/v2\/posts"}],"about":[{"href":"https:\/\/kinit.sk\/sk\/wp-json\/wp\/v2\/types\/post"}],"author":[{"embeddable":true,"href":"https:\/\/kinit.sk\/sk\/wp-json\/wp\/v2\/users\/26"}],"replies":[{"embeddable":true,"href":"https:\/\/kinit.sk\/sk\/wp-json\/wp\/v2\/comments?post=16299"}],"version-history":[{"count":4,"href":"https:\/\/kinit.sk\/sk\/wp-json\/wp\/v2\/posts\/16299\/revisions"}],"predecessor-version":[{"id":16352,"href":"https:\/\/kinit.sk\/sk\/wp-json\/wp\/v2\/posts\/16299\/revisions\/16352"}],"wp:featuredmedia":[{"embeddable":true,"href":"https:\/\/kinit.sk\/sk\/wp-json\/wp\/v2\/media\/36979"}],"wp:attachment":[{"href":"https:\/\/kinit.sk\/sk\/wp-json\/wp\/v2\/media?parent=16299"}],"wp:term":[{"taxonomy":"category","embeddable":true,"href":"https:\/\/kinit.sk\/sk\/wp-json\/wp\/v2\/categories?post=16299"},{"taxonomy":"post_tag","embeddable":true,"href":"https:\/\/kinit.sk\/sk\/wp-json\/wp\/v2\/tags?post=16299"}],"curies":[{"name":"wp","href":"https:\/\/api.w.org\/{rel}","templated":true}]}}