{"id":13492,"date":"2021-12-26T10:03:00","date_gmt":"2021-12-26T09:03:00","guid":{"rendered":"https:\/\/kinit.sk\/?p=13492"},"modified":"2022-01-10T10:18:36","modified_gmt":"2022-01-10T09:18:36","slug":"dva-roky-s-etikou-vianocny-special","status":"publish","type":"post","link":"https:\/\/kinit.sk\/sk\/dva-roky-s-etikou-vianocny-special\/","title":{"rendered":"E-tika podcast: Dva roky s E-tikou"},"content":{"rendered":"<div id=\"\" class=\"element core-paragraph\">\n<p class=\"has-large-font-size\">V podcaste E-tika sme si dali za \u00falohu otvori\u0165 t\u00e9my spolo\u010densk\u00fdch dopadov digit\u00e1lnych technol\u00f3gi\u00ed. Po\u010das uplynul\u00fdch dvoch sez\u00f3n sme sa spolo\u010dne s na\u0161imi hos\u0165ami p\u00fdtali, kde vidia hranice toho, kam by sme e\u0161te pri v\u00fdvoji a nasadzovan\u00ed nov\u00fdch technol\u00f3gi\u00ed a predov\u0161etk\u00fdm t\u00fdch inteligentn\u00fdch mali z\u00e1js\u0165. Pr\u00edpadne kde vidia prekro\u010denie tejto \u010dervenej \u010diary a pre\u010do ho pova\u017euj\u00fa za nespr\u00e1vne. Sna\u017eili sme sa s nimi vies\u0165 otvoren\u00fd dial\u00f3g a umo\u017eni\u0165 im prejavi\u0165 svoje n\u00e1zory a postoje k t\u00e9mam etiky v digit\u00e1lnom priestore. <\/p>\n<\/div>\n\n<div id=\"\" class=\"element core-paragraph\">\n<p class=\"has-normal-font-size\">V dne\u0161nom diele sa v\u0161ak karta trocha obr\u00e1ti. Tentoraz dostan\u00fa priestor na\u0161i moder\u00e1tori, aby n\u00e1m povedali, \u010do priniesol tento podcast im, pr\u00edpadne ktor\u00e9 t\u00e9my o ktor\u00fdch sme tu hovorili v nich najviac zarezonovali.&nbsp;<\/p>\n<\/div>\n\n<div id=\"\" class=\"element core-paragraph\">\n<p>V dne\u0161nom diele sa dozviete:<\/p>\n<\/div>\n\n<div id=\"\" class=\"element core-list\">\n<ul class=\"wp-block-list\"><li>Ako podcast E-tika posunul ich prem\u00fd\u0161\u013eanie nad t\u00fdm, \u010do je spr\u00e1vne a \u010do je dobr\u00e9 s oh\u013eadom na v\u00fdvoj inteligentn\u00fdch technol\u00f3gi\u00ed.&nbsp;<\/li><li>\u010ci ostalo nie\u010do nedopovedan\u00e9, \u010do treba na z\u00e1ver podcastu E-tika zd\u00f4razni\u0165.&nbsp;<\/li><li>Ako sa zmenilo ich vn\u00edmanie etiky vo vz\u0165ahu k AI a in\u00fdm modern\u00fdm technol\u00f3gi\u00e1m.&nbsp;<\/li><\/ul>\n<\/div>\n\n<div id=\"\" class=\"element core-paragraph\">\n<p>V tomto viano\u010dnom \u0161peci\u00e1le sa budeme bavi\u0165 o tom, \u010do n\u00e1m E-tika podcast dal, \u010do sme my dali jemu a o v\u0161etk\u00fdch t\u00fdch veci\u00e1ch, ktor\u00e9 ste e\u0161te chceli vedie\u0165, ale hanbili ste sa n\u00e1s op\u00fdta\u0165.<\/p>\n<\/div>\n\n<div id=\"\" class=\"element core-buttons\">\n<div class=\"wp-block-buttons is-layout-flex wp-block-buttons-is-layout-flex\"><div id=\"\" class=\"element core-button\">\n<div class=\"wp-block-button\"><a class=\"wp-block-button__link\" href=\"https:\/\/open.spotify.com\/episode\/0ECD97PDT6IyGGOkVu1qMT\" target=\"_blank\" rel=\"noreferrer noopener\">Spotify<\/a><\/div>\n<\/div>\n\n<div id=\"\" class=\"element core-button\">\n<div class=\"wp-block-button\"><a class=\"wp-block-button__link\" href=\"https:\/\/www.podbean.com\/ew\/pb-tpd5r-1163214\" target=\"_blank\" rel=\"noreferrer noopener\">Podbean<\/a><\/div>\n<\/div>\n\n<div id=\"\" class=\"element core-button\">\n<div class=\"wp-block-button\"><a class=\"wp-block-button__link\" href=\"https:\/\/podcasts.apple.com\/at\/podcast\/e-tika-\u0161peci\u00e1l\/id1518791846?i=1000546127657\" target=\"_blank\" rel=\"noreferrer noopener\">iTunes<\/a><\/div>\n<\/div><\/div>\n<\/div>\n\n<div id=\"\" class=\"element core-heading\">\n<h3 class=\"wp-block-heading\">O podcaste E-tika<\/h3>\n<\/div>\n\n<div id=\"\" class=\"element core-paragraph\">\n<p>Digit\u00e1lne a informa\u010dn\u00e9 technol\u00f3gie n\u00e1m zlep\u0161uj\u00fa a zjednodu\u0161uj\u00fa \u017eivot. Ale vyvol\u00e1vaj\u00fa aj nov\u00e9 spolo\u010densk\u00e9 ot\u00e1zky a v\u00fdzvy. P\u00fdtame sa, \u010do z toho, \u010do je technicky mo\u017en\u00e9, je aj dobr\u00e9? St\u00e1va sa, \u017ee nejak\u00fa technol\u00f3giu vypust\u00edme von a a\u017e potom objavujeme jej dopady na \u013eud\u00ed a spolo\u010dnos\u0165. Ale to m\u00f4\u017ee by\u0165 u\u017e pr\u00edli\u0161 neskoro. Podcast E-tika je p\u00e1smo rozhovorov o digit\u00e1lnych technol\u00f3gi\u00e1ch a ich spolo\u010denskom a etickom rozmere.<\/p>\n<\/div>\n\n<div id=\"\" class=\"element core-paragraph\">\n<p>Podcast E-tika pripravilo multimedi\u00e1lne centrum pre s\u00fa\u010dasn\u00fa kult\u00faru&nbsp;<a href=\"https:\/\/www.nastupiste.sk\/news\/\">N\u00e1stupi\u0161te 1-12<\/a>&nbsp;v spolupr\u00e1ci so Kempelenov\u00fdm in\u0161tit\u00fatom inteligentn\u00fdch technol\u00f3gi\u00ed. Projekt podporil z verejn\u00fdch zdrojov&nbsp;<a href=\"https:\/\/www.fpu.sk\/sk\/\">Fond na podporu umenia<\/a>.<\/p>\n<\/div>\n\n<div id=\"\" class=\"element core-heading\">\n<h3 class=\"wp-block-heading\">Predch\u00e1dzaj\u00face diely<\/h3>\n<\/div>\n\n<div id=\"\" class=\"element core-heading\">\n<h4 class=\"wp-block-heading\">T\u00e1to s\u00e9ria<\/h4>\n<\/div>\n\n<div id=\"\" class=\"element core-list\">\n<ul class=\"wp-block-list\"><li><strong>Diel 1:<\/strong>&nbsp;<a href=\"https:\/\/kinit.sk\/sk\/e-tika-podcast-s02e01-living-in-a-disinformation-bubbles-3\/\">\u017divot v dezinforma\u010dn\u00fdch bublin\u00e1ch<\/a><\/li><li><strong>Diel 2:&nbsp;<\/strong><a href=\"https:\/\/kinit.sk\/sk\/e-tika-podcast-co-robit-ked-ma-ai-predsudky\/\">\u010co robi\u0165, ke\u010f m\u00e1 AI predsudky<\/a><\/li><li><strong>Diel 3:<\/strong>&nbsp;<a href=\"https:\/\/kinit.sk\/sk\/e-tika-podcast-transhumanism\/\">Transhumanizmus<\/a><\/li><li><strong>Diel 4:<\/strong>&nbsp;<a href=\"https:\/\/kinit.sk\/sk\/e-tika-podcast-how-to-regulate-digital-technologies\/\">Ako regulova\u0165 digit\u00e1lne technol\u00f3gie<\/a><\/li><li><strong>Diel 5:<\/strong>&nbsp;<a href=\"https:\/\/kinit.sk\/sk\/o-datach-a-ludoch\/\">O d\u00e1tach a \u013eu\u010foch<\/a><\/li><li><strong>Diel 6:<\/strong> <a href=\"https:\/\/kinit.sk\/sk\/rodicovstvo-v-digitalnom-veku\/\">Rodi\u010dovstvo v digit\u00e1lnom veku<\/a><\/li><li><strong>Diel 7:<\/strong> <a href=\"https:\/\/kinit.sk\/sk\/e-tika-podcast-ne-eticka-biometria\/\">(Ne)etick\u00e1 biometria<\/a><\/li><\/ul>\n<\/div>\n\n<div id=\"\" class=\"element core-heading\">\n<h4 class=\"wp-block-heading\">Predch\u00e1dzaj\u00faca s\u00e9ria<\/h4>\n<\/div>\n\n<div id=\"\" class=\"element core-paragraph\">\n<p>Ak v\u00e1s t\u00e9ma zauj\u00edma, m\u00f4\u017eete si vypo\u010du\u0165 aj diely&nbsp;<a href=\"https:\/\/kinit.sk\/sk\/e-tika-podcast-s02e01-living-in-a-disinformation-bubbles-2\/\">predch\u00e1dzaj\u00facej s\u00e9rie<\/a>.<\/p>\n<\/div>","protected":false},"excerpt":{"rendered":"<p>V podcaste E-tika sme si dali za \u00falohu otvori\u0165 t\u00e9my spolo\u010densk\u00fdch dopadov digit\u00e1lnych technol\u00f3gi\u00ed. Po\u010das uplynul\u00fdch dvoch sez\u00f3n sme sa spolo\u010dne s na\u0161imi hos\u0165ami p\u00fdtali, kde vidia hranice toho, kam&#8230;<\/p>\n","protected":false},"author":26,"featured_media":6819,"comment_status":"closed","ping_status":"closed","sticky":false,"template":"","format":"standard","meta":{"_acf_changed":false,"footnotes":""},"categories":[82,96],"tags":[99,100],"class_list":["post-13492","post","type-post","status-publish","format-standard","has-post-thumbnail","hentry","category-2021-sk","category-podcasts-sk","tag-e-tika-sk","tag-podcast-sk"],"acf":[],"yoast_head":"<!-- This site is optimized with the Yoast SEO plugin v27.4 - https:\/\/yoast.com\/product\/yoast-seo-wordpress\/ -->\n<title>E-tika podcast: Dva roky s E-tikou - KInIT<\/title>\n<meta name=\"description\" content=\"Podcast E-tika otv\u00e1ral t\u00e9my spolo\u010densk\u00fdch dopadov digit\u00e1lnych technol\u00f3gi\u00ed. Vypo\u010dujte si, ako po dvoch rokoch reflektuj\u00fa na t\u00e9my moder\u00e1tori rel\u00e1cie.\" \/>\n<meta name=\"robots\" content=\"index, follow, max-snippet:-1, max-image-preview:large, max-video-preview:-1\" \/>\n<link rel=\"canonical\" href=\"https:\/\/kinit.sk\/sk\/dva-roky-s-etikou-vianocny-special\/\" \/>\n<meta property=\"og:locale\" content=\"sk_SK\" \/>\n<meta property=\"og:type\" content=\"article\" \/>\n<meta property=\"og:title\" content=\"E-tika podcast: Dva roky s E-tikou - KInIT\" \/>\n<meta property=\"og:description\" content=\"Podcast E-tika otv\u00e1ral t\u00e9my spolo\u010densk\u00fdch dopadov digit\u00e1lnych technol\u00f3gi\u00ed. Vypo\u010dujte si, ako po dvoch rokoch reflektuj\u00fa na t\u00e9my moder\u00e1tori rel\u00e1cie.\" \/>\n<meta property=\"og:url\" content=\"https:\/\/kinit.sk\/sk\/dva-roky-s-etikou-vianocny-special\/\" \/>\n<meta property=\"og:site_name\" content=\"KInIT\" \/>\n<meta property=\"article:published_time\" content=\"2021-12-26T09:03:00+00:00\" \/>\n<meta property=\"article:modified_time\" content=\"2022-01-10T09:18:36+00:00\" \/>\n<meta property=\"og:image\" content=\"https:\/\/kinit.sk\/wp-content\/uploads\/2021\/05\/Web-cover_320-x-200.png\" \/>\n\t<meta property=\"og:image:width\" content=\"301\" \/>\n\t<meta property=\"og:image:height\" content=\"201\" \/>\n\t<meta property=\"og:image:type\" content=\"image\/png\" \/>\n<meta name=\"author\" content=\"Marianna Palkova\" \/>\n<meta name=\"twitter:card\" content=\"summary_large_image\" \/>\n<meta name=\"twitter:creator\" content=\"@kinit\" \/>\n<meta name=\"twitter:site\" content=\"@kinit\" \/>\n<meta name=\"twitter:label1\" content=\"Autor\" \/>\n\t<meta name=\"twitter:data1\" content=\"Marianna Palkova\" \/>\n\t<meta name=\"twitter:label2\" content=\"Predpokladan\u00fd \u010das \u010d\u00edtania\" \/>\n\t<meta name=\"twitter:data2\" content=\"2 min\u00faty\" \/>\n<script type=\"application\/ld+json\" class=\"yoast-schema-graph\">{\"@context\":\"https:\\\/\\\/schema.org\",\"@graph\":[{\"@type\":\"Article\",\"@id\":\"https:\\\/\\\/kinit.sk\\\/sk\\\/dva-roky-s-etikou-vianocny-special\\\/#article\",\"isPartOf\":{\"@id\":\"https:\\\/\\\/kinit.sk\\\/sk\\\/dva-roky-s-etikou-vianocny-special\\\/\"},\"author\":{\"name\":\"Marianna Palkova\",\"@id\":\"https:\\\/\\\/kinit.sk\\\/#\\\/schema\\\/person\\\/8b175aaaf3267b5bbbbb97e4a6db8cea\"},\"headline\":\"E-tika podcast: Dva roky s E-tikou\",\"datePublished\":\"2021-12-26T09:03:00+00:00\",\"dateModified\":\"2022-01-10T09:18:36+00:00\",\"mainEntityOfPage\":{\"@id\":\"https:\\\/\\\/kinit.sk\\\/sk\\\/dva-roky-s-etikou-vianocny-special\\\/\"},\"wordCount\":494,\"image\":{\"@id\":\"https:\\\/\\\/kinit.sk\\\/sk\\\/dva-roky-s-etikou-vianocny-special\\\/#primaryimage\"},\"thumbnailUrl\":\"https:\\\/\\\/kinit.sk\\\/wp-content\\\/uploads\\\/2021\\\/05\\\/Web-cover_320-x-200.png\",\"keywords\":[\"E-tika\",\"Podcast\"],\"articleSection\":[\"2021\",\"Podcasts\"],\"inLanguage\":\"sk-SK\"},{\"@type\":\"WebPage\",\"@id\":\"https:\\\/\\\/kinit.sk\\\/sk\\\/dva-roky-s-etikou-vianocny-special\\\/\",\"url\":\"https:\\\/\\\/kinit.sk\\\/sk\\\/dva-roky-s-etikou-vianocny-special\\\/\",\"name\":\"E-tika podcast: Dva roky s E-tikou - KInIT\",\"isPartOf\":{\"@id\":\"https:\\\/\\\/kinit.sk\\\/#website\"},\"primaryImageOfPage\":{\"@id\":\"https:\\\/\\\/kinit.sk\\\/sk\\\/dva-roky-s-etikou-vianocny-special\\\/#primaryimage\"},\"image\":{\"@id\":\"https:\\\/\\\/kinit.sk\\\/sk\\\/dva-roky-s-etikou-vianocny-special\\\/#primaryimage\"},\"thumbnailUrl\":\"https:\\\/\\\/kinit.sk\\\/wp-content\\\/uploads\\\/2021\\\/05\\\/Web-cover_320-x-200.png\",\"datePublished\":\"2021-12-26T09:03:00+00:00\",\"dateModified\":\"2022-01-10T09:18:36+00:00\",\"author\":{\"@id\":\"https:\\\/\\\/kinit.sk\\\/#\\\/schema\\\/person\\\/8b175aaaf3267b5bbbbb97e4a6db8cea\"},\"description\":\"Podcast E-tika otv\u00e1ral t\u00e9my spolo\u010densk\u00fdch dopadov digit\u00e1lnych technol\u00f3gi\u00ed. Vypo\u010dujte si, ako po dvoch rokoch reflektuj\u00fa na t\u00e9my moder\u00e1tori rel\u00e1cie.\",\"breadcrumb\":{\"@id\":\"https:\\\/\\\/kinit.sk\\\/sk\\\/dva-roky-s-etikou-vianocny-special\\\/#breadcrumb\"},\"inLanguage\":\"sk-SK\",\"potentialAction\":[{\"@type\":\"ReadAction\",\"target\":[\"https:\\\/\\\/kinit.sk\\\/sk\\\/dva-roky-s-etikou-vianocny-special\\\/\"]}]},{\"@type\":\"ImageObject\",\"inLanguage\":\"sk-SK\",\"@id\":\"https:\\\/\\\/kinit.sk\\\/sk\\\/dva-roky-s-etikou-vianocny-special\\\/#primaryimage\",\"url\":\"https:\\\/\\\/kinit.sk\\\/wp-content\\\/uploads\\\/2021\\\/05\\\/Web-cover_320-x-200.png\",\"contentUrl\":\"https:\\\/\\\/kinit.sk\\\/wp-content\\\/uploads\\\/2021\\\/05\\\/Web-cover_320-x-200.png\",\"width\":301,\"height\":201,\"caption\":\"E-TIKA podcast\"},{\"@type\":\"BreadcrumbList\",\"@id\":\"https:\\\/\\\/kinit.sk\\\/sk\\\/dva-roky-s-etikou-vianocny-special\\\/#breadcrumb\",\"itemListElement\":[{\"@type\":\"ListItem\",\"position\":1,\"name\":\"Home\",\"item\":\"https:\\\/\\\/kinit.sk\\\/sk\\\/uvod\\\/\"},{\"@type\":\"ListItem\",\"position\":2,\"name\":\"2021\",\"item\":\"https:\\\/\\\/kinit.sk\\\/category\\\/2021\\\/\"},{\"@type\":\"ListItem\",\"position\":3,\"name\":\"E-tika podcast: Dva roky s E-tikou\"}]},{\"@type\":\"WebSite\",\"@id\":\"https:\\\/\\\/kinit.sk\\\/#website\",\"url\":\"https:\\\/\\\/kinit.sk\\\/\",\"name\":\"KInIT\",\"description\":\"Vyu\u017e\u00edvame v\u00fdskum pre \u013eud\u00ed a priemysel\",\"potentialAction\":[{\"@type\":\"SearchAction\",\"target\":{\"@type\":\"EntryPoint\",\"urlTemplate\":\"https:\\\/\\\/kinit.sk\\\/?s={search_term_string}\"},\"query-input\":{\"@type\":\"PropertyValueSpecification\",\"valueRequired\":true,\"valueName\":\"search_term_string\"}}],\"inLanguage\":\"sk-SK\"},{\"@type\":\"Person\",\"@id\":\"https:\\\/\\\/kinit.sk\\\/#\\\/schema\\\/person\\\/8b175aaaf3267b5bbbbb97e4a6db8cea\",\"name\":\"Marianna Palkova\"}]}<\/script>\n<!-- \/ Yoast SEO plugin. -->","yoast_head_json":{"title":"E-tika podcast: Dva roky s E-tikou - KInIT","description":"Podcast E-tika otv\u00e1ral t\u00e9my spolo\u010densk\u00fdch dopadov digit\u00e1lnych technol\u00f3gi\u00ed. Vypo\u010dujte si, ako po dvoch rokoch reflektuj\u00fa na t\u00e9my moder\u00e1tori rel\u00e1cie.","robots":{"index":"index","follow":"follow","max-snippet":"max-snippet:-1","max-image-preview":"max-image-preview:large","max-video-preview":"max-video-preview:-1"},"canonical":"https:\/\/kinit.sk\/sk\/dva-roky-s-etikou-vianocny-special\/","og_locale":"sk_SK","og_type":"article","og_title":"E-tika podcast: Dva roky s E-tikou - KInIT","og_description":"Podcast E-tika otv\u00e1ral t\u00e9my spolo\u010densk\u00fdch dopadov digit\u00e1lnych technol\u00f3gi\u00ed. Vypo\u010dujte si, ako po dvoch rokoch reflektuj\u00fa na t\u00e9my moder\u00e1tori rel\u00e1cie.","og_url":"https:\/\/kinit.sk\/sk\/dva-roky-s-etikou-vianocny-special\/","og_site_name":"KInIT","article_published_time":"2021-12-26T09:03:00+00:00","article_modified_time":"2022-01-10T09:18:36+00:00","og_image":[{"width":301,"height":201,"url":"https:\/\/kinit.sk\/wp-content\/uploads\/2021\/05\/Web-cover_320-x-200.png","type":"image\/png"}],"author":"Marianna Palkova","twitter_card":"summary_large_image","twitter_creator":"@kinit","twitter_site":"@kinit","twitter_misc":{"Autor":"Marianna Palkova","Predpokladan\u00fd \u010das \u010d\u00edtania":"2 min\u00faty"},"schema":{"@context":"https:\/\/schema.org","@graph":[{"@type":"Article","@id":"https:\/\/kinit.sk\/sk\/dva-roky-s-etikou-vianocny-special\/#article","isPartOf":{"@id":"https:\/\/kinit.sk\/sk\/dva-roky-s-etikou-vianocny-special\/"},"author":{"name":"Marianna Palkova","@id":"https:\/\/kinit.sk\/#\/schema\/person\/8b175aaaf3267b5bbbbb97e4a6db8cea"},"headline":"E-tika podcast: Dva roky s E-tikou","datePublished":"2021-12-26T09:03:00+00:00","dateModified":"2022-01-10T09:18:36+00:00","mainEntityOfPage":{"@id":"https:\/\/kinit.sk\/sk\/dva-roky-s-etikou-vianocny-special\/"},"wordCount":494,"image":{"@id":"https:\/\/kinit.sk\/sk\/dva-roky-s-etikou-vianocny-special\/#primaryimage"},"thumbnailUrl":"https:\/\/kinit.sk\/wp-content\/uploads\/2021\/05\/Web-cover_320-x-200.png","keywords":["E-tika","Podcast"],"articleSection":["2021","Podcasts"],"inLanguage":"sk-SK"},{"@type":"WebPage","@id":"https:\/\/kinit.sk\/sk\/dva-roky-s-etikou-vianocny-special\/","url":"https:\/\/kinit.sk\/sk\/dva-roky-s-etikou-vianocny-special\/","name":"E-tika podcast: Dva roky s E-tikou - KInIT","isPartOf":{"@id":"https:\/\/kinit.sk\/#website"},"primaryImageOfPage":{"@id":"https:\/\/kinit.sk\/sk\/dva-roky-s-etikou-vianocny-special\/#primaryimage"},"image":{"@id":"https:\/\/kinit.sk\/sk\/dva-roky-s-etikou-vianocny-special\/#primaryimage"},"thumbnailUrl":"https:\/\/kinit.sk\/wp-content\/uploads\/2021\/05\/Web-cover_320-x-200.png","datePublished":"2021-12-26T09:03:00+00:00","dateModified":"2022-01-10T09:18:36+00:00","author":{"@id":"https:\/\/kinit.sk\/#\/schema\/person\/8b175aaaf3267b5bbbbb97e4a6db8cea"},"description":"Podcast E-tika otv\u00e1ral t\u00e9my spolo\u010densk\u00fdch dopadov digit\u00e1lnych technol\u00f3gi\u00ed. Vypo\u010dujte si, ako po dvoch rokoch reflektuj\u00fa na t\u00e9my moder\u00e1tori rel\u00e1cie.","breadcrumb":{"@id":"https:\/\/kinit.sk\/sk\/dva-roky-s-etikou-vianocny-special\/#breadcrumb"},"inLanguage":"sk-SK","potentialAction":[{"@type":"ReadAction","target":["https:\/\/kinit.sk\/sk\/dva-roky-s-etikou-vianocny-special\/"]}]},{"@type":"ImageObject","inLanguage":"sk-SK","@id":"https:\/\/kinit.sk\/sk\/dva-roky-s-etikou-vianocny-special\/#primaryimage","url":"https:\/\/kinit.sk\/wp-content\/uploads\/2021\/05\/Web-cover_320-x-200.png","contentUrl":"https:\/\/kinit.sk\/wp-content\/uploads\/2021\/05\/Web-cover_320-x-200.png","width":301,"height":201,"caption":"E-TIKA podcast"},{"@type":"BreadcrumbList","@id":"https:\/\/kinit.sk\/sk\/dva-roky-s-etikou-vianocny-special\/#breadcrumb","itemListElement":[{"@type":"ListItem","position":1,"name":"Home","item":"https:\/\/kinit.sk\/sk\/uvod\/"},{"@type":"ListItem","position":2,"name":"2021","item":"https:\/\/kinit.sk\/category\/2021\/"},{"@type":"ListItem","position":3,"name":"E-tika podcast: Dva roky s E-tikou"}]},{"@type":"WebSite","@id":"https:\/\/kinit.sk\/#website","url":"https:\/\/kinit.sk\/","name":"KInIT","description":"Vyu\u017e\u00edvame v\u00fdskum pre \u013eud\u00ed a priemysel","potentialAction":[{"@type":"SearchAction","target":{"@type":"EntryPoint","urlTemplate":"https:\/\/kinit.sk\/?s={search_term_string}"},"query-input":{"@type":"PropertyValueSpecification","valueRequired":true,"valueName":"search_term_string"}}],"inLanguage":"sk-SK"},{"@type":"Person","@id":"https:\/\/kinit.sk\/#\/schema\/person\/8b175aaaf3267b5bbbbb97e4a6db8cea","name":"Marianna Palkova"}]}},"_links":{"self":[{"href":"https:\/\/kinit.sk\/sk\/wp-json\/wp\/v2\/posts\/13492","targetHints":{"allow":["GET"]}}],"collection":[{"href":"https:\/\/kinit.sk\/sk\/wp-json\/wp\/v2\/posts"}],"about":[{"href":"https:\/\/kinit.sk\/sk\/wp-json\/wp\/v2\/types\/post"}],"author":[{"embeddable":true,"href":"https:\/\/kinit.sk\/sk\/wp-json\/wp\/v2\/users\/26"}],"replies":[{"embeddable":true,"href":"https:\/\/kinit.sk\/sk\/wp-json\/wp\/v2\/comments?post=13492"}],"version-history":[{"count":5,"href":"https:\/\/kinit.sk\/sk\/wp-json\/wp\/v2\/posts\/13492\/revisions"}],"predecessor-version":[{"id":13511,"href":"https:\/\/kinit.sk\/sk\/wp-json\/wp\/v2\/posts\/13492\/revisions\/13511"}],"wp:featuredmedia":[{"embeddable":true,"href":"https:\/\/kinit.sk\/sk\/wp-json\/wp\/v2\/media\/6819"}],"wp:attachment":[{"href":"https:\/\/kinit.sk\/sk\/wp-json\/wp\/v2\/media?parent=13492"}],"wp:term":[{"taxonomy":"category","embeddable":true,"href":"https:\/\/kinit.sk\/sk\/wp-json\/wp\/v2\/categories?post=13492"},{"taxonomy":"post_tag","embeddable":true,"href":"https:\/\/kinit.sk\/sk\/wp-json\/wp\/v2\/tags?post=13492"}],"curies":[{"name":"wp","href":"https:\/\/api.w.org\/{rel}","templated":true}]}}