{"id":11844,"date":"2021-11-11T16:01:55","date_gmt":"2021-11-11T15:01:55","guid":{"rendered":"https:\/\/kinit.sk\/?p=11844"},"modified":"2022-06-02T07:29:28","modified_gmt":"2022-06-02T05:29:28","slug":"rodicovstvo-v-digitalnom-veku","status":"publish","type":"post","link":"https:\/\/kinit.sk\/sk\/rodicovstvo-v-digitalnom-veku\/","title":{"rendered":"Rodi\u010dovstvo v digit\u00e1lnom veku"},"content":{"rendered":"<div id=\"\" class=\"element core-heading\">\n<h3 class=\"has-large-font-size wp-block-heading\">V na\u0161om podcaste \u010dasto hovor\u00edme o tom, \u017ee digit\u00e1lne technol\u00f3gie prin\u00e1\u0161aj\u00fa so sebou mno\u017estvo pozit\u00edvnych zmien ale aj mnoh\u00e9 nezanedbate\u013en\u00e9 rizik\u00e1. <\/h3>\n<\/div>\n\n<div id=\"\" class=\"element core-paragraph\">\n<p>Napr\u00edklad v\u010faka syst\u00e9mom umelej inteligencie sme schopn\u00ed robi\u0165 r\u00fdchlej\u0161ie, presnej\u0161ie a kvalifikovanej\u0161ie rozhodnutia. Na druhej strane sa ich pri\u010dinen\u00edm daj\u00fa odhali\u0165 a zneu\u017ei\u0165 r\u00f4zne \u013eudsk\u00e9 zranite\u013enosti alebo oslabi\u0165 pr\u00e1ve na\u0161a schopnos\u0165 samostatne sa rozhodova\u0165. To plat\u00ed dvojn\u00e1sobne v pr\u00edpade zranite\u013en\u00fdch skup\u00edn, ak\u00fdmi s\u00fa napr\u00edklad deti a mlad\u00ed \u013eudia.&nbsp;<\/p>\n<\/div>\n\n<div id=\"\" class=\"element core-paragraph\">\n<p>V dne\u0161nom diely sa dozviete:<\/p>\n<\/div>\n\n<div id=\"\" class=\"element core-list\">\n<ul class=\"wp-block-list\"><li>kde v\u0161ade digit\u00e1lne technol\u00f3gie a umel\u00e1 inteligencia pom\u00e1haj\u00fa n\u00e1m a na\u0161im de\u0165om, ale aj to kde by sme ich pr\u00edtomnos\u0165 mali rad\u0161ej obmedzi\u0165,<\/li><li>\u010do robia online platformy spr\u00e1vne a kde sa vo\u010di mlad\u00fdm u\u017e\u00edvate\u013eom nespr\u00e1vaj\u00fa celkom korektne,<\/li><li>ak\u00fa miery zodpovednosti za bud\u00facnos\u0165 na\u0161ich det\u00ed nesieme na svojich pleciach a ak\u00e1 je \u00faloha rodi\u010da v digit\u00e1lnej dobe.<\/li><\/ul>\n<\/div>\n\n<div id=\"\" class=\"element core-paragraph\">\n<p>Na\u0161im hos\u0165om je Andrea Cox. Andrea je \u0161kolite\u013ekou t\u00e9m bezpe\u010dn\u00e9ho internetu pre r\u00f4zne v\u00fdznamn\u00e9 in\u0161tit\u00facie ako Ministerstvo vn\u00fatra SR, Iuventa &#8211; Slovensk\u00fd in\u0161tit\u00fat ml\u00e1de\u017ee alebo Google Slovensko. Vedie ob\u010dianske zdru\u017eenie Digit\u00e1lna inteligencia &#8211; digiQ,&nbsp; ktor\u00e9ho cie\u013eom je pouk\u00e1za\u0165 na to, \u017ee uvedomel\u00fdm a akt\u00edvnym pr\u00edstupom pri ich pou\u017e\u00edvan\u00ed m\u00f4\u017eu by\u0165 technol\u00f3gie a internet dobr\u00fdm n\u00e1strojom pre \u010dloveka. Je vy\u0161tudovanou pedagogi\u010dkou, no svoj kari\u00e9rny \u017eivot str\u00e1vila medzi \u0161t\u00e1tnou spr\u00e1vou a tret\u00edm sektorom budovan\u00edm administrat\u00edvnych \u0161trukt\u00far a silnej ob\u010dianskej spolo\u010dnosti. A okrem toho je matkou 14-ro\u010dnej dc\u00e9ry.<\/p>\n<\/div>\n\n<div id=\"\" class=\"element core-buttons\">\n<div class=\"wp-block-buttons is-layout-flex wp-block-buttons-is-layout-flex\"><div id=\"\" class=\"element core-button\">\n<div class=\"wp-block-button\"><a class=\"wp-block-button__link\" href=\"https:\/\/open.spotify.com\/episode\/20sUeSDIlfZSlGK927TXpH\" target=\"_blank\" rel=\"noreferrer noopener\">Spotify<\/a><\/div>\n<\/div>\n\n<div id=\"\" class=\"element core-button\">\n<div class=\"wp-block-button\"><a class=\"wp-block-button__link\" href=\"https:\/\/www.podbean.com\/media\/share\/pb-tgb2f-112afdb?utm_campaign=w_share_ep&amp;utm_medium=dlink&amp;utm_source=w_share\" target=\"_blank\" rel=\"noreferrer noopener\">Podbean<\/a><\/div>\n<\/div>\n\n<div id=\"\" class=\"element core-button\">\n<div class=\"wp-block-button\"><a class=\"wp-block-button__link\" href=\"https:\/\/podcasts.apple.com\/at\/podcast\/rodi\u010dovstvo-v-digit\u00e1lnej-dobe\/id1518791846?i=1000541476658\" target=\"_blank\" rel=\"noreferrer noopener\">iTunes<\/a><\/div>\n<\/div><\/div>\n<\/div>\n\n<div id=\"\" class=\"element core-paragraph\">\n<p>Zhrnutie epiz\u00f3dy v angli\u010dtine si m\u00f4\u017eete pre\u010d\u00edta\u0165 <a href=\"https:\/\/kinit.sk\/e-tika-podcast-episode6-parenthood-in-the-digital-age\/\">tu<\/a>.<\/p>\n<\/div>\n\n<div id=\"\" class=\"element core-heading\">\n<h3 class=\"wp-block-heading\">O podcaste E-tika<\/h3>\n<\/div>\n\n<div id=\"\" class=\"element core-paragraph\">\n<p>Digit\u00e1lne a informa\u010dn\u00e9 technol\u00f3gie n\u00e1m zlep\u0161uj\u00fa a zjednodu\u0161uj\u00fa \u017eivot. Ale vyvol\u00e1vaj\u00fa aj nov\u00e9 spolo\u010densk\u00e9 ot\u00e1zky a v\u00fdzvy. P\u00fdtame sa, \u010do z toho, \u010do je technicky mo\u017en\u00e9, je aj dobr\u00e9? St\u00e1va sa, \u017ee nejak\u00fa technol\u00f3giu vypust\u00edme von a a\u017e potom objavujeme jej dopady na \u013eud\u00ed a spolo\u010dnos\u0165. Ale to m\u00f4\u017ee by\u0165 u\u017e pr\u00edli\u0161 neskoro. Podcast E-tika je p\u00e1smo rozhovorov o digit\u00e1lnych technol\u00f3gi\u00e1ch a ich spolo\u010denskom a etickom rozmere.<\/p>\n<\/div>\n\n<div id=\"\" class=\"element core-paragraph\">\n<p>Podcast E-tika pripravilo multimedi\u00e1lne centrum pre s\u00fa\u010dasn\u00fa kult\u00faru&nbsp;<a href=\"https:\/\/www.nastupiste.sk\/news\/\">N\u00e1stupi\u0161te 1-12<\/a>&nbsp;v spolupr\u00e1ci so Kempelenov\u00fdm in\u0161tit\u00fatom inteligentn\u00fdch technol\u00f3gi\u00ed. Projekt podporil z verejn\u00fdch zdrojov&nbsp;<a href=\"https:\/\/www.fpu.sk\/sk\/\">Fond na podporu umenia<\/a>.<\/p>\n<\/div>\n\n<div id=\"\" class=\"element core-heading\">\n<h3 class=\"wp-block-heading\">Predch\u00e1dzaj\u00face diely<\/h3>\n<\/div>\n\n<div id=\"\" class=\"element core-heading\">\n<h4 class=\"wp-block-heading\">T\u00e1to s\u00e9ria<\/h4>\n<\/div>\n\n<div id=\"\" class=\"element core-list\">\n<ul class=\"wp-block-list\"><li><strong>Diel 1:<\/strong>&nbsp;<a href=\"https:\/\/kinit.sk\/sk\/e-tika-podcast-s02e01-living-in-a-disinformation-bubbles-3\/\">\u017divot v dezinforma\u010dn\u00fdch bublin\u00e1ch<\/a><\/li><li><strong>Diel 2:&nbsp;<\/strong><a href=\"https:\/\/kinit.sk\/sk\/e-tika-podcast-co-robit-ked-ma-ai-predsudky\/\">\u010co robi\u0165, ke\u010f m\u00e1 AI predsudky<\/a><\/li><li><strong>Diel 3:<\/strong>&nbsp;<a href=\"https:\/\/kinit.sk\/sk\/e-tika-podcast-transhumanism\/\">Transhumanizmus<\/a><\/li><li><strong>Diel 4:<\/strong>&nbsp;<a href=\"https:\/\/kinit.sk\/sk\/e-tika-podcast-how-to-regulate-digital-technologies\/\">Ako regulova\u0165 digit\u00e1lne technol\u00f3gie<\/a><\/li><li><strong>Diel 5:<\/strong> <a href=\"https:\/\/kinit.sk\/sk\/o-datach-a-ludoch\/\">O d\u00e1tach a \u013eu\u010foch<\/a><\/li><\/ul>\n<\/div>\n\n<div id=\"\" class=\"element core-heading\">\n<h4 class=\"wp-block-heading\">Predch\u00e1dzaj\u00faca s\u00e9ria<\/h4>\n<\/div>\n\n<div id=\"\" class=\"element core-paragraph\">\n<p>Ak v\u00e1s t\u00e9ma zauj\u00edma, m\u00f4\u017eete si vypo\u010du\u0165 aj diely&nbsp;<a href=\"https:\/\/kinit.sk\/sk\/e-tika-podcast-s02e01-living-in-a-disinformation-bubbles-2\/\">predch\u00e1dzaj\u00facej s\u00e9rie<\/a>.<\/p>\n<\/div>","protected":false},"excerpt":{"rendered":"<p>V na\u0161om podcaste \u010dasto hovor\u00edme o tom, \u017ee digit\u00e1lne technol\u00f3gie prin\u00e1\u0161aj\u00fa so sebou mno\u017estvo pozit\u00edvnych zmien ale aj mnoh\u00e9 nezanedbate\u013en\u00e9 rizik\u00e1. Napr\u00edklad v\u010faka syst\u00e9mom umelej inteligencie sme schopn\u00ed robi\u0165 r\u00fdchlej\u0161ie,&#8230;<\/p>\n","protected":false},"author":26,"featured_media":6820,"comment_status":"closed","ping_status":"closed","sticky":false,"template":"","format":"standard","meta":{"_acf_changed":false,"footnotes":""},"categories":[82,96],"tags":[99,100],"class_list":["post-11844","post","type-post","status-publish","format-standard","has-post-thumbnail","hentry","category-2021-sk","category-podcasts-sk","tag-e-tika-sk","tag-podcast-sk"],"acf":[],"yoast_head":"<!-- This site is optimized with the Yoast SEO plugin v27.4 - https:\/\/yoast.com\/product\/yoast-seo-wordpress\/ -->\n<title>Rodi\u010dovstvo v digit\u00e1lnom veku - KInIT<\/title>\n<meta name=\"description\" content=\"Rodi\u010dovstvo v digit\u00e1lnom veku prin\u00e1\u0161a nov\u00e9 v\u00fdzvy. Vypo\u010dujte si podcast a zistite, kde digit\u00e1lne technol\u00f3gie pom\u00e1haj\u00fa a kde by sme ich mali obmedzi\u0165.\" \/>\n<meta name=\"robots\" content=\"index, follow, max-snippet:-1, max-image-preview:large, max-video-preview:-1\" \/>\n<link rel=\"canonical\" href=\"https:\/\/kinit.sk\/sk\/rodicovstvo-v-digitalnom-veku\/\" \/>\n<meta property=\"og:locale\" content=\"sk_SK\" \/>\n<meta property=\"og:type\" content=\"article\" \/>\n<meta property=\"og:title\" content=\"Rodi\u010dovstvo v digit\u00e1lnom veku - KInIT\" \/>\n<meta property=\"og:description\" content=\"Rodi\u010dovstvo v digit\u00e1lnom veku prin\u00e1\u0161a nov\u00e9 v\u00fdzvy. Vypo\u010dujte si podcast a zistite, kde digit\u00e1lne technol\u00f3gie pom\u00e1haj\u00fa a kde by sme ich mali obmedzi\u0165.\" \/>\n<meta property=\"og:url\" content=\"https:\/\/kinit.sk\/sk\/rodicovstvo-v-digitalnom-veku\/\" \/>\n<meta property=\"og:site_name\" content=\"KInIT\" \/>\n<meta property=\"article:published_time\" content=\"2021-11-11T15:01:55+00:00\" \/>\n<meta property=\"article:modified_time\" content=\"2022-06-02T05:29:28+00:00\" \/>\n<meta property=\"og:image\" content=\"https:\/\/kinit.sk\/wp-content\/uploads\/2021\/05\/Web-cover_320-x-200.png\" \/>\n\t<meta property=\"og:image:width\" content=\"301\" \/>\n\t<meta property=\"og:image:height\" content=\"201\" \/>\n\t<meta property=\"og:image:type\" content=\"image\/png\" \/>\n<meta name=\"author\" content=\"Marianna Palkova\" \/>\n<meta name=\"twitter:card\" content=\"summary_large_image\" \/>\n<meta name=\"twitter:creator\" content=\"@kinit\" \/>\n<meta name=\"twitter:site\" content=\"@kinit\" \/>\n<meta name=\"twitter:label1\" content=\"Autor\" \/>\n\t<meta name=\"twitter:data1\" content=\"Marianna Palkova\" \/>\n\t<meta name=\"twitter:label2\" content=\"Predpokladan\u00fd \u010das \u010d\u00edtania\" \/>\n\t<meta name=\"twitter:data2\" content=\"2 min\u00faty\" \/>\n<script type=\"application\/ld+json\" class=\"yoast-schema-graph\">{\"@context\":\"https:\\\/\\\/schema.org\",\"@graph\":[{\"@type\":\"Article\",\"@id\":\"https:\\\/\\\/kinit.sk\\\/sk\\\/rodicovstvo-v-digitalnom-veku\\\/#article\",\"isPartOf\":{\"@id\":\"https:\\\/\\\/kinit.sk\\\/sk\\\/rodicovstvo-v-digitalnom-veku\\\/\"},\"author\":{\"name\":\"Marianna Palkova\",\"@id\":\"https:\\\/\\\/kinit.sk\\\/#\\\/schema\\\/person\\\/8b175aaaf3267b5bbbbb97e4a6db8cea\"},\"headline\":\"Rodi\u010dovstvo v digit\u00e1lnom veku\",\"datePublished\":\"2021-11-11T15:01:55+00:00\",\"dateModified\":\"2022-06-02T05:29:28+00:00\",\"mainEntityOfPage\":{\"@id\":\"https:\\\/\\\/kinit.sk\\\/sk\\\/rodicovstvo-v-digitalnom-veku\\\/\"},\"wordCount\":532,\"image\":{\"@id\":\"https:\\\/\\\/kinit.sk\\\/sk\\\/rodicovstvo-v-digitalnom-veku\\\/#primaryimage\"},\"thumbnailUrl\":\"https:\\\/\\\/kinit.sk\\\/wp-content\\\/uploads\\\/2021\\\/05\\\/Web-cover_320-x-200.png\",\"keywords\":[\"E-tika\",\"Podcast\"],\"articleSection\":[\"2021\",\"Podcasts\"],\"inLanguage\":\"sk-SK\"},{\"@type\":\"WebPage\",\"@id\":\"https:\\\/\\\/kinit.sk\\\/sk\\\/rodicovstvo-v-digitalnom-veku\\\/\",\"url\":\"https:\\\/\\\/kinit.sk\\\/sk\\\/rodicovstvo-v-digitalnom-veku\\\/\",\"name\":\"Rodi\u010dovstvo v digit\u00e1lnom veku - KInIT\",\"isPartOf\":{\"@id\":\"https:\\\/\\\/kinit.sk\\\/#website\"},\"primaryImageOfPage\":{\"@id\":\"https:\\\/\\\/kinit.sk\\\/sk\\\/rodicovstvo-v-digitalnom-veku\\\/#primaryimage\"},\"image\":{\"@id\":\"https:\\\/\\\/kinit.sk\\\/sk\\\/rodicovstvo-v-digitalnom-veku\\\/#primaryimage\"},\"thumbnailUrl\":\"https:\\\/\\\/kinit.sk\\\/wp-content\\\/uploads\\\/2021\\\/05\\\/Web-cover_320-x-200.png\",\"datePublished\":\"2021-11-11T15:01:55+00:00\",\"dateModified\":\"2022-06-02T05:29:28+00:00\",\"author\":{\"@id\":\"https:\\\/\\\/kinit.sk\\\/#\\\/schema\\\/person\\\/8b175aaaf3267b5bbbbb97e4a6db8cea\"},\"description\":\"Rodi\u010dovstvo v digit\u00e1lnom veku prin\u00e1\u0161a nov\u00e9 v\u00fdzvy. Vypo\u010dujte si podcast a zistite, kde digit\u00e1lne technol\u00f3gie pom\u00e1haj\u00fa a kde by sme ich mali obmedzi\u0165.\",\"breadcrumb\":{\"@id\":\"https:\\\/\\\/kinit.sk\\\/sk\\\/rodicovstvo-v-digitalnom-veku\\\/#breadcrumb\"},\"inLanguage\":\"sk-SK\",\"potentialAction\":[{\"@type\":\"ReadAction\",\"target\":[\"https:\\\/\\\/kinit.sk\\\/sk\\\/rodicovstvo-v-digitalnom-veku\\\/\"]}]},{\"@type\":\"ImageObject\",\"inLanguage\":\"sk-SK\",\"@id\":\"https:\\\/\\\/kinit.sk\\\/sk\\\/rodicovstvo-v-digitalnom-veku\\\/#primaryimage\",\"url\":\"https:\\\/\\\/kinit.sk\\\/wp-content\\\/uploads\\\/2021\\\/05\\\/Web-cover_320-x-200.png\",\"contentUrl\":\"https:\\\/\\\/kinit.sk\\\/wp-content\\\/uploads\\\/2021\\\/05\\\/Web-cover_320-x-200.png\",\"width\":301,\"height\":201,\"caption\":\"E-TIKA podcast\"},{\"@type\":\"BreadcrumbList\",\"@id\":\"https:\\\/\\\/kinit.sk\\\/sk\\\/rodicovstvo-v-digitalnom-veku\\\/#breadcrumb\",\"itemListElement\":[{\"@type\":\"ListItem\",\"position\":1,\"name\":\"Home\",\"item\":\"https:\\\/\\\/kinit.sk\\\/sk\\\/uvod\\\/\"},{\"@type\":\"ListItem\",\"position\":2,\"name\":\"2021\",\"item\":\"https:\\\/\\\/kinit.sk\\\/category\\\/2021\\\/\"},{\"@type\":\"ListItem\",\"position\":3,\"name\":\"Rodi\u010dovstvo v digit\u00e1lnom veku\"}]},{\"@type\":\"WebSite\",\"@id\":\"https:\\\/\\\/kinit.sk\\\/#website\",\"url\":\"https:\\\/\\\/kinit.sk\\\/\",\"name\":\"KInIT\",\"description\":\"Vyu\u017e\u00edvame v\u00fdskum pre \u013eud\u00ed a priemysel\",\"potentialAction\":[{\"@type\":\"SearchAction\",\"target\":{\"@type\":\"EntryPoint\",\"urlTemplate\":\"https:\\\/\\\/kinit.sk\\\/?s={search_term_string}\"},\"query-input\":{\"@type\":\"PropertyValueSpecification\",\"valueRequired\":true,\"valueName\":\"search_term_string\"}}],\"inLanguage\":\"sk-SK\"},{\"@type\":\"Person\",\"@id\":\"https:\\\/\\\/kinit.sk\\\/#\\\/schema\\\/person\\\/8b175aaaf3267b5bbbbb97e4a6db8cea\",\"name\":\"Marianna Palkova\"}]}<\/script>\n<!-- \/ Yoast SEO plugin. -->","yoast_head_json":{"title":"Rodi\u010dovstvo v digit\u00e1lnom veku - KInIT","description":"Rodi\u010dovstvo v digit\u00e1lnom veku prin\u00e1\u0161a nov\u00e9 v\u00fdzvy. Vypo\u010dujte si podcast a zistite, kde digit\u00e1lne technol\u00f3gie pom\u00e1haj\u00fa a kde by sme ich mali obmedzi\u0165.","robots":{"index":"index","follow":"follow","max-snippet":"max-snippet:-1","max-image-preview":"max-image-preview:large","max-video-preview":"max-video-preview:-1"},"canonical":"https:\/\/kinit.sk\/sk\/rodicovstvo-v-digitalnom-veku\/","og_locale":"sk_SK","og_type":"article","og_title":"Rodi\u010dovstvo v digit\u00e1lnom veku - KInIT","og_description":"Rodi\u010dovstvo v digit\u00e1lnom veku prin\u00e1\u0161a nov\u00e9 v\u00fdzvy. Vypo\u010dujte si podcast a zistite, kde digit\u00e1lne technol\u00f3gie pom\u00e1haj\u00fa a kde by sme ich mali obmedzi\u0165.","og_url":"https:\/\/kinit.sk\/sk\/rodicovstvo-v-digitalnom-veku\/","og_site_name":"KInIT","article_published_time":"2021-11-11T15:01:55+00:00","article_modified_time":"2022-06-02T05:29:28+00:00","og_image":[{"width":301,"height":201,"url":"https:\/\/kinit.sk\/wp-content\/uploads\/2021\/05\/Web-cover_320-x-200.png","type":"image\/png"}],"author":"Marianna Palkova","twitter_card":"summary_large_image","twitter_creator":"@kinit","twitter_site":"@kinit","twitter_misc":{"Autor":"Marianna Palkova","Predpokladan\u00fd \u010das \u010d\u00edtania":"2 min\u00faty"},"schema":{"@context":"https:\/\/schema.org","@graph":[{"@type":"Article","@id":"https:\/\/kinit.sk\/sk\/rodicovstvo-v-digitalnom-veku\/#article","isPartOf":{"@id":"https:\/\/kinit.sk\/sk\/rodicovstvo-v-digitalnom-veku\/"},"author":{"name":"Marianna Palkova","@id":"https:\/\/kinit.sk\/#\/schema\/person\/8b175aaaf3267b5bbbbb97e4a6db8cea"},"headline":"Rodi\u010dovstvo v digit\u00e1lnom veku","datePublished":"2021-11-11T15:01:55+00:00","dateModified":"2022-06-02T05:29:28+00:00","mainEntityOfPage":{"@id":"https:\/\/kinit.sk\/sk\/rodicovstvo-v-digitalnom-veku\/"},"wordCount":532,"image":{"@id":"https:\/\/kinit.sk\/sk\/rodicovstvo-v-digitalnom-veku\/#primaryimage"},"thumbnailUrl":"https:\/\/kinit.sk\/wp-content\/uploads\/2021\/05\/Web-cover_320-x-200.png","keywords":["E-tika","Podcast"],"articleSection":["2021","Podcasts"],"inLanguage":"sk-SK"},{"@type":"WebPage","@id":"https:\/\/kinit.sk\/sk\/rodicovstvo-v-digitalnom-veku\/","url":"https:\/\/kinit.sk\/sk\/rodicovstvo-v-digitalnom-veku\/","name":"Rodi\u010dovstvo v digit\u00e1lnom veku - KInIT","isPartOf":{"@id":"https:\/\/kinit.sk\/#website"},"primaryImageOfPage":{"@id":"https:\/\/kinit.sk\/sk\/rodicovstvo-v-digitalnom-veku\/#primaryimage"},"image":{"@id":"https:\/\/kinit.sk\/sk\/rodicovstvo-v-digitalnom-veku\/#primaryimage"},"thumbnailUrl":"https:\/\/kinit.sk\/wp-content\/uploads\/2021\/05\/Web-cover_320-x-200.png","datePublished":"2021-11-11T15:01:55+00:00","dateModified":"2022-06-02T05:29:28+00:00","author":{"@id":"https:\/\/kinit.sk\/#\/schema\/person\/8b175aaaf3267b5bbbbb97e4a6db8cea"},"description":"Rodi\u010dovstvo v digit\u00e1lnom veku prin\u00e1\u0161a nov\u00e9 v\u00fdzvy. Vypo\u010dujte si podcast a zistite, kde digit\u00e1lne technol\u00f3gie pom\u00e1haj\u00fa a kde by sme ich mali obmedzi\u0165.","breadcrumb":{"@id":"https:\/\/kinit.sk\/sk\/rodicovstvo-v-digitalnom-veku\/#breadcrumb"},"inLanguage":"sk-SK","potentialAction":[{"@type":"ReadAction","target":["https:\/\/kinit.sk\/sk\/rodicovstvo-v-digitalnom-veku\/"]}]},{"@type":"ImageObject","inLanguage":"sk-SK","@id":"https:\/\/kinit.sk\/sk\/rodicovstvo-v-digitalnom-veku\/#primaryimage","url":"https:\/\/kinit.sk\/wp-content\/uploads\/2021\/05\/Web-cover_320-x-200.png","contentUrl":"https:\/\/kinit.sk\/wp-content\/uploads\/2021\/05\/Web-cover_320-x-200.png","width":301,"height":201,"caption":"E-TIKA podcast"},{"@type":"BreadcrumbList","@id":"https:\/\/kinit.sk\/sk\/rodicovstvo-v-digitalnom-veku\/#breadcrumb","itemListElement":[{"@type":"ListItem","position":1,"name":"Home","item":"https:\/\/kinit.sk\/sk\/uvod\/"},{"@type":"ListItem","position":2,"name":"2021","item":"https:\/\/kinit.sk\/category\/2021\/"},{"@type":"ListItem","position":3,"name":"Rodi\u010dovstvo v digit\u00e1lnom veku"}]},{"@type":"WebSite","@id":"https:\/\/kinit.sk\/#website","url":"https:\/\/kinit.sk\/","name":"KInIT","description":"Vyu\u017e\u00edvame v\u00fdskum pre \u013eud\u00ed a priemysel","potentialAction":[{"@type":"SearchAction","target":{"@type":"EntryPoint","urlTemplate":"https:\/\/kinit.sk\/?s={search_term_string}"},"query-input":{"@type":"PropertyValueSpecification","valueRequired":true,"valueName":"search_term_string"}}],"inLanguage":"sk-SK"},{"@type":"Person","@id":"https:\/\/kinit.sk\/#\/schema\/person\/8b175aaaf3267b5bbbbb97e4a6db8cea","name":"Marianna Palkova"}]}},"_links":{"self":[{"href":"https:\/\/kinit.sk\/sk\/wp-json\/wp\/v2\/posts\/11844","targetHints":{"allow":["GET"]}}],"collection":[{"href":"https:\/\/kinit.sk\/sk\/wp-json\/wp\/v2\/posts"}],"about":[{"href":"https:\/\/kinit.sk\/sk\/wp-json\/wp\/v2\/types\/post"}],"author":[{"embeddable":true,"href":"https:\/\/kinit.sk\/sk\/wp-json\/wp\/v2\/users\/26"}],"replies":[{"embeddable":true,"href":"https:\/\/kinit.sk\/sk\/wp-json\/wp\/v2\/comments?post=11844"}],"version-history":[{"count":4,"href":"https:\/\/kinit.sk\/sk\/wp-json\/wp\/v2\/posts\/11844\/revisions"}],"predecessor-version":[{"id":17770,"href":"https:\/\/kinit.sk\/sk\/wp-json\/wp\/v2\/posts\/11844\/revisions\/17770"}],"wp:featuredmedia":[{"embeddable":true,"href":"https:\/\/kinit.sk\/sk\/wp-json\/wp\/v2\/media\/6820"}],"wp:attachment":[{"href":"https:\/\/kinit.sk\/sk\/wp-json\/wp\/v2\/media?parent=11844"}],"wp:term":[{"taxonomy":"category","embeddable":true,"href":"https:\/\/kinit.sk\/sk\/wp-json\/wp\/v2\/categories?post=11844"},{"taxonomy":"post_tag","embeddable":true,"href":"https:\/\/kinit.sk\/sk\/wp-json\/wp\/v2\/tags?post=11844"}],"curies":[{"name":"wp","href":"https:\/\/api.w.org\/{rel}","templated":true}]}}